{"id":35365,"date":"2021-12-24T13:11:25","date_gmt":"2021-12-24T13:11:25","guid":{"rendered":"https:\/\/www.ole.com.ar\/autos\/lewis-hamilton-retira-formula-1_0_9jubD9rcB.html"},"modified":"2021-12-24T13:11:25","modified_gmt":"2021-12-24T13:11:25","slug":"lewis-hamilton-se-retira-de-la-formula-1","status":"publish","type":"post","link":"http:\/\/cordobadirecto.com\/index.php\/2021\/12\/24\/lewis-hamilton-se-retira-de-la-formula-1\/","title":{"rendered":"\u00bfLewis Hamilton se retira de la F\u00f3rmula 1?"},"content":{"rendered":"<p>Tras la apasionante definici\u00f3n de la temporada en el circuito de Abu Dabi, cada vez son m\u00e1s fuertes los rumores del retiro de <a alt=\"lewis-hamilton\" class=\"slug\" href=\"https:\/\/www.ole.com.ar\/tema\/lewis-hamilton.html\" target=\"_blank\" title=\"lewis-hamilton\" rel=\"noopener\">Lewis Hamilton <\/a>de la <a alt=\"formula-1\" class=\"slug\" href=\"https:\/\/www.ole.com.ar\/tema\/formula-1.html\" target=\"_blank\" title=\"formula-1\" rel=\"noopener\">F\u00f3rmula 1<\/a>. En esta ocasi\u00f3n,&nbsp;<strong>fue el empresario Bernie Ecclestone quien puso en duda la continuidad del piloto heptacampe\u00f3n en las pistas para el pr\u00f3ximo a\u00f1o.<\/strong><\/p>\n<div class=\"sp__Normal\">\n<div class=\"image-embeb image-trigger\" readability=\"6\">\n<picture><source media=\"(min-width: 720px)\" srcset=\"http:\/\/cordobadirecto.com\/wp-content\/uploads\/2021\/12\/lewis-hamilton-se-retira-de-la-formula-1.jpg\"><img itemprop=\"image\" src=\"http:\/\/cordobadirecto.com\/wp-content\/uploads\/2021\/12\/lewis-hamilton-se-retira-de-la-formula-1.jpg\" loading=\"lazy\" alt=\"Bernie Ecclestone en el Formula One Grand Prix of Russia. EFE\/EPA\/SRDJAN SUKI\">\n<\/picture><figcaption readability=\"2\">\n<p>Bernie Ecclestone en el Formula One Grand Prix of Russia. EFE\/EPA\/SRDJAN SUKI\n<\/p>\n<\/figcaption><\/div>\n<\/div>\n<div class=\"sp__SM\">\n<div class=\"content-new \">\n<span class=\"tit-mobile\">Mir\u00e1 tambi\u00e9n<\/span><\/p>\n<div class=\"mg\">\n<div class=\"wrap-figure\">\n<picture>\n<a href=\"https:\/\/www.ole.com.ar\/fuera-de-juego\/hamilton-vendio-pagani-zonda-_0_HatObcqN_.html\" target=\"_self\" rel=\"noopener\"><br \/>\n<img class=\"img-responsive\" alt=\"Hamilton vendi\u00f3 el Pagani que le hab\u00edan hecho especialmente: &quot;Terrible de manejar&quot;\" src=\"http:\/\/cordobadirecto.com\/wp-content\/uploads\/2021\/12\/lewis-hamilton-se-retira-de-la-formula-1-1.jpg\" loading=\"lazy\"><br \/>\n<\/a>\n<\/picture>\n<\/div>\n<\/div><\/div>\n<\/div>\n<p>&#8220;Hace un par de d\u00edas habl\u00e9 con su padre (Anthony Hamilton) y me di cuenta de inmediato que no quer\u00eda hablar del futuro de su hijo, as\u00ed que solamente hablamos de negocios&#8230; <strong>Yo creo que se retira, que no correr\u00e1 el a\u00f1o que viene. Su decepci\u00f3n en Abu Dabi fue demasiado grande, y le entiendo<\/strong>&#8220;, revel\u00f3 Ecclestone&nbsp;en una entrevista en el diario suizo Blick.<\/p>\n<div class=\"sp__SM\">\n<div class=\"content-new \">\n<span class=\"tit-mobile\">Mir\u00e1 tambi\u00e9n<\/span><\/p>\n<div class=\"mg\">\n<div class=\"wrap-figure\">\n<picture>\n<a href=\"https:\/\/www.ole.com.ar\/autos\/stc2000-calendario_0_neDjgVh6v.html\" target=\"_self\" rel=\"noopener\"><br \/>\n<img class=\"img-responsive\" alt=\"\u00a1Calendario a la vista!\" src=\"http:\/\/cordobadirecto.com\/wp-content\/uploads\/2021\/12\/lewis-hamilton-se-retira-de-la-formula-1-2.jpg\" loading=\"lazy\"><br \/>\n<\/a>\n<\/picture>\n<\/div>\n<\/div><\/div>\n<\/div>\n<p>&#8220;Ahora, estando empatado a siete t\u00edtulos con Michael Schumacher, <strong>es el momento perfecto para que cumpla su sue\u00f1o y se convierta un emprendedor en la moda<\/strong>&#8220;, se\u00f1al\u00f3 el empresario brit\u00e1nico de 91 a\u00f1os, quien asegur\u00f3 que es un presentimiento personal y puede estar equivocado.<\/p>\n<div class=\"sp__Normal\">\n<div class=\"image-embeb image-trigger\" readability=\"6\">\n<picture><source media=\"(min-width: 720px)\" srcset=\"http:\/\/cordobadirecto.com\/wp-content\/uploads\/2021\/12\/lewis-hamilton-se-retira-de-la-formula-1-3.jpg\"><img itemprop=\"image\" src=\"http:\/\/cordobadirecto.com\/wp-content\/uploads\/2021\/12\/lewis-hamilton-se-retira-de-la-formula-1-3.jpg\" loading=\"lazy\" alt=\"Hamilton en la final de Abu Dabi. REUTERS\/Kamran Jebreili\/File Photo\">\n<\/picture><figcaption readability=\"2\">\n<p>Hamilton en la final de Abu Dabi. REUTERS\/Kamran Jebreili\/File Photo\n<\/p>\n<\/figcaption><\/div>\n<\/div>\n<div class=\"sp__SM\">\n<div class=\"content-new \">\n<span class=\"tit-mobile\">Mir\u00e1 tambi\u00e9n<\/span><\/p>\n<div class=\"mg\">\n<div class=\"wrap-figure\">\n<picture>\n<a href=\"https:\/\/www.ole.com.ar\/autos\/ardusso-continuidad_0_P3tWwqv5u.html\" target=\"_self\" rel=\"noopener\"><br \/>\n<img class=\"img-responsive\" alt=\"Ardusso: &quot;Estoy feliz de seguir en Honda&quot;\" src=\"http:\/\/cordobadirecto.com\/wp-content\/uploads\/2021\/12\/lewis-hamilton-se-retira-de-la-formula-1-4.jpg\" loading=\"lazy\"><br \/>\n<\/a>\n<\/picture>\n<\/div>\n<\/div><\/div>\n<\/div>\n<p>Sobre la definici\u00f3n&nbsp;del t\u00edtulo de la F1 (con el reclamo de Mercedes) en donde&nbsp;perdi\u00f3 ante<a alt=\"max-verstappen\" class=\"slug\" href=\"https:\/\/www.ole.com.ar\/tema\/max-verstappen.html\" target=\"_blank\" title=\"max-verstappen\" rel=\"noopener\"> Max Verstappen<\/a>&nbsp;de la escuder\u00eda Red Bull, Ecclestone opin\u00f3: &#8220;El director de carrera, <strong>Masi, deber\u00eda haberse ahorrado algunos problemas y deber\u00eda haber sacado la bandera roja inmediatamente tras el accidente.<\/strong> Y hubi\u00e9ramos tenido un s\u00faper final a tres vueltas. Las cosas fueron muy mal&#8221;.<\/p>\n<div class=\"sp__SM\">\n<div class=\"content-new \">\n<span class=\"tit-mobile\">Mir\u00e1 tambi\u00e9n<\/span><\/p>\n<div class=\"mg\">\n<div class=\"wrap-figure\">\n<picture>\n<a href=\"https:\/\/www.ole.com.ar\/autos\/pernia-2022-stc2000_0_SZNdMWXR9.html\" target=\"_self\" rel=\"noopener\"><br \/>\n<img class=\"img-responsive\" alt=\"&quot;Esta nueva etapa significa un desaf\u00edo grande&quot;\" src=\"http:\/\/cordobadirecto.com\/wp-content\/uploads\/2021\/12\/lewis-hamilton-se-retira-de-la-formula-1-5.jpg\" loading=\"lazy\"><br \/>\n<\/a>\n<\/picture>\n<\/div>\n<\/div><\/div>\n<\/div>\n<p>El siete veces campe\u00f3n tiene contrato con Mercedes por dos a\u00f1os m\u00e1s&nbsp;y, debido a su desaparici\u00f3n tanto en los medios como en sus redes sociales personales, los rumores de su retiro fueron incrementando a tal punto que <strong>empezaron a surgir varios nombres que podr\u00edan reemplazarlo en caso de que tomara&nbsp;la decisi\u00f3n de no seguir corriendo.<\/strong><\/p>\n<div class=\"sp__SM\">\n<div class=\"content-new \">\n<span class=\"tit-mobile\">Mir\u00e1 tambi\u00e9n<\/span><\/p>\n<div class=\"mg\">\n<div class=\"wrap-figure\">\n<picture>\n<a href=\"https:\/\/www.ole.com.ar\/autos\/arranque-confirmado_0_FkZH7rlsF.html\" target=\"_self\" rel=\"noopener\"><br \/>\n<img class=\"img-responsive\" alt=\"El arranque ya est\u00e1 definido\" src=\"http:\/\/cordobadirecto.com\/wp-content\/uploads\/2021\/12\/lewis-hamilton-se-retira-de-la-formula-1-6.jpg\" loading=\"lazy\"><br \/>\n<\/a>\n<\/picture>\n<\/div>\n<\/div><\/div>\n<\/div>\n<p>En los \u00faltimos d\u00edas evit\u00f3 las declaraciones incluso en la rueda de prensa tras la carrera por F\u00f3rmula 1. <strong>Tampoco asisti\u00f3 a la Gala de entrega de premios de la FIA a pesar de que podr\u00eda tener sanciones<\/strong>, incluso el mi\u00e9rcoles fue nombrado por el Pr\u00edncipe Carlos como Sir y tambi\u00e9n mantuvo el domo del silencio.<\/p>\n<div class=\"sp__SM\">\n<div class=\"content-new \">\n<span class=\"tit-mobile\">Mir\u00e1 tambi\u00e9n<\/span><\/p>\n<div class=\"mg\">\n<div class=\"wrap-figure\">\n<picture>\n<a href=\"https:\/\/www.ole.com.ar\/autos\/piloto-caro-2021_0_fz0lFw9cu.html\" target=\"_self\" rel=\"noopener\"><br \/>\n<img class=\"img-responsive\" alt=\"\u00a1Dolor al bolsillo!\" src=\"http:\/\/cordobadirecto.com\/wp-content\/uploads\/2021\/12\/lewis-hamilton-se-retira-de-la-formula-1-7.jpg\" loading=\"lazy\"><br \/>\n<\/a>\n<\/picture>\n<\/div>\n<\/div><\/div>\n<\/div>\n<h2><strong>Las palabras de Wolf que comenzaron con el rumor del retiro<\/strong><\/h2>\n<p>&nbsp;Hubo una frase que lanz\u00f3 Toto Wolff, Director ejecutivo de Mercedes-Benz en F\u00f3rmula 1, que profundiz\u00f3 esta idea. &#8220;<strong>Me gustar\u00eda mucho que Lewis siguiera corriendo, porque es el mejor de todos los tiempos.<\/strong> Como piloto, su coraz\u00f3n le dir\u00e1 que tiene que seguir porque est\u00e1 en el mejor momento de su carrera&#8221;, asegur\u00f3 el jefe del equipo.<\/p>\n<div class=\"sp__SM\">\n<div class=\"content-new \">\n<span class=\"tit-mobile\">Mir\u00e1 tambi\u00e9n<\/span><\/p>\n<div class=\"mg\">\n<div class=\"wrap-figure\">\n<picture>\n<a href=\"https:\/\/www.ole.com.ar\/autos\/fotos-azar-campeon_0_2lyZlD9mS.html\" target=\"_self\" rel=\"noopener\"><br \/>\n<img class=\"img-responsive\" alt=\"Galer\u00eda: las fotos de Azar campe\u00f3n\" src=\"http:\/\/cordobadirecto.com\/wp-content\/uploads\/2021\/12\/lewis-hamilton-se-retira-de-la-formula-1-8.jpg\" loading=\"lazy\"><br \/>\n<\/a>\n<\/picture>\n<\/div>\n<\/div><\/div>\n<\/div>\n<p> Es que en las \u00faltimas semanas, Wolff sostuvo la acusaci\u00f3n de Hamilton y ante la pregunta del periodista de si &#8220;hab\u00edan experimentado la mayor injusticia en la historia del deporte el domingo\u201d, Toto fue al frente y compar\u00f3 este suceso con el gol de Diego a los ingleses:<strong> &#8220;Definitivamente est\u00e1 a la par con la mano de Dios de Maradona o el gol de Wembley de 1966&#8221;.<\/strong><\/p>\n<div class=\"sp__SM\">\n<div class=\"content-new \">\n<span class=\"tit-mobile\">Mir\u00e1 tambi\u00e9n<\/span><\/p>\n<div class=\"mg\">\n<div class=\"wrap-figure\">\n<picture>\n<a href=\"https:\/\/www.ole.com.ar\/fuera-de-juego\/alesi-broma-detenido-f1_0_XzU7J_oVo.html\" target=\"_self\" rel=\"noopener\"><br \/>\n<img class=\"img-responsive\" alt=\"Ex piloto de F1 detenido por arrojarle un petardo a un edificio\" src=\"http:\/\/cordobadirecto.com\/wp-content\/uploads\/2021\/12\/lewis-hamilton-se-retira-de-la-formula-1-9.jpg\" loading=\"lazy\"><br \/>\n<\/a>\n<\/picture>\n<\/div>\n<\/div><\/div>\n<\/div>\n<h2><strong>\u00bfC\u00f3mo fue la final?\u200b<\/strong><\/h2>\n<p>\u200bHamilton y Mercedes se mostraron&nbsp;en desacuerdo con el desarrollo de la final en Abu Dabi, donde manifestaron&nbsp;que hubo una cierta manipulaci\u00f3n a la hora de resolver la carrera (<a data-cke-saved-href=\"https:\/\/www.ole.com.ar\/autos\/mercedes-apelacion-verstappen-campeon_0__v2B1V2_U.html\" target=\"_blank\" href=\"https:\/\/www.ole.com.ar\/autos\/mercedes-apelacion-verstappen-campeon_0__v2B1V2_U.html\" rel=\"noopener\"><strong>presentaron una queja y luego la retiraron<\/strong><\/a>). Lo que sucedi\u00f3 fue que en el giro 54 Latifi se peg\u00f3 fuerte y entr\u00f3 el Safety Car. Hubo tres vueltas atr\u00e1s de dicho auto, en donde Verstappen aprovech\u00f3 a cambiar neum\u00e1ticos.<strong> Entre Max y Hamilton quedaron cinco autos- Norris, Alonso, Ocon, Leclerc y Vettel-, que en un principio iban a ser un problema para el neerland\u00e9s<\/strong>, pero la organizaci\u00f3n decidi\u00f3 dejarlos pasar. Para Mercedes, esos autos deb\u00edan mantener sus posiciones pero Michael Masi, el director de la carrera, si bien primero tom\u00f3 esa decisi\u00f3n, luego la modific\u00f3 y permiti\u00f3 que Verstappen pueda sobrepasarlos para quedar justo detr\u00e1s de la cola del auto de Hamilton, que ven\u00eda con gomas gastadas<\/p>\n<div class=\"sp__Normal\">\n<div class=\"image-embeb image-trigger\" readability=\"6\">\n<picture><source media=\"(min-width: 720px)\" srcset=\"http:\/\/cordobadirecto.com\/wp-content\/uploads\/2021\/12\/lewis-hamilton-se-retira-de-la-formula-1-10.jpg\"><img itemprop=\"image\" src=\"http:\/\/cordobadirecto.com\/wp-content\/uploads\/2021\/12\/lewis-hamilton-se-retira-de-la-formula-1-10.jpg\" loading=\"lazy\" alt=\"Hamilton y Verstappen tras la final de Abu Dabi. REUTERS\/Hamad I Mohammed\/File Photo\">\n<\/picture><figcaption readability=\"2\">\n<p>Hamilton y Verstappen tras la final de Abu Dabi. REUTERS\/Hamad I Mohammed\/File Photo\n<\/p>\n<\/figcaption><\/div>\n<\/div>\n<div class=\"sp__SM\">\n<div class=\"content-new \">\n<span class=\"tit-mobile\">Mir\u00e1 tambi\u00e9n<\/span><\/p>\n<div class=\"mg\">\n<div class=\"wrap-figure\">\n<picture>\n<a href=\"https:\/\/www.ole.com.ar\/autos\/rossi-hablo-definicion_0_RCKUHh6UF.html\" target=\"_self\" rel=\"noopener\"><br \/>\n<img class=\"img-responsive\" alt=\"Rossi: &quot;Hamilton es el mejor&quot;\" src=\"http:\/\/cordobadirecto.com\/wp-content\/uploads\/2021\/12\/lewis-hamilton-se-retira-de-la-formula-1-11.jpg\" loading=\"lazy\"><br \/>\n<\/a>\n<\/picture>\n<\/div>\n<\/div><\/div>\n<\/div>\n<p>De esa forma, le allan\u00f3 el camino el neerland\u00e9s, que <strong>con gomas blandas (se adhieren mejor al asfalto y son m\u00e1s r\u00e1pidas) super\u00f3 en la \u00faltima vuelta a Hamilton, gan\u00f3 la carrera y el t\u00edtulo<\/strong>, lo que signific\u00f3&nbsp;para Hamilton una especie de ayuda para que el de Red Bull se llevara&nbsp;la corona.<\/p>\n<div class=\"sp__SM\">\n<div class=\"content-new \">\n<span class=\"tit-mobile\">Mir\u00e1 tambi\u00e9n<\/span><\/p>\n<div class=\"mg\">\n<div class=\"wrap-figure\">\n<picture>\n<a href=\"https:\/\/www.ole.com.ar\/autos\/nuevo-auto-formula-1-2022_0_LitVvE0zI.html\" target=\"_self\" rel=\"noopener\"><br \/>\n<img class=\"img-responsive\" alt=\"As\u00ed ser\u00e1 la F\u00f3rmula 1 del 2022\" src=\"http:\/\/cordobadirecto.com\/wp-content\/uploads\/2021\/12\/lewis-hamilton-se-retira-de-la-formula-1-12.jpg\" loading=\"lazy\"><br \/>\n<\/a>\n<\/picture>\n<\/div>\n<\/div><\/div>\n<\/div>\n<div class=\"entry-tags\">\n<h2>TEMAS QUE APARECEN EN ESTA NOTA<\/h2>\n<\/p><\/div>\n","protected":false},"excerpt":{"rendered":"<p>Tras la apasionante definici\u00f3n de la temporada en el circuito de Abu Dabi, cada vez son m\u00e1s fuertes los rumores del retiro de Lewis Hamilton de la F\u00f3rmula 1. En esta ocasi\u00f3n,&nbsp;fue el empresario Bernie Ecclestone quien puso en duda la continuidad del piloto heptacampe\u00f3n en las pistas para el pr\u00f3ximo a\u00f1o. Bernie Ecclestone en [&hellip;]<\/p>\n","protected":false},"author":1,"featured_media":35366,"comment_status":"closed","ping_status":"closed","sticky":false,"template":"","format":"standard","meta":[],"categories":[21],"tags":[],"_links":{"self":[{"href":"http:\/\/cordobadirecto.com\/index.php\/wp-json\/wp\/v2\/posts\/35365"}],"collection":[{"href":"http:\/\/cordobadirecto.com\/index.php\/wp-json\/wp\/v2\/posts"}],"about":[{"href":"http:\/\/cordobadirecto.com\/index.php\/wp-json\/wp\/v2\/types\/post"}],"author":[{"embeddable":true,"href":"http:\/\/cordobadirecto.com\/index.php\/wp-json\/wp\/v2\/users\/1"}],"replies":[{"embeddable":true,"href":"http:\/\/cordobadirecto.com\/index.php\/wp-json\/wp\/v2\/comments?post=35365"}],"version-history":[{"count":0,"href":"http:\/\/cordobadirecto.com\/index.php\/wp-json\/wp\/v2\/posts\/35365\/revisions"}],"wp:featuredmedia":[{"embeddable":true,"href":"http:\/\/cordobadirecto.com\/index.php\/wp-json\/wp\/v2\/media\/35366"}],"wp:attachment":[{"href":"http:\/\/cordobadirecto.com\/index.php\/wp-json\/wp\/v2\/media?parent=35365"}],"wp:term":[{"taxonomy":"category","embeddable":true,"href":"http:\/\/cordobadirecto.com\/index.php\/wp-json\/wp\/v2\/categories?post=35365"},{"taxonomy":"post_tag","embeddable":true,"href":"http:\/\/cordobadirecto.com\/index.php\/wp-json\/wp\/v2\/tags?post=35365"}],"curies":[{"name":"wp","href":"https:\/\/api.w.org\/{rel}","templated":true}]}}