{"id":35387,"date":"2021-12-25T22:26:43","date_gmt":"2021-12-25T22:26:43","guid":{"rendered":"https:\/\/puntoapunto.com.ar\/?p=320311"},"modified":"2021-12-25T22:26:43","modified_gmt":"2021-12-25T22:26:43","slug":"provincia-apuesta-a-la-promocion-industrial-a-traves-de-los-clusteres-productivos","status":"publish","type":"post","link":"http:\/\/cordobadirecto.com\/index.php\/2021\/12\/25\/provincia-apuesta-a-la-promocion-industrial-a-traves-de-los-clusteres-productivos\/","title":{"rendered":"Provincia apuesta a la promoci\u00f3n industrial a trav\u00e9s de los cl\u00fasteres productivos"},"content":{"rendered":"<div class=\"g g-146\">\n<div class=\"g-single a-378\"><a class=\"gofollow\" data-track=\"Mzc4LDE0NiwxLDYw\" href=\"https:\/\/www.grupocanter.com.ar\/notas\/de-hito-en-hito-2021\/?utm_source=Punto%20a%20Punto&amp;utm_medium=Banner&amp;utm_campaign=Departamentos&amp;utm_term=Banner%20Newsletters\/\" target=\"_blank\" rel=\"noopener\"><img src=\"http:\/\/cordobadirecto.com\/wp-content\/uploads\/2021\/12\/provincia-apuesta-a-la-promocion-industrial-a-traves-de-los-clusteres-productivos.gif\"><\/a><\/div>\n<\/div>\n<p>Con amplio consenso de la Unicameral, se aprob\u00f3 <strong>la creaci\u00f3n del Programa de Promoci\u00f3n Industrial y Desarrollo de Cl\u00fasteres Productivos.<\/strong><\/p>\n<p>La iniciativa tiene como eje la creaci\u00f3n de la&nbsp;<strong>Matriz Productiva C\u00f3rdoba 2030<\/strong>, previendo&nbsp;<strong>asistencia t\u00e9cnica y aportes&nbsp;<\/strong>que impulsan el&nbsp;<strong>establecimiento y la consolidaci\u00f3n de cl\u00fasteres industriales en toda la geograf\u00eda provincial<\/strong>.<\/p>\n<p>Entre sus objetivos se cuenta el logro del ordenamiento territorial, as\u00ed como la&nbsp;<strong>creaci\u00f3n de parques industriales&nbsp;<\/strong>y de una&nbsp;<strong>red de municipios enfocados en la industria<\/strong>, a la vez que impulsa la idea de que cada localidad de C\u00f3rdoba cuente con un \u00e1rea productiva.<\/p>\n<p>El&nbsp;<strong>Programa de Promoci\u00f3n Industrial y Desarrollo de Cl\u00fasteres Productivos&nbsp;<\/strong>exime a las actividades productivas incluidas del pago de los Impuestos de Ingresos Brutos, Sellos e Inmobiliario por&nbsp;<strong>10 a\u00f1os<\/strong>.<\/p>\n<p>La exenci\u00f3n aumenta a&nbsp;<strong>15 a\u00f1os&nbsp;<\/strong>si la empresa se instala en un parque industrial, o en zonas desfavorecidas. Asimismo,&nbsp;<strong>subsidia por cinco a\u00f1os a cada nuevo trabajador que se contrate por jornada completa y tiempo indeterminado<\/strong>, a la vez que prev\u00e9 asistencia t\u00e9cnica especial para ayudar a los cl\u00fasteres a&nbsp;<strong>detectar oportunidades<\/strong>, a&nbsp;<strong>mejorar log\u00edstica<\/strong>, a&nbsp;<strong>achicar estructuras de costos&nbsp;<\/strong>e impulsar la&nbsp;<strong>gesti\u00f3n e innovaci\u00f3n<\/strong>.<\/p>\n<p>En lo referido a la energ\u00eda, impulsa<strong> subsidiar por cinco a\u00f1os los consumos el\u00e9ctricos incrementales&nbsp;<\/strong>\u2013con excepci\u00f3n de las empresas electrointensivas\u2013, en un porcentaje equivalente a 25 por ciento para los dos primeros a\u00f1os, a 15 por ciento para el tercer y para el cuarto a\u00f1o y a 10 por ciento para el quinto a\u00f1o.<\/p>\n<p>Tambi\u00e9n contempla&nbsp;<strong>aspectos relacionados con la econom\u00eda circular y la sustentabilidad ambiental<\/strong>, incluyendo en los beneficios de la promoci\u00f3n a la&nbsp;<strong>industria del reciclado<\/strong>, mientras que otorga<strong>&nbsp;beneficios para emprendimientos con tecnolog\u00edas de industria 4.0<\/strong>,&nbsp;<strong>inversi\u00f3n en activos fijos y buenas pr\u00e1cticas industriales<\/strong>.<\/p>\n<p>El debate que concluy\u00f3 en esta aprobaci\u00f3n cont\u00f3 con la presencia en el recinto del ministro de Industria, Comercio y Miner\u00eda de la Provincia,&nbsp;<strong>Eduardo Acastello<\/strong>; del secretario de Industria,&nbsp;<strong>Fernando Sibilla&nbsp;<\/strong>y la secretaria de Parque Industriales,&nbsp;<strong>Alejandra Barbero<\/strong>. Cabe destacar que el proyecto de ley fue avalado tambi\u00e9n por los sectores industriales de C\u00f3rdoba, que tomaron parte en su elaboraci\u00f3n.<\/p>\n","protected":false},"excerpt":{"rendered":"<p>Con amplio consenso de la Unicameral, se aprob\u00f3 la creaci\u00f3n del Programa de Promoci\u00f3n Industrial y Desarrollo de Cl\u00fasteres Productivos. La iniciativa tiene como eje la creaci\u00f3n de la&nbsp;Matriz Productiva C\u00f3rdoba 2030, previendo&nbsp;asistencia t\u00e9cnica y aportes&nbsp;que impulsan el&nbsp;establecimiento y la consolidaci\u00f3n de cl\u00fasteres industriales en toda la geograf\u00eda provincial. Entre sus objetivos se cuenta el [&hellip;]<\/p>\n","protected":false},"author":1,"featured_media":35388,"comment_status":"closed","ping_status":"closed","sticky":false,"template":"","format":"standard","meta":[],"categories":[25],"tags":[],"_links":{"self":[{"href":"http:\/\/cordobadirecto.com\/index.php\/wp-json\/wp\/v2\/posts\/35387"}],"collection":[{"href":"http:\/\/cordobadirecto.com\/index.php\/wp-json\/wp\/v2\/posts"}],"about":[{"href":"http:\/\/cordobadirecto.com\/index.php\/wp-json\/wp\/v2\/types\/post"}],"author":[{"embeddable":true,"href":"http:\/\/cordobadirecto.com\/index.php\/wp-json\/wp\/v2\/users\/1"}],"replies":[{"embeddable":true,"href":"http:\/\/cordobadirecto.com\/index.php\/wp-json\/wp\/v2\/comments?post=35387"}],"version-history":[{"count":0,"href":"http:\/\/cordobadirecto.com\/index.php\/wp-json\/wp\/v2\/posts\/35387\/revisions"}],"wp:featuredmedia":[{"embeddable":true,"href":"http:\/\/cordobadirecto.com\/index.php\/wp-json\/wp\/v2\/media\/35388"}],"wp:attachment":[{"href":"http:\/\/cordobadirecto.com\/index.php\/wp-json\/wp\/v2\/media?parent=35387"}],"wp:term":[{"taxonomy":"category","embeddable":true,"href":"http:\/\/cordobadirecto.com\/index.php\/wp-json\/wp\/v2\/categories?post=35387"},{"taxonomy":"post_tag","embeddable":true,"href":"http:\/\/cordobadirecto.com\/index.php\/wp-json\/wp\/v2\/tags?post=35387"}],"curies":[{"name":"wp","href":"https:\/\/api.w.org\/{rel}","templated":true}]}}