{"id":354,"date":"2021-01-29T13:00:00","date_gmt":"2021-01-29T13:00:00","guid":{"rendered":"http:\/\/cordobadirecto.com\/index.php\/2021\/01\/29\/la-agencia-europea-de-medicamentos-decide-si-autoriza-la-vacuna-de-astrazeneca\/"},"modified":"2021-01-29T13:00:00","modified_gmt":"2021-01-29T13:00:00","slug":"la-agencia-europea-de-medicamentos-decide-si-autoriza-la-vacuna-de-astrazeneca","status":"publish","type":"post","link":"http:\/\/cordobadirecto.com\/index.php\/2021\/01\/29\/la-agencia-europea-de-medicamentos-decide-si-autoriza-la-vacuna-de-astrazeneca\/","title":{"rendered":"La Agencia Europea de Medicamentos decide si autoriza la vacuna de AstraZeneca"},"content":{"rendered":"<div class=\"image\" id=\"image\"> <img src=\"http:\/\/cordobadirecto.com\/wp-content\/uploads\/2021\/01\/la-agencia-europea-de-medicamentos-decide-si-autoriza-la-vacuna-de-astrazeneca.jpg\" alt=\"Vacuna de AstraZeneca\" title=\"Vacuna de AstraZeneca\"><\/p>\n<p>Vacuna de AstraZeneca<\/p>\n<\/div>\n<p>La Agencia Europea de Medicamentos (EMA) decidir\u00e1 si autoriza la vacuna de AstraZeneca, mientras crece la preocupaci\u00f3n en todo el mundo por la lentitud en la vacunaci\u00f3n y la eficacia de los f\u00e1rmacos frente a las nuevas variantes del coronavirus.<\/p>\n<p>La decisi\u00f3n de la EMA, \u00f3rgano regulador europeo con sede en \u00c1msterdam, coincide con la tensi\u00f3n entre la Uni\u00f3n Europea (UE) y el laboratorio brit\u00e1nico AstraZeneca por el retraso en la entrega de las vacunas preacordadas y un debate sobre su eficacia.<\/p>\n<p>El visto bueno europeo concernir\u00e1 a los 27 pa\u00edses de la UE y a Noruega, Islandia y Liechtenstein. La EMA ya autoriz\u00f3 las vacunas de Pfizer\/BioNTech y Moderna.<\/p>\n<p>El ministro de Salud alem\u00e1n, Jens Spahn, dijo esperar una aprobaci\u00f3n &#8220;limitada&#8221; del f\u00e1rmaco de AstraZeneca, un d\u00eda despu\u00e9s de que el \u00f3rgano regulador de su pa\u00eds recomendara no administrar la vacuna del laboratorio brit\u00e1nico a mayores de 65 a\u00f1os.<\/p>\n<blockquote readability=\"6\">\n<p>La UE exige que el laboratorio cumpla con sus compromisos suministrando dosis producidas en sus f\u00e1bricas en el Reino Unido<span class=\"comilla\">\u201d<\/span><\/p>\n<\/blockquote>\n<p>Esta decisi\u00f3n desat\u00f3 una nueva pol\u00e9mica en Europa con AstraZeneca, que defendi\u00f3, al igual que el primer ministro brit\u00e1nico, Boris Johnson, la eficacia de su f\u00e1rmaco, desarrollado junto a la Universidad de Oxford.<\/p>\n<p>En agosto de 2020, la UE firm\u00f3 con AstraZeneca un contrato de compra anticipada de hasta 400 millones de dosis, aunque la firma anunci\u00f3 d\u00edas atr\u00e1s que habr\u00e1 importantes demoras en las entregas por problemas en una planta situada en territorio del bloque.<\/p>\n<p>Desde entonces, el laboratorio sueco-brit\u00e1nico, que dijo que s\u00f3lo podr\u00eda suministrar una cuarta parte de las dosis que hab\u00eda prometido para el primer trimestre de 2021, es blanco de la indignaci\u00f3n de los dirigentes europeos.<\/p>\n<p>La UE exige que el laboratorio cumpla con sus compromisos suministrando dosis producidas en sus f\u00e1bricas en el Reino Unido.<\/p>\n<blockquote readability=\"8\">\n<p>En agosto de 2020, la UE firm\u00f3 con AstraZeneca un contrato de compra anticipada de hasta 400 millones de dosis, aunque la firma anunci\u00f3 d\u00edas atr\u00e1s que habr\u00e1 importantes demoras<span class=\"comilla\">\u201d<\/span><\/p>\n<\/blockquote>\n<p>Pero Londres insiste en que su pa\u00eds debe recibir primero todas las vacunas que orden\u00f3. En ese caso, las cuentas no cierran y est\u00e1 claro que no hay suficientes dosis para todos.<\/p>\n<p>Aumentando la presi\u00f3n, la Comisi\u00f3n Europea public\u00f3 el contrato con AstraZeneca, pero la versi\u00f3n oculta cuestiones esenciales del mismo como el precio pagado o el calendario trimestral de entregas, inform\u00f3 la agencia de noticias DPA.<\/p>\n<p>El Ejecutivo de la UE hab\u00eda solicitado formalmente a la empresa su luz verde a la publicaci\u00f3n del acuerdo.<\/p>\n<p>&#8220;Celebramos el compromiso de la compa\u00f1\u00eda hacia una mayor transparencia&#8221;, dijo en rueda de prensa el portavoz de la Comisi\u00f3n Europea, Eric Mamer.<\/p>\n<p>Preguntado por las cuestiones ocultadas, Mamer dijo que Bruselas est\u00e1 &#8220;a favor del m\u00e1ximo de transparencia&#8221; en el contrato y de s\u00f3lo eliminar cuestiones por razones de seguridad.<\/p>\n<p>Sin embargo, ha a\u00f1adido que es &#8220;leg\u00edtimo&#8221; que la empresa exija ocultar determinada cuestiones comerciales por &#8220;secreto profesional&#8221;. <\/p>\n","protected":false},"excerpt":{"rendered":"<p>Vacuna de AstraZeneca La Agencia Europea de Medicamentos (EMA) decidir\u00e1 si autoriza la vacuna de AstraZeneca, mientras crece la preocupaci\u00f3n en todo el mundo por la lentitud en la vacunaci\u00f3n y la eficacia de los f\u00e1rmacos frente a las nuevas variantes del coronavirus. La decisi\u00f3n de la EMA, \u00f3rgano regulador europeo con sede en \u00c1msterdam, [&hellip;]<\/p>\n","protected":false},"author":1,"featured_media":355,"comment_status":"closed","ping_status":"closed","sticky":false,"template":"","format":"standard","meta":[],"categories":[24],"tags":[],"_links":{"self":[{"href":"http:\/\/cordobadirecto.com\/index.php\/wp-json\/wp\/v2\/posts\/354"}],"collection":[{"href":"http:\/\/cordobadirecto.com\/index.php\/wp-json\/wp\/v2\/posts"}],"about":[{"href":"http:\/\/cordobadirecto.com\/index.php\/wp-json\/wp\/v2\/types\/post"}],"author":[{"embeddable":true,"href":"http:\/\/cordobadirecto.com\/index.php\/wp-json\/wp\/v2\/users\/1"}],"replies":[{"embeddable":true,"href":"http:\/\/cordobadirecto.com\/index.php\/wp-json\/wp\/v2\/comments?post=354"}],"version-history":[{"count":0,"href":"http:\/\/cordobadirecto.com\/index.php\/wp-json\/wp\/v2\/posts\/354\/revisions"}],"wp:featuredmedia":[{"embeddable":true,"href":"http:\/\/cordobadirecto.com\/index.php\/wp-json\/wp\/v2\/media\/355"}],"wp:attachment":[{"href":"http:\/\/cordobadirecto.com\/index.php\/wp-json\/wp\/v2\/media?parent=354"}],"wp:term":[{"taxonomy":"category","embeddable":true,"href":"http:\/\/cordobadirecto.com\/index.php\/wp-json\/wp\/v2\/categories?post=354"},{"taxonomy":"post_tag","embeddable":true,"href":"http:\/\/cordobadirecto.com\/index.php\/wp-json\/wp\/v2\/tags?post=354"}],"curies":[{"name":"wp","href":"https:\/\/api.w.org\/{rel}","templated":true}]}}