{"id":35515,"date":"2021-12-26T11:47:09","date_gmt":"2021-12-26T11:47:09","guid":{"rendered":"http:\/\/cordobadirecto.com\/index.php\/2021\/12\/26\/con-un-programa-audiovisual-ponen-en-valor-el-aporte-de-santa-fe-al-chamame\/"},"modified":"2021-12-26T11:47:09","modified_gmt":"2021-12-26T11:47:09","slug":"con-un-programa-audiovisual-ponen-en-valor-el-aporte-de-santa-fe-al-chamame","status":"publish","type":"post","link":"http:\/\/cordobadirecto.com\/index.php\/2021\/12\/26\/con-un-programa-audiovisual-ponen-en-valor-el-aporte-de-santa-fe-al-chamame\/","title":{"rendered":"Con un programa audiovisual, ponen en valor el aporte de Santa Fe al chamam\u00e9"},"content":{"rendered":"<figure class=\"mb-3\"><img loading=\"lazy\" src=\"http:\/\/cordobadirecto.com\/wp-content\/uploads\/2021\/12\/con-un-programa-audiovisual-ponen-en-valor-el-aporte-de-santa-fe-al-chamame.jpg\" width=\"100%\" height=\"100%\" alt=\"La primera produccin del proyecto cuenta con la curadora musical del reconocido acordeonista y compositor misionero Chango Spasiuk Foto Sebastin Granata\"><figcaption> La primera producci\u00f3n del proyecto cuenta con la curador\u00eda musical del reconocido acordeonista y compositor misionero Chango Spasiuk. Foto: Sebasti\u00e1n Granata <\/figcaption><\/figure>\n<p>&#8220;Chamam\u00e9 en Santa Fe&#8221; es un in\u00e9dito programa audiovisual y multimedia lanzado por el Ministerio de Cultura provincial que explora las caracter\u00edsticas de esa corriente musical en la provincia y pone en valor su patrimonio musical, cultural e identitario.<\/p>\n<p>La primera producci\u00f3n audiovisual del proyecto, que cuenta con la curador\u00eda musical del reconocido acordeonista y compositor misionero Chango Spasiuk, consta, adem\u00e1s, de una decena de cap\u00edtulos de la serie &#8220;Antolog\u00eda&#8221;.<\/p>\n<p>&#8220;Son breves piezas audiovisuales, a manera de videoclips, que exploran los paisajes y las historias que narran las canciones&#8221;, cont\u00f3 a T\u00e9lam el ministro de Cultura de Santa Fe, Jorge Llonch.<\/p>\n<p>El funcionario sostuvo que la propuesta apunta &#8220;b\u00e1sicamente a rescatar el chamam\u00e9 de la provincia de Santa Fe, porque vemos que pasan los a\u00f1os y d\u00e9cadas y tenemos que fortalecerlo como hacen Corrientes u otras provincias&#8221;.<\/p>\n<figure class=\"mb-3\"><img loading=\"lazy\" src=\"http:\/\/cordobadirecto.com\/wp-content\/uploads\/2021\/12\/con-un-programa-audiovisual-ponen-en-valor-el-aporte-de-santa-fe-al-chamame-1.jpg\" width=\"100%\" height=\"100%\" alt=\"Ministro de Cultura de Santa Fe Jorge Llonch Foto Sebastin Granata\"><figcaption> Ministro de Cultura de Santa Fe, Jorge Llonch. Foto: Sebasti\u00e1n Granata <\/figcaption><\/figure>\n<p>Para el ministro Llonch &#8220;desde hace muchos a\u00f1os Santa Fe viene haciendo un aporte fundamental al chamam\u00e9 como lo demuestra el hecho de que en los 70 fue cuna de grandes artistas del g\u00e9nero. Y ahora lo que queremos es volver a tener la frescura y protagonismo que tuvo y tiene nuestra provincia en esta corriente musical&#8221;.<\/p>\n<p>Para lograr ese cometido, Llonch convoc\u00f3 a Spasiuk &#8220;para armar un trabajo de registro, un mapa sobre el chamam\u00e9 y fomentarlo en toda la provincia&#8221; en un trabajo que incluy\u00f3 a la periodista e investigadora local Ver\u00f3nica Solina.<\/p>\n<p>El &#8220;Chango&#8221; resalt\u00f3 en di\u00e1logo con T\u00e9lam que Santa Fe &#8220;es parte del universo chamam\u00e9 aunque a veces no se alcanza a visualizar todo lo que ha generado&#8221; en la materia.<\/p>\n<figure class=\"mb-3\"><img loading=\"lazy\" src=\"http:\/\/cordobadirecto.com\/wp-content\/uploads\/2021\/12\/con-un-programa-audiovisual-ponen-en-valor-el-aporte-de-santa-fe-al-chamame-2.jpg\" width=\"100%\" height=\"100%\" alt=\"Foto Sebastin Granata\"><figcaption> Foto: Sebasti\u00e1n Granata <\/figcaption><\/figure>\n<p>En ese sentido, el artista misionero a\u00f1adi\u00f3 que &#8220;Chamam\u00e9 en Santa Fe&#8221; &#8220;es importante para los mismos santafesinos, para toda una generaci\u00f3n de j\u00f3venes, porque ofrece una mirada m\u00e1s completa para que puedan decir &#8216;soy de una provincia que ha dado todo esto al chamam\u00e9 y no lo sab\u00eda'&#8221;.<\/p>\n<p>&#8220;De ese modo \u2013abund\u00f3 Spasiuk- los j\u00f3venes adquieren una dimensi\u00f3n total de la cantidad de poes\u00eda, m\u00fasica y discos realizados en la provincia para que sepan que est\u00e1n parados sobre ese gran legado cultural&#8221;.<\/p>\n<blockquote class><p>&#8220;Creo que el &#8216;Proyecto Chamam\u00e9&#8217; une todas las piezas para que se pueda visualizar todo el aporte, resignificarlo, ponerlo en valor y celebrarlo&#8221;<cite class=\"author\">Chango Spasiuk<\/cite><\/p><\/blockquote>\n<p>El acordeonista cit\u00f3 como referencias chamameceras provinciales a Monchito Merlo, el conjunto Ivot\u00ed y Los Trovadores y subray\u00f3 el aporte hecho por Ariel Ram\u00edrez &#8220;que tambi\u00e9n compuso chamam\u00e9 como &#8216;Santafesino de veras&#8217;, &#8216;Agua y sol del Paran\u00e1&#8217; y lo que incluy\u00f3 en la &#8216;Misa Criolla'&#8221;.<\/p>\n<p>Con el mismo entusiasmo, resalt\u00f3 la presencia actual y vigente de &#8220;un autor de la talla de Jorge Fandermole y el impacto que ha tenido &#8216;Oraci\u00f3n del Remanso&#8217;, una de las obras m\u00e1s reinterpretadas dentro de la m\u00fasica popular argentina, que es un chamam\u00e9&#8221;.<\/p>\n<p>&#8220;Creo que el &#8216;Proyecto Chamam\u00e9&#8217; une todas esas piezas para que se pueda visualizar todo este aporte, resignificarlo, ponerlo en valor y celebrarlo&#8221;, resumi\u00f3 Chango.<\/p>\n<blockquote class><p>&#8220;Lo que queremos es volver a tener la frescura y protagonismo que tuvo y tiene nuestra provincia en esta corriente musical&#8221;<cite class=\"author\">Jorge Llonch, ministro de Cultura de Santa Fe<\/cite><\/p><\/blockquote>\n<p>Por su parte, la periodista y responsable de la coordinaci\u00f3n del proyecto, Ver\u00f3nica Solina, indic\u00f3 a T\u00e9lam que la propuesta cultural apunta a que el pueblo santafesino &#8220;tome real dimensi\u00f3n del aporte que hace Santa Fe al chamam\u00e9&#8221;.<\/p>\n<p>&#8220;La idea es concentrar a todos esos m\u00fasicos, int\u00e9rpretes y poetas, pero en forma paralela, ir construyendo un mapa cultural que recorra el territorio provincial, de norte a sur, de este a oeste, a trav\u00e9s de las canciones del chamam\u00e9&#8221;, detall\u00f3.<\/p>\n<p>Solina inform\u00f3, adem\u00e1s, que &#8220;el a\u00f1o que viene estar\u00e1 disponible el sitio web &#8216;Chamam\u00e9 en Santa Fe&#8217; que reunir\u00e1 todo el material e incorporar\u00e1 otras nuevas series que vayamos produciendo porque ya estamos trabajando en la segunda etapa del proyecto&#8221;.<\/p>\n<p>&#8220;Ya tenemos una producci\u00f3n hecha de 20 grupos o solistas del chamam\u00e9 santafesino \u2013se\u00f1al\u00f3 la coordinadora del proyecto- que har\u00e1n un repertorio de tres temas cada uno, intercalados con testimonios registrados en sus lugares de origen&#8221;.<\/p>\n<blockquote class><p>&#8220;La idea es concentrar a todos esos m\u00fasicos, int\u00e9rpretes y poetas, pero en forma paralela, ir construyendo un mapa cultural que recorra el territorio provincial, de norte a sur, de este a oeste, a trav\u00e9s de las canciones del chamam\u00e9&#8221;<cite class=\"author\">Ver\u00f3nica Solina, periodista y responsable de la coordinaci\u00f3n del proyecto<\/cite><\/p><\/blockquote>\n<p>La provincia de Santa Fe forma parte de una gran regi\u00f3n chamamecera, &#8220;y si bien no se puede hablar de un \u00b4chamam\u00e9 santafesino\u00b4 s\u00ed tiene sus particularidades, sus colores&#8221;, revel\u00f3.<\/p>\n<figure class=\"mb-3\"><img loading=\"lazy\" src=\"http:\/\/cordobadirecto.com\/wp-content\/uploads\/2021\/12\/con-un-programa-audiovisual-ponen-en-valor-el-aporte-de-santa-fe-al-chamame-3.jpg\" width=\"100%\" height=\"100%\" alt=\"Foto Sebastin Granata\"><figcaption> Foto: Sebasti\u00e1n Granata <\/figcaption><\/figure>\n<p>Capaz de detallar algunas de esas particularidades, Solina puntualiz\u00f3 que &#8220;en el norte hay lugares como Villa Guillermina, con un arraigo muy fuerte con el chamam\u00e9. Y Rosario ha sido la ciudad que tuvo en su momento la mayor cantidad de bailantas que exist\u00edan en el pa\u00eds y actualmente cuenta con barrios donde funcionan much\u00edsimas de radios chamameceras&#8221;.<\/p>\n<p>&#8220;El chamam\u00e9 es uno solo, es un gran movimiento musical, una gran expresi\u00f3n sonora de una tierra, no es algo peque\u00f1o y por algo se habla de una naci\u00f3n chamamecera&#8221;, ponder\u00f3.<\/p>\n<p>Al respecto sostuvo que ese territorio sonoro &#8220;arranca posiblemente con fuerza en Corrientes y hace que se extienda al resto del pa\u00eds, tambi\u00e9n al sur de Brasil, a Paraguay, Uruguay, y hasta llega con mucha fuerza al conurbano bonaerense&#8221;.<\/p>\n<div class=\"jumbotron pt-4 mt-3\" readability=\"45\">\n<h3 class=\"module-title\">La fuerza del chamam\u00e9 en Villa Guillermina, un pueblo con pasado forestal duro y tr\u00e1gico<\/h3>\n<p>&#8220;A Villa Guillermina&#8221; es una de las diez piezas audiovisuales del programa &#8220;Chamam\u00e9 en Santa Fe&#8221; que re\u00fane la historia de ese lugar del norte provincial con pasado forestal duro y tr\u00e1gico y las huellas del g\u00e9nero musical surgido all\u00ed.<\/p>\n<p>Villa Guillermina, fue uno de los pueblos quebracheros fundado en 1904 por la empresa de capitales ingleses conocida como La Forestal, s\u00edmbolo de la explotaci\u00f3n laboral y degradaci\u00f3n ambiental.<\/p>\n<p>Para sintetizar la ligaz\u00f3n entre la localidad y el chamam\u00e9, Ver\u00f3nica Solina, coordinadora del proyecto &#8220;Chamam\u00e9 en Santa Fe&#8221;, inform\u00f3 que se eligi\u00f3 la canci\u00f3n &#8220;A Villa Guillermina&#8221; (de Ricardo Ram\u00f3n Visconti Vallejo y Gregorio Molina) &#8220;en la interpretaci\u00f3n del conjunto Los Trovadores, que tiene una introducci\u00f3n del escritor y periodista, Rafael Ielpi&#8221;.<\/p>\n<p>La periodista e investigadora coment\u00f3 a T\u00e9lam que en ese cap\u00edtulo que integra la primera serie audiovisual &#8220;Antolog\u00eda&#8221;, las im\u00e1genes &#8220;muestran las huellas del pasado forestal duro y tr\u00e1gico de Villa Guillermina, pero tambi\u00e9n, c\u00f3mo el amor hacia el chamam\u00e9 es renovado por las generaciones m\u00e1s j\u00f3venes&#8221;.<\/p>\n<p>Solina revel\u00f3 que en un sector ubicado a la vera del arroyo Los Aromos, &#8220;se re\u00fanen los hombres mayores que son m\u00fasicos, mientras las ni\u00f1as y ni\u00f1os bailan el chamam\u00e9. Eso qued\u00f3 registrado en im\u00e1genes y todo es de una belleza incre\u00edble&#8221;.<\/p>\n<p>&#8220;Es como si el dolor de ese tr\u00e1gico pasado forestal que tuvo el norte de Santa Fe, se da la mano y auspicia lo que existe y lo que viene, que es un futuro donde los chicos y chicas renuevan el lazo con el chamam\u00e9&#8221;, reflexion\u00f3.<\/p>\n<\/p><\/div>\n","protected":false},"excerpt":{"rendered":"<p>La primera producci\u00f3n del proyecto cuenta con la curador\u00eda musical del reconocido acordeonista y compositor misionero Chango Spasiuk. Foto: Sebasti\u00e1n Granata &#8220;Chamam\u00e9 en Santa Fe&#8221; es un in\u00e9dito programa audiovisual y multimedia lanzado por el Ministerio de Cultura provincial que explora las caracter\u00edsticas de esa corriente musical en la provincia y pone en valor su [&hellip;]<\/p>\n","protected":false},"author":1,"featured_media":35516,"comment_status":"closed","ping_status":"closed","sticky":false,"template":"","format":"standard","meta":[],"categories":[20],"tags":[],"_links":{"self":[{"href":"http:\/\/cordobadirecto.com\/index.php\/wp-json\/wp\/v2\/posts\/35515"}],"collection":[{"href":"http:\/\/cordobadirecto.com\/index.php\/wp-json\/wp\/v2\/posts"}],"about":[{"href":"http:\/\/cordobadirecto.com\/index.php\/wp-json\/wp\/v2\/types\/post"}],"author":[{"embeddable":true,"href":"http:\/\/cordobadirecto.com\/index.php\/wp-json\/wp\/v2\/users\/1"}],"replies":[{"embeddable":true,"href":"http:\/\/cordobadirecto.com\/index.php\/wp-json\/wp\/v2\/comments?post=35515"}],"version-history":[{"count":0,"href":"http:\/\/cordobadirecto.com\/index.php\/wp-json\/wp\/v2\/posts\/35515\/revisions"}],"wp:featuredmedia":[{"embeddable":true,"href":"http:\/\/cordobadirecto.com\/index.php\/wp-json\/wp\/v2\/media\/35516"}],"wp:attachment":[{"href":"http:\/\/cordobadirecto.com\/index.php\/wp-json\/wp\/v2\/media?parent=35515"}],"wp:term":[{"taxonomy":"category","embeddable":true,"href":"http:\/\/cordobadirecto.com\/index.php\/wp-json\/wp\/v2\/categories?post=35515"},{"taxonomy":"post_tag","embeddable":true,"href":"http:\/\/cordobadirecto.com\/index.php\/wp-json\/wp\/v2\/tags?post=35515"}],"curies":[{"name":"wp","href":"https:\/\/api.w.org\/{rel}","templated":true}]}}