{"id":35847,"date":"2021-12-28T11:56:42","date_gmt":"2021-12-28T11:56:42","guid":{"rendered":"http:\/\/cordobadirecto.com\/index.php\/2021\/12\/28\/la-lpf-se-reunira-en-medio-de-las-tensiones-por-el-pedido-de-remocion-de-tinelli\/"},"modified":"2021-12-28T11:56:42","modified_gmt":"2021-12-28T11:56:42","slug":"la-lpf-se-reunira-en-medio-de-las-tensiones-por-el-pedido-de-remocion-de-tinelli","status":"publish","type":"post","link":"http:\/\/cordobadirecto.com\/index.php\/2021\/12\/28\/la-lpf-se-reunira-en-medio-de-las-tensiones-por-el-pedido-de-remocion-de-tinelli\/","title":{"rendered":"La LPF se reunir\u00e1 en medio de las tensiones por el pedido de remoci\u00f3n de Tinelli"},"content":{"rendered":"<figure class=\"mb-3\"><img loading=\"lazy\" src=\"http:\/\/cordobadirecto.com\/wp-content\/uploads\/2021\/12\/la-lpf-se-reunira-en-medio-de-las-tensiones-por-el-pedido-de-remocion-de-tinelli.jpg\" width=\"100%\" height=\"100%\" alt=\"La Liga Profesional de Ftbol se reunir en medio de las tensiones por el pedido de remocin de Marcelo Tinelli de la presidencia\"><figcaption> La Liga Profesional de F\u00fatbol se reunir\u00e1 en medio de las tensiones por el pedido de remoci\u00f3n de Marcelo Tinelli de la presidencia. <\/figcaption><\/figure>\n<p>La Liga Profesional de F\u00fatbol (LPF) se reunir\u00e1 el pr\u00f3ximo martes en medio de las tensiones por el pedido de remoci\u00f3n de Marcelo Tinelli de la presidencia.<\/p>\n<p>El encuentro del Comit\u00e9 Ejecutivo se realizar\u00e1, en principio, desde las 15 en las oficinas de la organizaci\u00f3n, en el barrio porte\u00f1o de Puerto Madero.<\/p>\n<p><strong>Cristian Malaspina, vicepresidente primero de la LPF y presidente de Argentinos Juniors<\/strong>, le confirm\u00f3 a T\u00e9lam este domingo que el tema central de la convocatoria iba a ser la remoci\u00f3n de Tinelli como presidente de la entidad que nuclea a los clubes de la Primera Divisi\u00f3n.<\/p>\n<figure class=\"mb-3\"><img loading=\"lazy\" src=\"http:\/\/cordobadirecto.com\/wp-content\/uploads\/2021\/12\/la-lpf-se-reunira-en-medio-de-las-tensiones-por-el-pedido-de-remocion-de-tinelli-1.jpg\" width=\"100%\" height=\"100%\" alt=\"Cristian Malaspina vicepresidente primero de la LPF y presidente de Argentinos Juniors le confirm a Tlam que el tema central de la convocatoria iba a ser la remocin de Tinelli como presidente de la entidad\"><figcaption> Cristian Malaspina, vicepresidente primero de la LPF y presidente de Argentinos Juniors, le confirm\u00f3 a T\u00e9lam que el tema central de la convocatoria iba a ser la remoci\u00f3n de Tinelli como presidente de la entidad. <\/figcaption><\/figure>\n<p>Sin embargo, en las \u00faltimas horas se habr\u00eda dado marcha atr\u00e1s con el tratamiento de la remoci\u00f3n y si bien estar\u00e1 presente en el debate, no se avanzar\u00eda con el tema hasta el pr\u00f3ximo 11 de enero, la fecha que propuso Tinelli en su carta.<\/p>\n<p><a href=\"https:\/\/www.telam.com.ar\/notas\/202112\/579025-clubes-remocion-marcelo-tinelli-liga-profesional-de-futbol-argentino-afa.html\" target=\"_blank\" rel=\"noopener\">Al menos 15 clubes, m\u00e1s de la mitad de los integrantes de la m\u00e1xima categor\u00eda, ya firmaron una carta con la intenci\u00f3n de tratar la remoci\u00f3n en los t\u00e9rminos contemplados por el Estatuto.<\/a><\/p>\n<p>Aldosivi de Mar del Plata, Lan\u00fas, Argentinos Juniors, Independiente, Gimnasia y Esgrima La Plata, Estudiantes de La Plata, Godoy Cruz, de Mendoza, Rosario Central, Hurac\u00e1n, Defensa y Justicia, Arsenal, Col\u00f3n, de Santa Fe, Platense, Sarmiento y Central C\u00f3rdoba, de Santiago del Estero, son quienes ya firmaron la carta.<\/p>\n<p>Sin embargo, allegados al espacio que impulsa esta iniciativa se\u00f1alaron que a la lista se sumar\u00edan Uni\u00f3n, Newell&#8217;s y el recientemente ascendido Barracas Central.<\/p>\n<p>En el caso de Boca Juniors, la postura ser\u00eda a favor de la salida de Tinelli pero tambi\u00e9n aguardar\u00edan la reuni\u00f3n del 11 de enero para fijar su posici\u00f3n.<\/p>\n<p>Seg\u00fan el art\u00edculo 16 del reglamento general de la Liga Profesional, el Comit\u00e9 Ejecutivo <strong>tiene entre sus competencias &#8220;la elecci\u00f3n y remoci\u00f3n del Presidente de la LPF&#8221;<\/strong>, inciso 8, y<strong> &#8220;remoci\u00f3n de las restantes autoridades de la LPF&#8221;,<\/strong> inciso 11.<\/p>\n<h2 class>Declaraciones de Marcelo Tinelli<\/h2>\n<p>El conductor denunci\u00f3, el pasado 24 de diciembre, <a href=\"https:\/\/www.telam.com.ar\/notas\/202112\/578979-tinelli-denuncia-golpe-lpf.html\" target=\"_blank\" rel=\"noopener\">que esto se trata de un &#8220;golpe artero&#8221; <\/a>y todav\u00eda se desconoce si estar\u00e1 presente en la reuni\u00f3n del pr\u00f3ximo martes ya que su intenci\u00f3n era hacerla el pr\u00f3ximo 11 de enero, despu\u00e9s de que se realice el sorteo de la pr\u00f3xima Copa de la Liga Profesional.<\/p>\n<p>Hasta el domingo a la tarde, Tinelli se encontraba de vacaciones en Jos\u00e9 Ignacio, Uruguay.<\/p>\n<p>Si finalmente se trata el tema y se logra el consenso, <strong>la Liga Profesional quedar\u00e1 a cargo transitoriamente de la vicepresidencia.<\/strong><\/p>\n<p>El 18 de marzo de 2020 asumieron oficialmente esos cargos Malaspina (vicepresidente primero), el directivo de Lan\u00fas (exvice y actual segundo vocal suplente) Hern\u00e1n Arboleya (vicesegundo) y el presidente de Atl\u00e9tico Tucum\u00e1n, Mario Leito (vicetercero).<\/p>\n<p>El dirigente tucumano y Diputado Nacional es el \u00fanico del trinomio de la mesa directiva que no firm\u00f3 la carta.<\/p>\n<p>Del Consejo Directivo, compuesto por cuatro de los cinco grandes salvo San Lorenzo,<strong> solo Independiente firm\u00f3 el pedido de remoci\u00f3n.<\/strong><\/p>\n<p><strong>Lo mismo sucedi\u00f3 con V\u00e9lez Sarsfield,<\/strong> cuyo titular Sergio Rapisarda es Secretario, y Banfield, representado por Eduardo Spinosa, quien se desempe\u00f1a como Director General.<\/p>\n<p>El mandatario banfile\u00f1o fue acusado en las \u00faltimas horas de montar &#8220;una red de fake news, a partir de un sitio an\u00f3nimo, que injuriaba y calumniaba a dirigentes cercanos a la AFA&#8221;, seg\u00fan denunci\u00f3 el presidente de Excursionistas, Javier M\u00e9ndez Cartier.<\/p>\n<p>La denuncia presentada por el dirigente del ascenso asegura que dicha red estaba asociada un n\u00famero telef\u00f3nico &#8220;que pertenece a Gustavo Santill\u00e1n, jefe de comunicaci\u00f3n de Banfield&#8221;.<\/p>\n<p>En las \u00faltimas horas y desde sus cuentas personales en Twitter, distintos dirigentes de Primera Divisi\u00f3n y el ascenso apoyaron la movida y desestimaron la versi\u00f3n de &#8220;golpe&#8221; que acus\u00f3 Tinelli en la carta enviada a los clubes en la previa de Nochebuena.<\/p>\n<p>&#8220;Un golpe puede ser la acci\u00f3n ejercida para tomar un mando violentando el orden interno, fuera de los reglamentos y ley, actuando en las sombras. En el f\u00fatbol, el \u00fanico golpe que se intent\u00f3 dar fue contra Tapia y fracasaron. Las cosas como son! Dentro de la org\u00e1nica y dando la cara todo!&#8221;, escribi\u00f3 Pablo Bianchini, presidente de Platense, en apoyo de la posici\u00f3n de Malaspina, quien hab\u00eda dicho que el &#8220;golpe era contra Tapia&#8221;, presidente de la AFA.<\/p>\n<blockquote class=\"twitter-tweet\" readability=\"8.55\">\n<p lang=\"es\" dir=\"ltr\">Un golpe puede ser la acci\u00f3n ejercida para tomar un mando violentando el orden interno,fuera de los reglamentos y ley,actuando en las sombras. En el f\u00fatbol el \u00fanico golpe q se intent\u00f3 dar fue contra Tapia y fracasaron.Las cosas como son!Dentro de la org\u00e1nica y dando la cara todo!<\/p>\n<p>\u2014 Pablo Bianchini (@bianchinipablo) <a href=\"https:\/\/twitter.com\/bianchinipablo\/status\/1474885528432435200?ref_src=twsrc%5Etfw\">December 25, 2021<\/a><\/p><\/blockquote>\n<p>El propio Arboleya, el vicepresidente segundo de la LPF, tambi\u00e9n public\u00f3 un hilo de tuits dirigido a Tinelli y con algunos de los argumentos que promovieron el debate.<\/p>\n<p>&#8220;Se\u00f1or Presidente, @cuervotinelli, le pido por favor que cuando hable de golpe artero y desestabilizaci\u00f3n institucional no lo haga con tanta liviandad ya que est\u00e1 respondiendo al derecho consagrado en el Reglamento de la LPF&#8221;, inici\u00f3 el dirigente &#8220;granate&#8221;.<\/p>\n<p>&#8220;Lamentablemente nos vimos obligados a redactar tal petici\u00f3n en virtud de la negativa sistem\u00e1tica a solucionar problemas de gesti\u00f3n que nos han llevado, entre otros puntos, a un malestar entre los propios clubes&#8221;, continu\u00f3.<\/p>\n<blockquote class=\"twitter-tweet\" readability=\"6.1165048543689\">\n<p lang=\"es\" dir=\"ltr\">Se\u00f1or Presidente <a href=\"https:\/\/twitter.com\/cuervotinelli?ref_src=twsrc%5Etfw\">@cuervotinelli<\/a> le pido por favor que cuando hable de golpe artero y desestabilizaci\u00f3n institucional no lo haga con tanta liviandad ya que est\u00e1 respondiendo al derecho consagrado en el Reglamento de la <a href=\"https:\/\/twitter.com\/LigaAFA?ref_src=twsrc%5Etfw\">@LigaAFA<\/a> que en su art. 16 inc. 8<\/p>\n<p>\u2014 Hernan Arboleya (@HernanArboleya) <a href=\"https:\/\/twitter.com\/HernanArboleya\/status\/1474887576070737920?ref_src=twsrc%5Etfw\">December 25, 2021<\/a><\/p><\/blockquote>\n<p>Seg\u00fan Arboleya, algunos de los &#8220;puntos&#8221; en cuesti\u00f3n fueron el tratamiento de la local\u00eda de River en su campo de entrenamiento (River Camp) y la situaci\u00f3n que atraves\u00f3 Boca Juniors con el brote de Covid-19 a su regreso de Brasil, que &#8220;han sido s\u00f3lo para el beneficio exclusivo de dos instituciones&#8221;.<\/p>\n<p>Por su parte, Ricardo Carloni, vicepresidente de Rosario Central, se expres\u00f3 en la misma l\u00ednea.<\/p>\n<p>&#8220;No hay golpe institucional, es mentira. Sino por lo contrario, hay una necesidad de la gran mayor\u00eda de las Instituciones en modificar el rumbo ap\u00e1tico, ausente, sin soluciones y trabajar codo a codo, espalda con espalda por el crecimiento de todos los clubes de la categor\u00eda m\u00e1xima&#8221;, subray\u00f3 el directivo &#8220;canalla&#8221;.<\/p>\n<blockquote class=\"twitter-tweet\" readability=\"11.392857142857\">\n<p lang=\"es\" dir=\"ltr\">\u261d No hay golpe institucional, mentira, sino por lo contrario una necesidad de la gran mayor\u00eda de las Instituciones en modificar el rumbo ap\u00e1tico, ausente, sin soluciones y trabajar codo a codo, espalda con espalda por el crecimiento de todos los Clubes de la categor\u00eca m\u00e1xima.<\/p>\n<p>\u2014 Ricardo Dar\u00edo (@CarloniRicardo) <a href=\"https:\/\/twitter.com\/CarloniRicardo\/status\/1475090895389310982?ref_src=twsrc%5Etfw\">December 26, 2021<\/a><\/p><\/blockquote>\n","protected":false},"excerpt":{"rendered":"<p>La Liga Profesional de F\u00fatbol se reunir\u00e1 en medio de las tensiones por el pedido de remoci\u00f3n de Marcelo Tinelli de la presidencia. La Liga Profesional de F\u00fatbol (LPF) se reunir\u00e1 el pr\u00f3ximo martes en medio de las tensiones por el pedido de remoci\u00f3n de Marcelo Tinelli de la presidencia. El encuentro del Comit\u00e9 Ejecutivo [&hellip;]<\/p>\n","protected":false},"author":1,"featured_media":35848,"comment_status":"closed","ping_status":"closed","sticky":false,"template":"","format":"standard","meta":[],"categories":[21],"tags":[],"_links":{"self":[{"href":"http:\/\/cordobadirecto.com\/index.php\/wp-json\/wp\/v2\/posts\/35847"}],"collection":[{"href":"http:\/\/cordobadirecto.com\/index.php\/wp-json\/wp\/v2\/posts"}],"about":[{"href":"http:\/\/cordobadirecto.com\/index.php\/wp-json\/wp\/v2\/types\/post"}],"author":[{"embeddable":true,"href":"http:\/\/cordobadirecto.com\/index.php\/wp-json\/wp\/v2\/users\/1"}],"replies":[{"embeddable":true,"href":"http:\/\/cordobadirecto.com\/index.php\/wp-json\/wp\/v2\/comments?post=35847"}],"version-history":[{"count":0,"href":"http:\/\/cordobadirecto.com\/index.php\/wp-json\/wp\/v2\/posts\/35847\/revisions"}],"wp:featuredmedia":[{"embeddable":true,"href":"http:\/\/cordobadirecto.com\/index.php\/wp-json\/wp\/v2\/media\/35848"}],"wp:attachment":[{"href":"http:\/\/cordobadirecto.com\/index.php\/wp-json\/wp\/v2\/media?parent=35847"}],"wp:term":[{"taxonomy":"category","embeddable":true,"href":"http:\/\/cordobadirecto.com\/index.php\/wp-json\/wp\/v2\/categories?post=35847"},{"taxonomy":"post_tag","embeddable":true,"href":"http:\/\/cordobadirecto.com\/index.php\/wp-json\/wp\/v2\/tags?post=35847"}],"curies":[{"name":"wp","href":"https:\/\/api.w.org\/{rel}","templated":true}]}}