{"id":35904,"date":"2021-12-28T13:51:40","date_gmt":"2021-12-28T13:51:40","guid":{"rendered":"https:\/\/cordoba.gob.ar\/?p=19007"},"modified":"2021-12-28T13:51:40","modified_gmt":"2021-12-28T13:51:40","slug":"la-municipalidad-inauguro-la-temporada-de-verano-en-el-parque-educativo-este","status":"publish","type":"post","link":"http:\/\/cordobadirecto.com\/index.php\/2021\/12\/28\/la-municipalidad-inauguro-la-temporada-de-verano-en-el-parque-educativo-este\/","title":{"rendered":"La Municipalidad inaugur\u00f3 la temporada de verano en el Parque Educativo Este"},"content":{"rendered":"<div><img src=\"http:\/\/cordobadirecto.com\/wp-content\/uploads\/2021\/12\/la-municipalidad-inauguro-la-temporada-de-verano-en-el-parque-educativo-este-1.jpg\" class=\"ff-og-image-inserted\"><\/div>\n<ul>\n<li><strong>Las actividades est\u00e1n planificadas para cubrir todas las edades desde los 4 a\u00f1os.<\/strong><\/li>\n<li><strong>Las inscripciones est\u00e1n abiertas a toda la comunidad.<\/strong><\/li>\n<\/ul>\n<hr>\n<p>En el marco de las actividades de la Temporada de Verano 2021\/22, se llev\u00f3 adelante la apertura de la pileta del Parque Educativo Este con juegos recreativos y actividades en la pileta para ni\u00f1as, ni\u00f1os y j\u00f3venes. Participaron de la jornada organizaciones, autoridades y familias de la comunidad.<\/p>\n<p>Las propuestas se enmarcan en el Programa \u201cEl verano se vive en los parques\u201d que lleva adelante la Secretar\u00eda de Educaci\u00f3n, a trav\u00e9s de la Direcci\u00f3n de Parques Educativos, junto al equipo del Parque Educativo Este. Esta se desarrolla junto a la Subsecretar\u00eda de Deportes y Recreaci\u00f3n de la Municipalidad y la organizaci\u00f3n Scout Argentina.<\/p>\n<p>El vice intendente Daniel Passerini celebr\u00f3 el comienzo de una nueva temporada y agradeci\u00f3 a todas las personas que hicieron posible llevar adelante esta propuesta. Adem\u00e1s, manifest\u00f3 que <em>\u201clos Parques Educativos van a ser lugares claves para que vecinos y vecinas puedan disfrutar del verano que se viene\u201d.<\/em><\/p>\n<p>Por su parte, el Secretario de Educaci\u00f3n Horacio Ferreyra, invit\u00f3 a la comunidad a participar de las diversas propuestas y expres\u00f3 que <em>\u201clas actividades en la pileta son una gran oportunidad para seguir aprendiendo desde el encuentro, con las familias acompa\u00f1ando a los ni\u00f1os y las ni\u00f1as y participando tambi\u00e9n de las propuestas\u201d.<\/em><\/p>\n<p>De diciembre a febrero se llevar\u00e1 adelante la escuela de verano y de nataci\u00f3n para ni\u00f1os y ni\u00f1as, nataci\u00f3n para adolescentes, gimnasia acu\u00e1tica para j\u00f3venes y adultos\/as y actividades recreativas, culturales y de aprendizajes para todas las edades. Para inscribirse en todas las propuestas, deben acercarse al Parque Educativo Este, ubicado en la calle Ortiz de Ocampo S\/N, barrio Campo de la Ribera.<\/p>\n<p><em>\u201cLa apertura de esta temporada de pileta en el Parque Educativo Este es posible por el trabajo y compromiso del Parque y el aporte de muchas \u00e1reas que se viene realizando durante todo el a\u00f1o para el reacondicionamiento de los espacios y la planificaci\u00f3n de las actividades\u201d<\/em>, explic\u00f3 la Directora de Parques Educativos Eugenia Rotondi. Adem\u00e1s, agreg\u00f3 que <em>\u201cen esta nueva temporada se suman m\u00e1s vecinos y vecinas y organizaciones que van a participar de las propuestas recreativas y de aprendizaje para que la comunidad pueda disfrutar del verano\u201d.<\/em><\/p>\n<p>En el acto de apertura estuvieron presentes el Viceintendente Daniel Passerini, el Secretario de Educaci\u00f3n Horacio Ferreyra, la Subsecretaria de Coordinaci\u00f3n Educativa Mar\u00eda Jos\u00e9 Viola, el Director General de Educaci\u00f3n Pablo Rodr\u00edguez Colantonio, la concejala Natalia Qui\u00f1o\u00f1ez, el Subdirector de Deportes Edgardo Antol\u00edn, la Subdirectora del Parque Este, Mabel Basualdo y representantes del Centro de Acceso a la Justicia, el cura Mariano Oberlin,&nbsp; representantes de Scout de Argentina, el equipo de Ecoaliados de C\u00f3rdoba Obras y Servicios, referentes sociales de la zona, vecinos y vecinas.<\/p>\n<p><strong>Informaci\u00f3n importante: <\/strong><\/p>\n<p><strong>Parque Educativo Este&nbsp; <\/strong><\/p>\n<p>E-mail: parqueste@gmail.com<\/p>\n<p>Tel\u00e9fono: 351 508-0399<\/p>\n<p>La temporada es del 21\/12 al 18\/02<\/p>\n<p>Las inscripciones est\u00e1n abiertas a todas las edades sin cupo (sujeto a medidas sanitarias).<\/p>\n<p>Requisitos: Fotocopia de DNI \u2013 Fotocopia de CUS (vigente) \u2013 Declaraci\u00f3n Jurada. Revisaci\u00f3n m\u00e9dica para pileta (vigencia 15 d\u00edas).<\/p>\n","protected":false},"excerpt":{"rendered":"<p>Las actividades est\u00e1n planificadas para cubrir todas las edades desde los 4 a\u00f1os. Las inscripciones est\u00e1n abiertas a toda la comunidad. En el marco de las actividades de la Temporada de Verano 2021\/22, se llev\u00f3 adelante la apertura de la pileta del Parque Educativo Este con juegos recreativos y actividades en la pileta para ni\u00f1as, [&hellip;]<\/p>\n","protected":false},"author":1,"featured_media":35905,"comment_status":"closed","ping_status":"closed","sticky":false,"template":"","format":"standard","meta":[],"categories":[44],"tags":[],"_links":{"self":[{"href":"http:\/\/cordobadirecto.com\/index.php\/wp-json\/wp\/v2\/posts\/35904"}],"collection":[{"href":"http:\/\/cordobadirecto.com\/index.php\/wp-json\/wp\/v2\/posts"}],"about":[{"href":"http:\/\/cordobadirecto.com\/index.php\/wp-json\/wp\/v2\/types\/post"}],"author":[{"embeddable":true,"href":"http:\/\/cordobadirecto.com\/index.php\/wp-json\/wp\/v2\/users\/1"}],"replies":[{"embeddable":true,"href":"http:\/\/cordobadirecto.com\/index.php\/wp-json\/wp\/v2\/comments?post=35904"}],"version-history":[{"count":0,"href":"http:\/\/cordobadirecto.com\/index.php\/wp-json\/wp\/v2\/posts\/35904\/revisions"}],"wp:featuredmedia":[{"embeddable":true,"href":"http:\/\/cordobadirecto.com\/index.php\/wp-json\/wp\/v2\/media\/35905"}],"wp:attachment":[{"href":"http:\/\/cordobadirecto.com\/index.php\/wp-json\/wp\/v2\/media?parent=35904"}],"wp:term":[{"taxonomy":"category","embeddable":true,"href":"http:\/\/cordobadirecto.com\/index.php\/wp-json\/wp\/v2\/categories?post=35904"},{"taxonomy":"post_tag","embeddable":true,"href":"http:\/\/cordobadirecto.com\/index.php\/wp-json\/wp\/v2\/tags?post=35904"}],"curies":[{"name":"wp","href":"https:\/\/api.w.org\/{rel}","templated":true}]}}