{"id":35918,"date":"2021-12-28T20:46:11","date_gmt":"2021-12-28T20:46:11","guid":{"rendered":"https:\/\/www.checkinmag.com\/?p=2471"},"modified":"2021-12-28T20:46:11","modified_gmt":"2021-12-28T20:46:11","slug":"air-france-y-klm-suman-frecuencias-desde-argentina","status":"publish","type":"post","link":"http:\/\/cordobadirecto.com\/index.php\/2021\/12\/28\/air-france-y-klm-suman-frecuencias-desde-argentina\/","title":{"rendered":"Air France y KLM suman frecuencias desde Argentina"},"content":{"rendered":"<div><img src=\"http:\/\/cordobadirecto.com\/wp-content\/uploads\/2021\/12\/air-france-y-klm-suman-frecuencias-desde-argentina.jpg\" class=\"ff-og-image-inserted\"><\/div>\n<p><strong>A partir de enero de 2022<\/strong><\/p>\n<p>El Grupo Air France KLM sigue incrementando su oferta de vuelos desde y hacia la Argentina. Air France, que actualmente opera 3 vuelos semanales de pasajeros, sumar\u00e1 2 vuelos a partir del 10 de enero, pasando a unir Buenos Aires con Par\u00eds 5 veces por semana. KLM, por su parte, que actualmente opera 4 vuelos semanales de pasajeros, sumar\u00e1 una frecuencia en febrero, conectando Buenos Aires con \u00c1msterdam 5 veces por semana. As\u00ed, el grupo Air France KLM ofrece cada vez m\u00e1s opciones de vuelos desde Argentina, con conexiones a m\u00e1s de 250 destinos en todo el mundo.&nbsp;La operaci\u00f3n de Air France y KLM en Argentina para los meses de diciembre de 2021 y enero, febrero y marzo de 2022 es la siguiente:&nbsp;<\/p>\n<p><strong>\u2013&nbsp;<u>Air France<\/u><\/strong>:*&nbsp;<\/p>\n<p><strong>\u2013 Vuelo AF229 de Buenos Aires a Par\u00eds:&nbsp;<\/strong>3 vuelos semanales de pasajeros y carga, con salida de Buenos Aires los lunes, jueves y s\u00e1bados.&nbsp;<strong>A partir del 10 de enero, se suman dos frecuencias adicionales los martes y mi\u00e9rcoles.&nbsp;<\/strong><\/p>\n<p><strong>\u2013 Vuelo AF228 de Par\u00eds a Buenos Aires:&nbsp;<\/strong>3 vuelos semanales de pasajeros y carga, con salida de Par\u00eds los mi\u00e9rcoles, viernes y domingos.&nbsp;<strong>A partir del 10 de enero, se suman dos frecuencias adicionales los lunes y martes.&nbsp;<\/strong><\/p>\n<p>\u2013&nbsp;<strong><u>KLM<\/u><\/strong>:*<\/p>\n<p><strong>\u2013 Vuelo KL702 de Buenos Aires a \u00c1msterdam:&nbsp;<\/strong>4 vuelos semanales de pasajeros y carga, con salida de Buenos Aires los martes, mi\u00e9rcoles, viernes y domingos<strong>. A partir de febrero, se suma un vuelo semanal los s\u00e1bados.<\/strong><\/p>\n<p><strong>\u2013 Vuelo KL701 de \u00c1msterdam a Buenos Aires:&nbsp;<\/strong>4 vuelos semanales de pasajeros y carga, con salida de \u00c1msterdam los lunes, martes, jueves y s\u00e1bados.&nbsp;<strong>A partir de febrero, se suma un vuelo semanal los viernes.<\/strong><\/p>\n<p><em>* Los n\u00fameros de frecuencias y d\u00edas de operaci\u00f3n pueden modificarse. Para acceder a la \u00faltima informaci\u00f3n actualizada, visitar&nbsp;<\/em><a href=\"http:\/\/www.airfrance.com.ar\/\" target=\"_blank\" rel=\"noreferrer noopener\"><em>www.airfrance.com.ar<\/em><\/a><em>&nbsp;y&nbsp;<a href=\"http:\/\/www.klm.com.ar\/\" target=\"_blank\" rel=\"noreferrer noopener\">www.klm.com.ar<\/a>.<\/em><\/p>\n<p>Adem\u00e1s, Air&nbsp;France KLM Martinair Cargo, la divisi\u00f3n de Cargas del Grupo, tambi\u00e9n opera un vuelo semanal desde y hacia la Argentina en un avi\u00f3n carguero.&nbsp;&nbsp;<\/p>\n<p><strong>Conexiones simplificadas en Par\u00eds y \u00c1msterdam<\/strong><\/p>\n<p>Desde Argentina, Air France y KLM ofrecen conexiones v\u00eda Par\u00eds y \u00c1msterdam hac\u00eda m\u00e1s de 250 destinos en todo el mundo.&nbsp;<strong>Los requerimientos sanitarios aplicables son exclusivamente los del destino final<\/strong>, lo que simplifica la conexi\u00f3n. Por ejemplo, si una persona viaja desde Argentina a Espa\u00f1a o Italia como destino final, debe cumplir con las condiciones sanitarias requeridas en Espa\u00f1a o Italia \u00fanicamente, ya que los requerimientos sanitarios de Francia y los Pa\u00edses Bajos no aplican para conexiones.<\/p>\n<p>Antes de viajar, las aerol\u00edneas recomiendan que sus clientes se comuniquen con las autoridades pertinentes de sus pa\u00edses de salida, destino y tr\u00e1nsito para verificar los requisitos de entrada y permanencia.&nbsp;Para verificar los requisitos sanitarios y migratorios de sus pa\u00edses de destino y tr\u00e1nsito, consultar los sitios Traveldoc de&nbsp;<a rel=\"noreferrer noopener\" href=\"https:\/\/airfrance.traveldoc.aero\/\" target=\"_blank\">Air France<\/a>&nbsp;o de&nbsp;<a rel=\"noreferrer noopener\" href=\"https:\/\/klm.traveldoc.aero\/\" target=\"_blank\">KLM<\/a>.<\/p>\n","protected":false},"excerpt":{"rendered":"<p>A partir de enero de 2022 El Grupo Air France KLM sigue incrementando su oferta de vuelos desde y hacia la Argentina. Air France, que actualmente opera 3 vuelos semanales de pasajeros, sumar\u00e1 2 vuelos a partir del 10 de enero, pasando a unir Buenos Aires con Par\u00eds 5 veces por semana. KLM, por su [&hellip;]<\/p>\n","protected":false},"author":1,"featured_media":35919,"comment_status":"closed","ping_status":"closed","sticky":false,"template":"","format":"standard","meta":[],"categories":[22],"tags":[],"_links":{"self":[{"href":"http:\/\/cordobadirecto.com\/index.php\/wp-json\/wp\/v2\/posts\/35918"}],"collection":[{"href":"http:\/\/cordobadirecto.com\/index.php\/wp-json\/wp\/v2\/posts"}],"about":[{"href":"http:\/\/cordobadirecto.com\/index.php\/wp-json\/wp\/v2\/types\/post"}],"author":[{"embeddable":true,"href":"http:\/\/cordobadirecto.com\/index.php\/wp-json\/wp\/v2\/users\/1"}],"replies":[{"embeddable":true,"href":"http:\/\/cordobadirecto.com\/index.php\/wp-json\/wp\/v2\/comments?post=35918"}],"version-history":[{"count":0,"href":"http:\/\/cordobadirecto.com\/index.php\/wp-json\/wp\/v2\/posts\/35918\/revisions"}],"wp:featuredmedia":[{"embeddable":true,"href":"http:\/\/cordobadirecto.com\/index.php\/wp-json\/wp\/v2\/media\/35919"}],"wp:attachment":[{"href":"http:\/\/cordobadirecto.com\/index.php\/wp-json\/wp\/v2\/media?parent=35918"}],"wp:term":[{"taxonomy":"category","embeddable":true,"href":"http:\/\/cordobadirecto.com\/index.php\/wp-json\/wp\/v2\/categories?post=35918"},{"taxonomy":"post_tag","embeddable":true,"href":"http:\/\/cordobadirecto.com\/index.php\/wp-json\/wp\/v2\/tags?post=35918"}],"curies":[{"name":"wp","href":"https:\/\/api.w.org\/{rel}","templated":true}]}}