{"id":35962,"date":"2021-12-28T21:20:57","date_gmt":"2021-12-28T21:20:57","guid":{"rendered":"https:\/\/www.bbc.com\/mundo\/noticias-59810109"},"modified":"2021-12-28T21:20:57","modified_gmt":"2021-12-28T21:20:57","slug":"covid-de-larga-duracion-tengo-que-elegir-entre-caminar-y-hablar","status":"publish","type":"post","link":"http:\/\/cordobadirecto.com\/index.php\/2021\/12\/28\/covid-de-larga-duracion-tengo-que-elegir-entre-caminar-y-hablar\/","title":{"rendered":"Covid de larga duraci\u00f3n: &#8220;Tengo que elegir entre caminar y hablar&#8221;"},"content":{"rendered":"<div dir=\"ltr\" class=\"e1j2237y5 bbc-q4ibpr e57qer20\">\n<div class=\"bbc-1atl7vu e1c9i7u14\">\n<ul role=\"list\" class=\"bbc-k0l9bd e1c9i7u12\">\n<li role=\"listitem\" class=\"bbc-1a3w4ok e1c9i7u11\">Redacci\u00f3n <\/li>\n<li role=\"listitem\" class=\"bbc-1p92jtu e1c9i7u10\">BBC News Mundo<\/li>\n<\/ul>\n<\/div>\n<\/div>\n<p><time datetime=\"2021-12-28\" class=\"bbc-14xtggo e4zesg50\">28 diciembre 2021<\/time><\/p>\n<div dir=\"ltr\" class=\"bbc-1ka88fa e57qer20\">\n<figure class=\"bbc-1qdcvv9 e6bmn90\">\n<div dir=\"ltr\" class=\"bbc-172p16q e57qer20\">\n<div dir=\"ltr\" class=\"bbc-189y18v e57qer20\" readability=\"6.5\">\n<div data-e2e=\"image-placeholder\" class=\"bbc-997y1y e1whu0\" readability=\"8\"><picture class=\"bbc-yfiktt e1enwo3v1\"><source srcset=\"https:\/\/ichef.bbci.co.uk\/news\/240\/cpsprodpb\/1327F\/production\/_122036487_jasmine.jpg.webp 240w, https:\/\/ichef.bbci.co.uk\/news\/320\/cpsprodpb\/1327F\/production\/_122036487_jasmine.jpg.webp 320w, https:\/\/ichef.bbci.co.uk\/news\/480\/cpsprodpb\/1327F\/production\/_122036487_jasmine.jpg.webp 480w, https:\/\/ichef.bbci.co.uk\/news\/624\/cpsprodpb\/1327F\/production\/_122036487_jasmine.jpg.webp 624w, https:\/\/ichef.bbci.co.uk\/news\/800\/cpsprodpb\/1327F\/production\/_122036487_jasmine.jpg.webp 800w\" type=\"image\/webp\"><source srcset=\"https:\/\/ichef.bbci.co.uk\/news\/240\/cpsprodpb\/1327F\/production\/_122036487_jasmine.jpg 240w, https:\/\/ichef.bbci.co.uk\/news\/320\/cpsprodpb\/1327F\/production\/_122036487_jasmine.jpg 320w, https:\/\/ichef.bbci.co.uk\/news\/480\/cpsprodpb\/1327F\/production\/_122036487_jasmine.jpg 480w, https:\/\/ichef.bbci.co.uk\/news\/624\/cpsprodpb\/1327F\/production\/_122036487_jasmine.jpg 624w, https:\/\/ichef.bbci.co.uk\/news\/800\/cpsprodpb\/1327F\/production\/_122036487_jasmine.jpg 800w\" type=\"image\/jpeg\"><img loading=\"lazy\" src=\"http:\/\/cordobadirecto.com\/wp-content\/uploads\/2021\/12\/covid-de-larga-duracion-tengo-que-elegir-entre-caminar-y-hablar.jpg\" alt=\"Jasmine Hayer\" sizes=\"(min-width: 1008px) 645px, 100vw\" width=\"976\" height=\"549\" class=\"eehpdyc0 bbc-rb7xa0 e1enwo3v0\"><\/picture>\n<p role=\"text\" class=\"bbc-1s1cxbv etq3yw90\"><span class=\"bbc-1gnhmg2 e1yt7oin0\">Fuente de la imagen, <\/span><span lang=\"en-GB\">Jasmine Hayer<\/span><\/p>\n<\/div>\n<\/div>\n<div dir=\"ltr\" class=\"bbc-3edg7g e57qer20\" readability=\"6.5\"><figcaption dir=\"ltr\" class=\"bbc-1t9zlwf eede9f50\" readability=\"3\"><span class=\"bbc-1gnhmg2 e1yt7oin0\">Pie de foto, <\/span><\/p>\n<p>Jasmine Hayer ha sido contactada por cientos de pacientes despu\u00e9s de iniciar un blog en el que aborda el covid prolongado.<\/p>\n<\/figcaption><\/div>\n<\/div>\n<\/figure>\n<\/div>\n<div dir=\"ltr\" class=\"bbc-19j92fr e57qer20\" readability=\"9\">\n<p dir=\"ltr\" class=\"bbc-bm53ic e1cc2ql70\"><b>Son miles los afectados, pero no hay certeza de por qu\u00e9 algunas personas desarrollan el llamado covid de larga duraci\u00f3n y otras no.<\/b><\/p>\n<\/div>\n<div dir=\"ltr\" class=\"bbc-19j92fr e57qer20\" readability=\"8\">\n<p dir=\"ltr\" class=\"bbc-bm53ic e1cc2ql70\">Tampoco se comprenden en su totalidad los mecanismos por los cuales una infecci\u00f3n del coronavirus conducen al covid prolongado. <\/p>\n<\/div>\n<div dir=\"ltr\" class=\"bbc-19j92fr e57qer20\" readability=\"7\">\n<p dir=\"ltr\" class=\"bbc-bm53ic e1cc2ql70\">Ese contexto hace dif\u00edcil calcular cu\u00e1ntos casos existen en todo el mundo.<\/p>\n<\/div>\n<div dir=\"ltr\" class=\"bbc-19j92fr e57qer20\" readability=\"13\">\n<p dir=\"ltr\" class=\"bbc-bm53ic e1cc2ql70\">&#8220;Las estimaciones var\u00edan sobre cu\u00e1n frecuente es el Covid prolongado, pero aproximadamente una cuarta parte de las personas con Covid-19 tienen s\u00edntomas persistentes 4 a 5 semanas despu\u00e9s de dar positivo en la prueba, con alrededor <b>1 de cada 10 experimentando s\u00edntomas despu\u00e9s de 12 semanas<\/b>&#8220;, se\u00f1ala un informe* de la Organizaci\u00f3n Mundial de la Salud (OMS) y del Observatorio Europeo de Sistemas y Pol\u00edticas de Salud. <\/p>\n<\/div>\n<div dir=\"ltr\" class=\"bbc-19j92fr e57qer20\" readability=\"9\">\n<p dir=\"ltr\" class=\"bbc-bm53ic e1cc2ql70\">La periodista de la BBC <b>Charlie Jones<\/b> obtuvo algunos testimonios desgarradores en Reino Unido, donde se estima que m\u00e1s de un mill\u00f3n de personas lo padecen. <\/p>\n<\/div>\n<div dir=\"ltr\" class=\"bbc-19j92fr e57qer20\" readability=\"10\">\n<p dir=\"ltr\" class=\"bbc-bm53ic e1cc2ql70\">Y es que muchos pacientes dicen que solo tuvieron una infecci\u00f3n inicial leve, pero que termin\u00f3 arruinando su salud, su vida social y sus finanzas.<\/p>\n<\/div>\n<div dir=\"ltr\" class=\"bbc-1ka88fa e57qer20\">\n<figure class=\"bbc-1qdcvv9 e6bmn90\">\n<div dir=\"ltr\" class=\"bbc-172p16q e57qer20\">\n<div dir=\"ltr\" class=\"bbc-189y18v e57qer20\">\n<div data-e2e=\"image-placeholder\" class=\"bbc-997y1y e1whu0\"><noscript><picture class=\"bbc-yfiktt e1enwo3v1\"><source srcset=\"http:\/\/cordobadirecto.com\/wp-content\/uploads\/2021\/12\/covid-de-larga-duracion-tengo-que-elegir-entre-caminar-y-hablar.webp 240w, http:\/\/cordobadirecto.com\/wp-content\/uploads\/2021\/12\/covid-de-larga-duracion-tengo-que-elegir-entre-caminar-y-hablar-1.webp 320w, http:\/\/cordobadirecto.com\/wp-content\/uploads\/2021\/12\/covid-de-larga-duracion-tengo-que-elegir-entre-caminar-y-hablar-2.webp 464w\" type=\"image\/webp\"><source srcset=\"https:\/\/ichef.bbci.co.uk\/news\/240\/cpsprodpb\/17DD8\/production\/_122525779_464x2_line.jpg 240w, https:\/\/ichef.bbci.co.uk\/news\/320\/cpsprodpb\/17DD8\/production\/_122525779_464x2_line.jpg 320w, https:\/\/ichef.bbci.co.uk\/news\/464\/cpsprodpb\/17DD8\/production\/_122525779_464x2_line.jpg 464w\" type=\"image\/jpeg\"><img loading=\"lazy\" src=\"http:\/\/cordobadirecto.com\/wp-content\/uploads\/2021\/12\/covid-de-larga-duracion-tengo-que-elegir-entre-caminar-y-hablar-1.jpg\" alt=\"Raya\" sizes=\"(min-width: 1008px) 645px, 100vw\" width=\"464\" height=\"2\" class=\"eehpdyc0 bbc-rb7xa0 e1enwo3v0\"><\/picture><\/noscript><\/div>\n<\/div>\n<\/div>\n<\/figure>\n<\/div>\n<div dir=\"ltr\" class=\"bbc-19j92fr e57qer20\" readability=\"10\">\n<p dir=\"ltr\" class=\"bbc-bm53ic e1cc2ql70\">Jasmine Hayer, de 32 a\u00f1os, viv\u00eda en Londres y se estaba preparando para ser profesora de yoga cuando contrajo el coronavirus en marzo pasado.<\/p>\n<\/div>\n<div dir=\"ltr\" class=\"bbc-19j92fr e57qer20\" readability=\"11\">\n<p dir=\"ltr\" class=\"bbc-bm53ic e1cc2ql70\">A veces se siente como si fuera una persona diferente, dice, hablando lenta y cuidadosamente desde la casa de sus padres en Bedfordshire, en el este de Inglaterra.<\/p>\n<\/div>\n<div dir=\"ltr\" class=\"bbc-19j92fr e57qer20\" readability=\"8\">\n<p dir=\"ltr\" class=\"bbc-bm53ic e1cc2ql70\">Se mud\u00f3 all\u00ed el verano pasado cuando se dio cuenta de que ni siquiera pod\u00eda hacer la cama sin perder el aliento.<\/p>\n<\/div>\n<div dir=\"ltr\" class=\"bbc-19j92fr e57qer20\" readability=\"11\">\n<p dir=\"ltr\" class=\"bbc-bm53ic e1cc2ql70\">&#8220;Esta enfermedad es tan desconcertante y nadie sabe realmente c\u00f3mo tratarla. Honestamente, no s\u00e9 si alguna vez recuperar\u00e9 por completo mi salud, pero nunca dejar\u00e9 de intentarlo&#8221;, indica.<\/p>\n<\/div>\n<div dir=\"ltr\" class=\"bbc-19j92fr e57qer20\" readability=\"9\">\n<p dir=\"ltr\" class=\"bbc-bm53ic e1cc2ql70\">Actualmente se encuentra de licencia pagada por enfermedad, pero est\u00e1 desesperada por volver a trabajar.<\/p>\n<\/div>\n<div dir=\"ltr\" class=\"bbc-19j92fr e57qer20\" readability=\"10\">\n<p dir=\"ltr\" class=\"bbc-bm53ic e1cc2ql70\">Siente como si le hubiesen arrebatado su vida, lo mismo que experimentan &#8220;tantos otros con covid de larga duraci\u00f3n&#8221;, dice. &#8220;Hemos tenido <b>una gran crisis de identidad<\/b>&#8220;.<\/p>\n<\/div>\n<div dir=\"ltr\" class=\"bbc-1ka88fa e57qer20\">\n<figure class=\"bbc-1qdcvv9 e6bmn90\">\n<div dir=\"ltr\" class=\"bbc-172p16q e57qer20\">\n<div dir=\"ltr\" class=\"bbc-189y18v e57qer20\" readability=\"6.5\">\n<div data-e2e=\"image-placeholder\" class=\"bbc-997y1y e1whu0\" readability=\"8\"><noscript><picture class=\"bbc-yfiktt e1enwo3v1\"><source srcset=\"http:\/\/cordobadirecto.com\/wp-content\/uploads\/2021\/12\/covid-de-larga-duracion-tengo-que-elegir-entre-caminar-y-hablar-3.webp 240w, http:\/\/cordobadirecto.com\/wp-content\/uploads\/2021\/12\/covid-de-larga-duracion-tengo-que-elegir-entre-caminar-y-hablar-4.webp 320w, http:\/\/cordobadirecto.com\/wp-content\/uploads\/2021\/12\/covid-de-larga-duracion-tengo-que-elegir-entre-caminar-y-hablar-5.webp 480w, http:\/\/cordobadirecto.com\/wp-content\/uploads\/2021\/12\/covid-de-larga-duracion-tengo-que-elegir-entre-caminar-y-hablar-6.webp 624w, http:\/\/cordobadirecto.com\/wp-content\/uploads\/2021\/12\/covid-de-larga-duracion-tengo-que-elegir-entre-caminar-y-hablar-7.webp 800w\" type=\"image\/webp\"><source srcset=\"https:\/\/ichef.bbci.co.uk\/news\/240\/cpsprodpb\/110DB\/production\/_117815896_jh4.jpg 240w, https:\/\/ichef.bbci.co.uk\/news\/320\/cpsprodpb\/110DB\/production\/_117815896_jh4.jpg 320w, https:\/\/ichef.bbci.co.uk\/news\/480\/cpsprodpb\/110DB\/production\/_117815896_jh4.jpg 480w, https:\/\/ichef.bbci.co.uk\/news\/624\/cpsprodpb\/110DB\/production\/_117815896_jh4.jpg 624w, https:\/\/ichef.bbci.co.uk\/news\/800\/cpsprodpb\/110DB\/production\/_117815896_jh4.jpg 800w\" type=\"image\/jpeg\"><img loading=\"lazy\" src=\"http:\/\/cordobadirecto.com\/wp-content\/uploads\/2021\/12\/covid-de-larga-duracion-tengo-que-elegir-entre-caminar-y-hablar-2.jpg\" alt=\"Jasmine Hayer\" sizes=\"(min-width: 1008px) 645px, 100vw\" width=\"976\" height=\"549\" class=\"eehpdyc0 bbc-rb7xa0 e1enwo3v0\"><\/picture><\/noscript><\/p>\n<p role=\"text\" class=\"bbc-1s1cxbv etq3yw90\"><span class=\"bbc-1gnhmg2 e1yt7oin0\">Fuente de la imagen, <\/span><span lang=\"en-GB\">Jasmine Hayer<\/span><\/p>\n<\/div>\n<\/div>\n<div dir=\"ltr\" class=\"bbc-3edg7g e57qer20\" readability=\"6\"><figcaption dir=\"ltr\" class=\"bbc-1t9zlwf eede9f50\" readability=\"2\"><span class=\"bbc-1gnhmg2 e1yt7oin0\">Pie de foto, <\/span><\/p>\n<p>Jasmine se estaba preparando para ser profesora de yoga antes de que contrajera el virus.<\/p>\n<\/figcaption><\/div>\n<\/div>\n<\/figure>\n<\/div>\n<div dir=\"ltr\" class=\"bbc-19j92fr e57qer20\" readability=\"10\">\n<p dir=\"ltr\" class=\"bbc-bm53ic e1cc2ql70\">&#8220;Necesito reinventarme. Ni siquiera puedo levantar el brazo izquierdo, mucho menos ser profesora de yoga, lo cual es desgarrador&#8221;.<\/p>\n<\/div>\n<div dir=\"ltr\" class=\"bbc-19j92fr e57qer20\" readability=\"13\">\n<p dir=\"ltr\" class=\"bbc-bm53ic e1cc2ql70\">Durante nueve meses, los m\u00e9dicos dijeron que la ansiedad era la causa de sus s\u00edntomas, que inclu\u00edan <b>presi\u00f3n en el pecho, dolor en el coraz\u00f3n, dificultad para respirar, fatiga y palpitaciones<\/b>.<\/p>\n<\/div>\n<div dir=\"ltr\" class=\"bbc-19j92fr e57qer20\" readability=\"11\">\n<p dir=\"ltr\" class=\"bbc-bm53ic e1cc2ql70\">Pero sab\u00eda que estaban equivocados y desarroll\u00f3 su propio rastreador de s\u00edntomas que la ayud\u00f3 a darse cuenta de que sus desencadenantes eran: inclinarse, caminar y hablar, con un impacto retardado en sus pulmones.<\/p>\n<\/div>\n<div dir=\"ltr\" class=\"bbc-19j92fr e57qer20\" readability=\"10\">\n<p dir=\"ltr\" class=\"bbc-bm53ic e1cc2ql70\">Su salud s\u00f3lo comenz\u00f3 a mejorar cuando comenz\u00f3 un tratamiento en una cl\u00ednica para 130 pacientes con covid prolongado severo, en el Hospital Royal Brompton, en Londres.<\/p>\n<\/div>\n<div dir=\"ltr\" class=\"bbc-19j92fr e57qer20\" readability=\"11\">\n<p dir=\"ltr\" class=\"bbc-bm53ic e1cc2ql70\">Los m\u00e9dicos encontraron m\u00faltiples problemas de salud. Una prueba de transferencia de gas mostr\u00f3 que los niveles de ox\u00edgeno en sus pulmones eran del 53%, lo mismo que un paciente con una enfermedad pulmonar, y le diagnosticaron inflamaci\u00f3n card\u00edaca que le dijeron que no hab\u00edan visto antes.<\/p>\n<\/div>\n<div dir=\"ltr\" class=\"bbc-19j92fr e57qer20\" readability=\"9\">\n<p dir=\"ltr\" class=\"bbc-bm53ic e1cc2ql70\">Tambi\u00e9n encontraron peque\u00f1os co\u00e1gulos de sangre en sus pulmones, que solo aparecieron en un examen especializado llamado gammagraf\u00eda pulmonar de ventilaci\u00f3n\/perfusi\u00f3n.<\/p>\n<\/div>\n<div dir=\"ltr\" class=\"bbc-19j92fr e57qer20\" readability=\"10\">\n<p dir=\"ltr\" class=\"bbc-bm53ic e1cc2ql70\">Desde que comenz\u00f3 a tomar medicamentos anticoagulantes, los co\u00e1gulos han desaparecido, pero todav\u00eda tiene un <b>flujo anormal de sangre y ox\u00edgeno<\/b> hacia sus pulmones.<\/p>\n<\/div>\n<div class=\"bbc-sffzb7 e8v25yx0\">\n<div dir=\"ltr\" class=\"bbc-1ka88fa e57qer20\">\n<figure class=\"bbc-1qdcvv9 e6bmn90\">\n<div dir=\"ltr\" class=\"bbc-172p16q e57qer20\">\n<div dir=\"ltr\" class=\"bbc-189y18v e57qer20\" readability=\"6.5\">\n<div data-e2e=\"image-placeholder\" class=\"bbc-997y1y e1whu0\" readability=\"8\"><noscript><picture class=\"bbc-yfiktt e1enwo3v1\"><source srcset=\"http:\/\/cordobadirecto.com\/wp-content\/uploads\/2021\/12\/covid-de-larga-duracion-tengo-que-elegir-entre-caminar-y-hablar-8.webp 240w, http:\/\/cordobadirecto.com\/wp-content\/uploads\/2021\/12\/covid-de-larga-duracion-tengo-que-elegir-entre-caminar-y-hablar-9.webp 320w, http:\/\/cordobadirecto.com\/wp-content\/uploads\/2021\/12\/covid-de-larga-duracion-tengo-que-elegir-entre-caminar-y-hablar-10.webp 480w, http:\/\/cordobadirecto.com\/wp-content\/uploads\/2021\/12\/covid-de-larga-duracion-tengo-que-elegir-entre-caminar-y-hablar-11.webp 624w, http:\/\/cordobadirecto.com\/wp-content\/uploads\/2021\/12\/covid-de-larga-duracion-tengo-que-elegir-entre-caminar-y-hablar-12.webp 800w\" type=\"image\/webp\"><source srcset=\"https:\/\/ichef.bbci.co.uk\/news\/240\/cpsprodpb\/15EFB\/production\/_117815898_jh2.jpg 240w, https:\/\/ichef.bbci.co.uk\/news\/320\/cpsprodpb\/15EFB\/production\/_117815898_jh2.jpg 320w, https:\/\/ichef.bbci.co.uk\/news\/480\/cpsprodpb\/15EFB\/production\/_117815898_jh2.jpg 480w, https:\/\/ichef.bbci.co.uk\/news\/624\/cpsprodpb\/15EFB\/production\/_117815898_jh2.jpg 624w, https:\/\/ichef.bbci.co.uk\/news\/800\/cpsprodpb\/15EFB\/production\/_117815898_jh2.jpg 800w\" type=\"image\/jpeg\"><img loading=\"lazy\" src=\"http:\/\/cordobadirecto.com\/wp-content\/uploads\/2021\/12\/covid-de-larga-duracion-tengo-que-elegir-entre-caminar-y-hablar-3.jpg\" alt=\"Jasmine Hayer\" sizes=\"(min-width: 1008px) 645px, 100vw\" width=\"976\" height=\"549\" class=\"eehpdyc0 bbc-rb7xa0 e1enwo3v0\"><\/picture><\/noscript><\/p>\n<p role=\"text\" class=\"bbc-1s1cxbv etq3yw90\"><span class=\"bbc-1gnhmg2 e1yt7oin0\">Fuente de la imagen, <\/span><span lang=\"en-GB\">Jasmine Hayer<\/span><\/p>\n<\/div>\n<\/div>\n<div dir=\"ltr\" class=\"bbc-3edg7g e57qer20\" readability=\"6.5\"><figcaption dir=\"ltr\" class=\"bbc-1t9zlwf eede9f50\" readability=\"3\"><span class=\"bbc-1gnhmg2 e1yt7oin0\">Pie de foto, <\/span><\/p>\n<p>Jasmine se sinti\u00f3 desesperadamente sola despu\u00e9s de que los doctores le dijeran que lo que estaba experimentando era ansiedad.<\/p>\n<\/figcaption><\/div>\n<\/div>\n<\/figure>\n<\/div>\n<\/div>\n<div dir=\"ltr\" class=\"bbc-19j92fr e57qer20\" readability=\"12\">\n<p dir=\"ltr\" class=\"bbc-bm53ic e1cc2ql70\">&#8220;Un medicamento antiinflamatorio llamado colchicina cambi\u00f3 significativamente mi recuperaci\u00f3n, pero desgraciadamente volv\u00ed a recaer. Ahora puedo <b>caminar lentamente por cinco minutos<\/b> una vez a la semana si tengo suerte, pero despu\u00e9s me duele el pecho. Tengo que elegir entre usar mi voz y mover mi cuerpo. No puedo hacer ambas cosas en un d\u00eda&#8221;.<\/p>\n<\/div>\n<div dir=\"ltr\" class=\"bbc-19j92fr e57qer20\" readability=\"12\">\n<p dir=\"ltr\" class=\"bbc-bm53ic e1cc2ql70\">&#8220;Los m\u00e9dicos no saben por qu\u00e9 si tengo buenos niveles de ox\u00edgeno en mi cuerpo, no llega a mis pulmones, lo que podr\u00eda ser un problema con mis vasos sangu\u00edneos. Pero mis esc\u00e1neres muestran que son normales, nunca antes hab\u00edan visto esto&#8221;. <\/p>\n<\/div>\n<div dir=\"ltr\" class=\"bbc-19j92fr e57qer20\" readability=\"9\">\n<p dir=\"ltr\" class=\"bbc-bm53ic e1cc2ql70\">Desde que comenz\u00f3 un blog en el que cuenta su caso, ha sido contactada por cientos de personas con covid de larga duraci\u00f3n que est\u00e1n desesperadas por ayuda.<\/p>\n<\/div>\n<div dir=\"ltr\" class=\"bbc-19j92fr e57qer20\" readability=\"11\">\n<p dir=\"ltr\" class=\"bbc-bm53ic e1cc2ql70\">&#8220;Muchos pacientes est\u00e1n siendo despachados porque sus m\u00e9dicos de cabecera y especialistas no han recibido suficiente orientaci\u00f3n. No saben que los pacientes pueden tener microco\u00e1gulos de sangre, <b>aunque los resultados de sus esc\u00e1neres y an\u00e1lisis de sangre sean normales<\/b>, como me pasa a m\u00ed&#8221;.<\/p>\n<\/div>\n<div dir=\"ltr\" class=\"bbc-19j92fr e57qer20\" readability=\"10\">\n<p dir=\"ltr\" class=\"bbc-bm53ic e1cc2ql70\">Jasmine est\u00e1 siguiendo de cerca un estudio puesto en marcha en Alemania que encontr\u00f3 co\u00e1gulos de sangre microsc\u00f3picos en pacientes con covid de larga duraci\u00f3n, lo que estar\u00eda privando de ox\u00edgeno a los tejidos. <\/p>\n<\/div>\n<div dir=\"ltr\" class=\"bbc-19j92fr e57qer20\" readability=\"8\">\n<p dir=\"ltr\" class=\"bbc-bm53ic e1cc2ql70\">Una t\u00e9cnica que limpia la sangre al eliminar las prote\u00ednas que forma la enfermedad ha ayudado a algunos pacientes all\u00ed.<\/p>\n<\/div>\n<div dir=\"ltr\" class=\"bbc-1ka88fa e57qer20\">\n<figure class=\"bbc-1qdcvv9 e6bmn90\">\n<div dir=\"ltr\" class=\"bbc-172p16q e57qer20\">\n<div dir=\"ltr\" class=\"bbc-189y18v e57qer20\" readability=\"6.5\">\n<div data-e2e=\"image-placeholder\" class=\"bbc-997y1y e1whu0\" readability=\"8\"><noscript><picture class=\"bbc-yfiktt e1enwo3v1\"><source srcset=\"http:\/\/cordobadirecto.com\/wp-content\/uploads\/2021\/12\/covid-de-larga-duracion-tengo-que-elegir-entre-caminar-y-hablar-13.webp 240w, http:\/\/cordobadirecto.com\/wp-content\/uploads\/2021\/12\/covid-de-larga-duracion-tengo-que-elegir-entre-caminar-y-hablar-14.webp 320w, http:\/\/cordobadirecto.com\/wp-content\/uploads\/2021\/12\/covid-de-larga-duracion-tengo-que-elegir-entre-caminar-y-hablar-15.webp 480w, http:\/\/cordobadirecto.com\/wp-content\/uploads\/2021\/12\/covid-de-larga-duracion-tengo-que-elegir-entre-caminar-y-hablar-16.webp 624w, http:\/\/cordobadirecto.com\/wp-content\/uploads\/2021\/12\/covid-de-larga-duracion-tengo-que-elegir-entre-caminar-y-hablar-17.webp 800w\" type=\"image\/webp\"><source srcset=\"https:\/\/ichef.bbci.co.uk\/news\/240\/cpsprodpb\/24F7\/production\/_122036490_jasmine2.jpg 240w, https:\/\/ichef.bbci.co.uk\/news\/320\/cpsprodpb\/24F7\/production\/_122036490_jasmine2.jpg 320w, https:\/\/ichef.bbci.co.uk\/news\/480\/cpsprodpb\/24F7\/production\/_122036490_jasmine2.jpg 480w, https:\/\/ichef.bbci.co.uk\/news\/624\/cpsprodpb\/24F7\/production\/_122036490_jasmine2.jpg 624w, https:\/\/ichef.bbci.co.uk\/news\/800\/cpsprodpb\/24F7\/production\/_122036490_jasmine2.jpg 800w\" type=\"image\/jpeg\"><img loading=\"lazy\" src=\"http:\/\/cordobadirecto.com\/wp-content\/uploads\/2021\/12\/covid-de-larga-duracion-tengo-que-elegir-entre-caminar-y-hablar-4.jpg\" alt=\"jasmine Hayer\" sizes=\"(min-width: 1008px) 645px, 100vw\" width=\"976\" height=\"549\" class=\"eehpdyc0 bbc-rb7xa0 e1enwo3v0\"><\/picture><\/noscript><\/p>\n<p role=\"text\" class=\"bbc-1s1cxbv etq3yw90\"><span class=\"bbc-1gnhmg2 e1yt7oin0\">Fuente de la imagen, <\/span><span lang=\"en-GB\">Jasmine Hayer<\/span><\/p>\n<\/div>\n<\/div>\n<div dir=\"ltr\" class=\"bbc-3edg7g e57qer20\" readability=\"6\"><figcaption dir=\"ltr\" class=\"bbc-1t9zlwf eede9f50\" readability=\"2\"><span class=\"bbc-1gnhmg2 e1yt7oin0\">Pie de foto, <\/span><\/p>\n<p>Jasmine todav\u00eda tiene un flujo anormal de sangre y ox\u00edgeno hacia sus pulmones.<\/p>\n<\/figcaption><\/div>\n<\/div>\n<\/figure>\n<\/div>\n<div dir=\"ltr\" class=\"bbc-19j92fr e57qer20\" readability=\"9\">\n<p dir=\"ltr\" class=\"bbc-bm53ic e1cc2ql70\">Tambi\u00e9n es asesora de pacientes en el estudio de covid de larga duraci\u00f3n m\u00e1s extenso del mundo hasta la fecha, cuyo objetivo es mejorar el diagn\u00f3stico y el tratamiento de la enfermedad.<\/p>\n<\/div>\n<div dir=\"ltr\" class=\"bbc-19j92fr e57qer20\" readability=\"12\">\n<p dir=\"ltr\" class=\"bbc-bm53ic e1cc2ql70\">Amitava Banerjee, profesor de Ciencia de Datos Cl\u00ednicos de la <i class=\"bbc-h1y5j7 ewc4zcb0\">University College London<\/i>, est\u00e1 dirigiendo STIMULATE-ICP, un estudio de dos a\u00f1os en el que participar\u00e1n 4.500 pacientes de seis cl\u00ednicas de covid de larga duraci\u00f3n.<\/p>\n<\/div>\n<div dir=\"ltr\" class=\"bbc-19j92fr e57qer20\" readability=\"12\">\n<p dir=\"ltr\" class=\"bbc-bm53ic e1cc2ql70\">Se probar\u00e1n <b>medicamentos existentes para determinar su eficacia<\/b>, incluidos los antihistam\u00ednicos, como el tratamiento para la fiebre del heno, la loratadina. Tambi\u00e9n se podr\u00e1n a prueba f\u00e1rmacos anticoagulantes como rivaroxaban y el f\u00e1rmaco antiinflamatorio colchicina.<\/p>\n<\/div>\n<div dir=\"ltr\" class=\"bbc-19j92fr e57qer20\" readability=\"8\">\n<p dir=\"ltr\" class=\"bbc-bm53ic e1cc2ql70\">A Banerjee le preocupa que el n\u00famero actual de infecciones provoque que m\u00e1s personas sufran de covid prolongado.<\/p>\n<\/div>\n<div dir=\"ltr\" class=\"bbc-19j92fr e57qer20\" readability=\"10\">\n<p dir=\"ltr\" class=\"bbc-bm53ic e1cc2ql70\">Muchos pacientes lo desarrollaron despu\u00e9s de una infecci\u00f3n leve, explica, por lo que no est\u00e1 seguro de que la variante \u00f3micron pueda producir una enfermedad inicial menos grave.<\/p>\n<\/div>\n<div dir=\"ltr\" class=\"bbc-19j92fr e57qer20\" readability=\"9\">\n<p dir=\"ltr\" class=\"bbc-bm53ic e1cc2ql70\">&#8220;Sabemos que las personas que no fueron hospitalizadas con covid grave han seguido con sus vidas y se han visto m\u00e1s deterioradas y eso deber\u00eda preocuparnos&#8221;,&nbsp;dice.<\/p>\n<\/div>\n<div dir=\"ltr\" class=\"bbc-1ka88fa e57qer20\">\n<figure class=\"bbc-1qdcvv9 e6bmn90\">\n<div dir=\"ltr\" class=\"bbc-172p16q e57qer20\">\n<div dir=\"ltr\" class=\"bbc-189y18v e57qer20\" readability=\"6.5\">\n<div data-e2e=\"image-placeholder\" class=\"bbc-997y1y e1whu0\" readability=\"8\"><noscript><picture class=\"bbc-yfiktt e1enwo3v1\"><source srcset=\"http:\/\/cordobadirecto.com\/wp-content\/uploads\/2021\/12\/covid-de-larga-duracion-tengo-que-elegir-entre-caminar-y-hablar-18.webp 240w, http:\/\/cordobadirecto.com\/wp-content\/uploads\/2021\/12\/covid-de-larga-duracion-tengo-que-elegir-entre-caminar-y-hablar-19.webp 320w, http:\/\/cordobadirecto.com\/wp-content\/uploads\/2021\/12\/covid-de-larga-duracion-tengo-que-elegir-entre-caminar-y-hablar-20.webp 480w, http:\/\/cordobadirecto.com\/wp-content\/uploads\/2021\/12\/covid-de-larga-duracion-tengo-que-elegir-entre-caminar-y-hablar-21.webp 624w, http:\/\/cordobadirecto.com\/wp-content\/uploads\/2021\/12\/covid-de-larga-duracion-tengo-que-elegir-entre-caminar-y-hablar-22.webp 800w\" type=\"image\/webp\"><source srcset=\"https:\/\/ichef.bbci.co.uk\/news\/240\/cpsprodpb\/EE85\/production\/_117816016_jh5.jpg 240w, https:\/\/ichef.bbci.co.uk\/news\/320\/cpsprodpb\/EE85\/production\/_117816016_jh5.jpg 320w, https:\/\/ichef.bbci.co.uk\/news\/480\/cpsprodpb\/EE85\/production\/_117816016_jh5.jpg 480w, https:\/\/ichef.bbci.co.uk\/news\/624\/cpsprodpb\/EE85\/production\/_117816016_jh5.jpg 624w, https:\/\/ichef.bbci.co.uk\/news\/800\/cpsprodpb\/EE85\/production\/_117816016_jh5.jpg 800w\" type=\"image\/jpeg\"><img loading=\"lazy\" src=\"http:\/\/cordobadirecto.com\/wp-content\/uploads\/2021\/12\/covid-de-larga-duracion-tengo-que-elegir-entre-caminar-y-hablar-5.jpg\" alt=\"Jasmine Hayer\" sizes=\"(min-width: 1008px) 645px, 100vw\" width=\"976\" height=\"549\" class=\"eehpdyc0 bbc-rb7xa0 e1enwo3v0\"><\/picture><\/noscript><\/p>\n<p role=\"text\" class=\"bbc-1s1cxbv etq3yw90\"><span class=\"bbc-1gnhmg2 e1yt7oin0\">Fuente de la imagen, <\/span><span lang=\"en-GB\">Jasmine Hayer<\/span><\/p>\n<\/div>\n<\/div>\n<div dir=\"ltr\" class=\"bbc-3edg7g e57qer20\" readability=\"6.5\"><figcaption dir=\"ltr\" class=\"bbc-1t9zlwf eede9f50\" readability=\"3\"><span class=\"bbc-1gnhmg2 e1yt7oin0\">Pie de foto, <\/span><\/p>\n<p>A menudo le cuesta concentrarse porque su dolor en el pecho y en el coraz\u00f3n desencadena su trastorno de estr\u00e9s postraum\u00e1tico.<\/p>\n<\/figcaption><\/div>\n<\/div>\n<\/figure>\n<\/div>\n<div dir=\"ltr\" class=\"bbc-19j92fr e57qer20\" readability=\"11\">\n<p dir=\"ltr\" class=\"bbc-bm53ic e1cc2ql70\">Sin lugar a dudas, las vacunas ayudan a prevenir la muerte y la manifestaci\u00f3n severa de la enfermedad, pero los cient\u00edficos a\u00fan no saben si protegen contra el covid prolongado, indica.<\/p>\n<\/div>\n<div dir=\"ltr\" class=\"bbc-19j92fr e57qer20\" readability=\"11\">\n<p dir=\"ltr\" class=\"bbc-bm53ic e1cc2ql70\">Muchos j\u00f3venes con covid prolongado no han podido regresar al trabajo, agrega, y esto ha tenido un impacto importante en su salud, bienestar y econom\u00eda.<\/p>\n<\/div>\n<div dir=\"ltr\" class=\"bbc-19j92fr e57qer20\" readability=\"12\">\n<p dir=\"ltr\" class=\"bbc-bm53ic e1cc2ql70\">El cardi\u00f3logo considera que la mejor manera de prevenirlo es &#8220;en primer lugar, evitar infectarse y mantener baja la tasa de infecci\u00f3n&#8221;, lo que no se lograr\u00e1 con un enfoque exclusivo de vacunas, explica.<\/p>\n<\/div>\n<div dir=\"ltr\" class=\"bbc-19j92fr e57qer20\" readability=\"10\">\n<p dir=\"ltr\" class=\"bbc-bm53ic e1cc2ql70\">&#8220;Me encantar\u00eda ver m\u00e1s consideraci\u00f3n, debate y reconocimiento del covid de larga duraci\u00f3n por parte de quienes hacen nuestras pol\u00edticas p\u00fablicas&#8221;, dice. <\/p>\n<\/div>\n<div dir=\"ltr\" class=\"bbc-19j92fr e57qer20\" readability=\"9\">\n<p dir=\"ltr\" class=\"bbc-bm53ic e1cc2ql70\">&#8220;Si solo se hacen mediciones de las muertes, se deja por fuera el impacto en las vidas de las personas. Deber\u00edamos saberlo&#8221;.<\/p>\n<\/div>\n<div dir=\"ltr\" class=\"bbc-19j92fr e57qer20\" readability=\"8\">\n<p dir=\"ltr\" class=\"bbc-bm53ic e1cc2ql70\">Se solicit\u00f3 al Departamento de Salud y Asistencia Social de Reino Unido una respuesta a los comentarios del profesor Banerjee.<\/p>\n<\/div>\n<p><h2 id=\"Al-final-de-mis-clases-me-siento-borracha\" tabindex=\"-1\" class=\"bbc-l3e97o e14hemmw0\">&#8220;Al final de mis clases, me siento borracha&#8221;<\/h2>\n<\/p>\n<div dir=\"ltr\" class=\"bbc-19j92fr e57qer20\" readability=\"10\">\n<p dir=\"ltr\" class=\"bbc-bm53ic e1cc2ql70\">Para Emily Miller, el covid de larga duraci\u00f3n sigue siendo una experiencia aterradora y solitaria, sin el aporte de especialistas m\u00e9dicos que la apoyen.<\/p>\n<\/div>\n<div dir=\"ltr\" class=\"bbc-1ka88fa e57qer20\">\n<figure class=\"bbc-1qdcvv9 e6bmn90\">\n<div dir=\"ltr\" class=\"bbc-172p16q e57qer20\">\n<div dir=\"ltr\" class=\"bbc-189y18v e57qer20\" readability=\"6.5\">\n<div data-e2e=\"image-placeholder\" class=\"bbc-997y1y e1whu0\" readability=\"8\"><noscript><picture class=\"bbc-yfiktt e1enwo3v1\"><source srcset=\"http:\/\/cordobadirecto.com\/wp-content\/uploads\/2021\/12\/covid-de-larga-duracion-tengo-que-elegir-entre-caminar-y-hablar-23.webp 240w, http:\/\/cordobadirecto.com\/wp-content\/uploads\/2021\/12\/covid-de-larga-duracion-tengo-que-elegir-entre-caminar-y-hablar-24.webp 320w, http:\/\/cordobadirecto.com\/wp-content\/uploads\/2021\/12\/covid-de-larga-duracion-tengo-que-elegir-entre-caminar-y-hablar-25.webp 480w, http:\/\/cordobadirecto.com\/wp-content\/uploads\/2021\/12\/covid-de-larga-duracion-tengo-que-elegir-entre-caminar-y-hablar-26.webp 624w, http:\/\/cordobadirecto.com\/wp-content\/uploads\/2021\/12\/covid-de-larga-duracion-tengo-que-elegir-entre-caminar-y-hablar-27.webp 800w\" type=\"image\/webp\"><source srcset=\"https:\/\/ichef.bbci.co.uk\/news\/240\/cpsprodpb\/8953\/production\/_122055153_untitleddesign-51.png.gallery.jpg 240w, https:\/\/ichef.bbci.co.uk\/news\/320\/cpsprodpb\/8953\/production\/_122055153_untitleddesign-51.png.gallery.jpg 320w, https:\/\/ichef.bbci.co.uk\/news\/480\/cpsprodpb\/8953\/production\/_122055153_untitleddesign-51.png.gallery.jpg 480w, https:\/\/ichef.bbci.co.uk\/news\/624\/cpsprodpb\/8953\/production\/_122055153_untitleddesign-51.png.gallery.jpg 624w, https:\/\/ichef.bbci.co.uk\/news\/800\/cpsprodpb\/8953\/production\/_122055153_untitleddesign-51.png.gallery.jpg 800w\" type=\"image\/jpeg\"><img loading=\"lazy\" src=\"http:\/\/cordobadirecto.com\/wp-content\/uploads\/2021\/12\/covid-de-larga-duracion-tengo-que-elegir-entre-caminar-y-hablar-6.jpg\" alt=\"Emily Miller\" sizes=\"(min-width: 1008px) 645px, 100vw\" width=\"976\" height=\"549\" class=\"eehpdyc0 bbc-rb7xa0 e1enwo3v0\"><\/picture><\/noscript><\/p>\n<p role=\"text\" class=\"bbc-1s1cxbv etq3yw90\"><span class=\"bbc-1gnhmg2 e1yt7oin0\">Fuente de la imagen, <\/span><span lang=\"en-GB\">Emily Miller<\/span><\/p>\n<\/div>\n<\/div>\n<div dir=\"ltr\" class=\"bbc-3edg7g e57qer20\" readability=\"6\"><figcaption dir=\"ltr\" class=\"bbc-1t9zlwf eede9f50\" readability=\"2\"><span class=\"bbc-1gnhmg2 e1yt7oin0\">Pie de foto, <\/span><\/p>\n<p>Emily Miller contrajo covid-19 dn octubre.<\/p>\n<\/figcaption><\/div>\n<\/div>\n<\/figure>\n<\/div>\n<div dir=\"ltr\" class=\"bbc-19j92fr e57qer20\" readability=\"10\">\n<p dir=\"ltr\" class=\"bbc-bm53ic e1cc2ql70\">La joven de 21 a\u00f1os hab\u00eda regresado a la ciudad de Oxford cuando, en octubre, contrajo el coronavirus. <\/p>\n<\/div>\n<div dir=\"ltr\" class=\"bbc-19j92fr e57qer20\" readability=\"7\">\n<p dir=\"ltr\" class=\"bbc-bm53ic e1cc2ql70\">Hab\u00eda estado estudiando Industria de la M\u00fasica en la ciudad de Brighton. <\/p>\n<\/div>\n<div dir=\"ltr\" class=\"bbc-19j92fr e57qer20\" readability=\"8\">\n<p dir=\"ltr\" class=\"bbc-bm53ic e1cc2ql70\">Miller creci\u00f3 en Oxford y se acostumbr\u00f3 a caminar a todas partes y disfrutar de los paseos al teatro.<\/p>\n<\/div>\n<div dir=\"ltr\" class=\"bbc-19j92fr e57qer20\" readability=\"7\">\n<p dir=\"ltr\" class=\"bbc-bm53ic e1cc2ql70\">Ahora s\u00f3lo sale de casa para <b>citas m\u00e9dicas y sus estudios<\/b>.<\/p>\n<\/div>\n<div dir=\"ltr\" class=\"bbc-19j92fr e57qer20\" readability=\"8\">\n<p dir=\"ltr\" class=\"bbc-bm53ic e1cc2ql70\">&#8220;Al final de mis clases, me siento borracha y <b>no puedo recordar lo que se ha dicho<\/b>&#8220;.<\/p>\n<\/div>\n<div dir=\"ltr\" class=\"bbc-19j92fr e57qer20\" readability=\"8\">\n<p dir=\"ltr\" class=\"bbc-bm53ic e1cc2ql70\">&#8220;No veo a mis amigos ni tengo una vida social. Mi vida ha cambiado por completo y tambi\u00e9n mi trayectoria profesional&#8221;.<\/p>\n<\/div>\n<div dir=\"ltr\" class=\"bbc-19j92fr e57qer20\" readability=\"15\">\n<p dir=\"ltr\" class=\"bbc-bm53ic e1cc2ql70\">Despu\u00e9s de una infecci\u00f3n leve inicial, comenz\u00f3 a experimentar migra\u00f1as, tinnitus, entumecimiento, dificultad para respirar, mareos, hemorragias nasales, dolor de pecho y n\u00e1useas.<\/p>\n<\/div>\n<div dir=\"ltr\" class=\"bbc-19j92fr e57qer20\" readability=\"10\">\n<p dir=\"ltr\" class=\"bbc-bm53ic e1cc2ql70\">Un an\u00e1lisis de sangre mostr\u00f3 que ten\u00eda un <b>recuento bajo de gl\u00f3bulos blancos<\/b> y fue remitida a una cl\u00ednica de covid de larga duraci\u00f3n, que la ayud\u00f3 con el manejo de la fatiga. Luego fue enviada a un neur\u00f3logo.<\/p>\n<\/div>\n<div dir=\"ltr\" class=\"bbc-19j92fr e57qer20\" readability=\"8\">\n<p dir=\"ltr\" class=\"bbc-bm53ic e1cc2ql70\">Emily cuenta que un m\u00e9dico de cabecera le dijo que los s\u00edntomas se deb\u00edan a la ansiedad y que deb\u00eda &#8220;ir a casa y ponerme en orden&#8221;.<\/p>\n<\/div>\n<p><h2 id=\"Se-me-estaban-acabando-las-opciones\" tabindex=\"-1\" class=\"bbc-l3e97o e14hemmw0\">&#8220;Se me estaban acabando las opciones&#8221;<\/h2>\n<\/p>\n<div dir=\"ltr\" class=\"bbc-19j92fr e57qer20\" readability=\"10\">\n<p dir=\"ltr\" class=\"bbc-bm53ic e1cc2ql70\">Emily todav\u00eda toma analg\u00e9sicos y sufre de fatiga, espasmos musculares y problemas gastrointestinales. Su m\u00e9dico de cabecera sugiri\u00f3 recientemente que se trataba de un s\u00edndrome del intestino irritable relacionado con la ansiedad.<\/p>\n<\/div>\n<div dir=\"ltr\" class=\"bbc-1ka88fa e57qer20\">\n<figure class=\"bbc-1qdcvv9 e6bmn90\">\n<div dir=\"ltr\" class=\"bbc-172p16q e57qer20\">\n<div dir=\"ltr\" class=\"bbc-189y18v e57qer20\" readability=\"6.5\">\n<div data-e2e=\"image-placeholder\" class=\"bbc-997y1y e1whu0\" readability=\"8\"><noscript><picture class=\"bbc-yfiktt e1enwo3v1\"><source srcset=\"http:\/\/cordobadirecto.com\/wp-content\/uploads\/2021\/12\/covid-de-larga-duracion-tengo-que-elegir-entre-caminar-y-hablar-28.webp 240w, http:\/\/cordobadirecto.com\/wp-content\/uploads\/2021\/12\/covid-de-larga-duracion-tengo-que-elegir-entre-caminar-y-hablar-29.webp 320w, http:\/\/cordobadirecto.com\/wp-content\/uploads\/2021\/12\/covid-de-larga-duracion-tengo-que-elegir-entre-caminar-y-hablar-30.webp 480w, http:\/\/cordobadirecto.com\/wp-content\/uploads\/2021\/12\/covid-de-larga-duracion-tengo-que-elegir-entre-caminar-y-hablar-31.webp 624w, http:\/\/cordobadirecto.com\/wp-content\/uploads\/2021\/12\/covid-de-larga-duracion-tengo-que-elegir-entre-caminar-y-hablar-32.webp 800w\" type=\"image\/webp\"><source srcset=\"https:\/\/ichef.bbci.co.uk\/news\/240\/cpsprodpb\/D773\/production\/_122055155_em.jpg 240w, https:\/\/ichef.bbci.co.uk\/news\/320\/cpsprodpb\/D773\/production\/_122055155_em.jpg 320w, https:\/\/ichef.bbci.co.uk\/news\/480\/cpsprodpb\/D773\/production\/_122055155_em.jpg 480w, https:\/\/ichef.bbci.co.uk\/news\/624\/cpsprodpb\/D773\/production\/_122055155_em.jpg 624w, https:\/\/ichef.bbci.co.uk\/news\/800\/cpsprodpb\/D773\/production\/_122055155_em.jpg 800w\" type=\"image\/jpeg\"><img loading=\"lazy\" src=\"http:\/\/cordobadirecto.com\/wp-content\/uploads\/2021\/12\/covid-de-larga-duracion-tengo-que-elegir-entre-caminar-y-hablar-7.jpg\" alt=\"Emily Miller\" sizes=\"(min-width: 1008px) 645px, 100vw\" width=\"976\" height=\"549\" class=\"eehpdyc0 bbc-rb7xa0 e1enwo3v0\"><\/picture><\/noscript><\/p>\n<p role=\"text\" class=\"bbc-1s1cxbv etq3yw90\"><span class=\"bbc-1gnhmg2 e1yt7oin0\">Fuente de la imagen, <\/span><span lang=\"en-GB\">Emily Miller<\/span><\/p>\n<\/div>\n<\/div>\n<div dir=\"ltr\" class=\"bbc-3edg7g e57qer20\" readability=\"7\"><figcaption dir=\"ltr\" class=\"bbc-1t9zlwf eede9f50\" readability=\"4\"><span class=\"bbc-1gnhmg2 e1yt7oin0\">Pie de foto, <\/span><\/p>\n<p>Emily todav\u00eda toma analg\u00e9sicos y sufre de fatiga, espasmos musculares y problemas gastrointestinales.<\/p>\n<\/figcaption><\/div>\n<\/div>\n<\/figure>\n<\/div>\n<div dir=\"ltr\" class=\"bbc-19j92fr e57qer20\" readability=\"10\">\n<p dir=\"ltr\" class=\"bbc-bm53ic e1cc2ql70\">&#8220;Me encantar\u00eda tener m\u00e1s ex\u00e1menes e investigaciones para ver qu\u00e9 est\u00e1 causando esto, pero sigo chocando contra una pared de ladrillos&#8221;, dice.<\/p>\n<\/div>\n<div dir=\"ltr\" class=\"bbc-19j92fr e57qer20\" readability=\"9\">\n<p dir=\"ltr\" class=\"bbc-bm53ic e1cc2ql70\">Adem\u00e1s de su salud, sus mayores preocupaciones son financieras; tener con qu\u00e9 pagar la renta cada mes es una de ellas. <\/p>\n<\/div>\n<div dir=\"ltr\" class=\"bbc-19j92fr e57qer20\" readability=\"10\">\n<p dir=\"ltr\" class=\"bbc-bm53ic e1cc2ql70\">&#8220;Solicit\u00e9 un subsidio para estudiantes discapacitados, pero no reconocen el covid de larga duraci\u00f3n como una discapacidad. Realmente espero que alg\u00fan d\u00eda se cuente&#8221;, se\u00f1ala.<\/p>\n<\/div>\n<div dir=\"ltr\" class=\"bbc-19j92fr e57qer20\" readability=\"9\">\n<p dir=\"ltr\" class=\"bbc-bm53ic e1cc2ql70\">Siente que <b>sus perspectivas laborales cuando se grad\u00fae el pr\u00f3ximo a\u00f1o son sombr\u00edas<\/b>, y su sue\u00f1o de trabajar para un sello discogr\u00e1fico est\u00e1 en suspenso.<\/p>\n<\/div>\n<div dir=\"ltr\" class=\"bbc-19j92fr e57qer20\" readability=\"8\">\n<p dir=\"ltr\" class=\"bbc-bm53ic e1cc2ql70\">Decidi\u00f3 crear una p\u00e1gina de recaudaci\u00f3n de fondos para mantenerse y costear sus intentos por conseguir una cura a trav\u00e9s de tratamientos experimentales como la oxigenoterapia.<\/p>\n<\/div>\n<div dir=\"ltr\" class=\"bbc-19j92fr e57qer20\" readability=\"9\">\n<p dir=\"ltr\" class=\"bbc-bm53ic e1cc2ql70\">&#8220;No me gusta pedirle a otras personas que me apoyen (econ\u00f3micamente), pero sent\u00ed que se me estaban acabando las opciones&#8221;.<\/p>\n<\/div>\n<p><h2 id=\"P\u00e9rdida-de-peso-diabetes-e-hipertensi\u00f3n\" tabindex=\"-1\" class=\"bbc-l3e97o e14hemmw0\">P\u00e9rdida de peso, diabetes e hipertensi\u00f3n<\/h2>\n<\/p>\n<div dir=\"ltr\" class=\"bbc-19j92fr e57qer20\" readability=\"9\">\n<p dir=\"ltr\" class=\"bbc-bm53ic e1cc2ql70\">En una situaci\u00f3n similar se encuentra Antony Loveless, quien recientemente tuvo que pedirle a su madre que le prestara unos US$1.300 para pagar su hipoteca. <\/p>\n<\/div>\n<div dir=\"ltr\" class=\"bbc-1ka88fa e57qer20\">\n<figure class=\"bbc-1qdcvv9 e6bmn90\">\n<div dir=\"ltr\" class=\"bbc-172p16q e57qer20\">\n<div dir=\"ltr\" class=\"bbc-189y18v e57qer20\" readability=\"6.5\">\n<div data-e2e=\"image-placeholder\" class=\"bbc-997y1y e1whu0\" readability=\"8\"><noscript><picture class=\"bbc-yfiktt e1enwo3v1\"><source srcset=\"http:\/\/cordobadirecto.com\/wp-content\/uploads\/2021\/12\/covid-de-larga-duracion-tengo-que-elegir-entre-caminar-y-hablar-33.webp 240w, http:\/\/cordobadirecto.com\/wp-content\/uploads\/2021\/12\/covid-de-larga-duracion-tengo-que-elegir-entre-caminar-y-hablar-34.webp 320w, http:\/\/cordobadirecto.com\/wp-content\/uploads\/2021\/12\/covid-de-larga-duracion-tengo-que-elegir-entre-caminar-y-hablar-35.webp 480w, http:\/\/cordobadirecto.com\/wp-content\/uploads\/2021\/12\/covid-de-larga-duracion-tengo-que-elegir-entre-caminar-y-hablar-36.webp 624w, http:\/\/cordobadirecto.com\/wp-content\/uploads\/2021\/12\/covid-de-larga-duracion-tengo-que-elegir-entre-caminar-y-hablar-37.webp 800w\" type=\"image\/webp\"><source srcset=\"https:\/\/ichef.bbci.co.uk\/news\/240\/cpsprodpb\/3B33\/production\/_122055151_ant.jpg 240w, https:\/\/ichef.bbci.co.uk\/news\/320\/cpsprodpb\/3B33\/production\/_122055151_ant.jpg 320w, https:\/\/ichef.bbci.co.uk\/news\/480\/cpsprodpb\/3B33\/production\/_122055151_ant.jpg 480w, https:\/\/ichef.bbci.co.uk\/news\/624\/cpsprodpb\/3B33\/production\/_122055151_ant.jpg 624w, https:\/\/ichef.bbci.co.uk\/news\/800\/cpsprodpb\/3B33\/production\/_122055151_ant.jpg 800w\" type=\"image\/jpeg\"><img loading=\"lazy\" src=\"http:\/\/cordobadirecto.com\/wp-content\/uploads\/2021\/12\/covid-de-larga-duracion-tengo-que-elegir-entre-caminar-y-hablar-8.jpg\" alt=\"Antony y Claire\" sizes=\"(min-width: 1008px) 645px, 100vw\" width=\"976\" height=\"749\" class=\"eehpdyc0 bbc-rb7xa0 e1enwo3v0\"><\/picture><\/noscript><\/p>\n<p role=\"text\" class=\"bbc-1s1cxbv etq3yw90\"><span class=\"bbc-1gnhmg2 e1yt7oin0\">Fuente de la imagen, <\/span><span lang=\"en-GB\">Antony Loveless<\/span><\/p>\n<\/div>\n<\/div>\n<div dir=\"ltr\" class=\"bbc-3edg7g e57qer20\" readability=\"6.5\"><figcaption dir=\"ltr\" class=\"bbc-1t9zlwf eede9f50\" readability=\"3\"><span class=\"bbc-1gnhmg2 e1yt7oin0\">Pie de foto, <\/span><\/p>\n<p>Antony y su compa\u00f1era Claire perdieron sus trabajos y pasaron la mayor parte de este a\u00f1o en la cama.<\/p>\n<\/figcaption><\/div>\n<\/div>\n<\/figure>\n<\/div>\n<div dir=\"ltr\" class=\"bbc-19j92fr e57qer20\" readability=\"8\">\n<p dir=\"ltr\" class=\"bbc-bm53ic e1cc2ql70\">Tiene 54 a\u00f1os y se infect\u00f3 con SARS Cov-2 en enero mientras trabajaba como investigador principal en el puerto de London Gateway.<\/p>\n<\/div>\n<div dir=\"ltr\" class=\"bbc-19j92fr e57qer20\" readability=\"14\">\n<p dir=\"ltr\" class=\"bbc-bm53ic e1cc2ql70\">Su compa\u00f1era, Claire Hooper, de 52 a\u00f1os, que trabajaba como enfermera, tambi\u00e9n lo contrajo y, como \u00e9l, sufre de covid prolongado.<\/p>\n<\/div>\n<div dir=\"ltr\" class=\"bbc-19j92fr e57qer20\" readability=\"9\">\n<p dir=\"ltr\" class=\"bbc-bm53ic e1cc2ql70\">Han pasado la mayor parte de este a\u00f1o en cama con dolor y fatiga incapacitantes, y ambos han sido despedidos de sus empleos.<\/p>\n<\/div>\n<div dir=\"ltr\" class=\"bbc-19j92fr e57qer20\" readability=\"9\">\n<p dir=\"ltr\" class=\"bbc-bm53ic e1cc2ql70\"><b>Antony ha perdido 25 kilos<\/b>, camina con un bast\u00f3n y conduce un autom\u00f3vil con placa de discapacidad. <\/p>\n<\/div>\n<div dir=\"ltr\" class=\"bbc-19j92fr e57qer20\" readability=\"9\">\n<p dir=\"ltr\" class=\"bbc-bm53ic e1cc2ql70\">Le han diagnosticado p\u00e9rdida de gl\u00f3bulos blancos y un trastorno auton\u00f3mico llamado s\u00edndrome de taquicardia ortost\u00e1tica postural, que afecta su capacidad para regular la presi\u00f3n arterial. <\/p>\n<\/div>\n<div dir=\"ltr\" class=\"bbc-19j92fr e57qer20\" readability=\"7\">\n<p dir=\"ltr\" class=\"bbc-bm53ic e1cc2ql70\">Claire ha perdido 38 kilos y ahora tiene diabetes e hipertensi\u00f3n.<\/p>\n<\/div>\n<div dir=\"ltr\" class=\"bbc-19j92fr e57qer20\" readability=\"9\">\n<p dir=\"ltr\" class=\"bbc-bm53ic e1cc2ql70\">Ambos han sido dados de alta de una cl\u00ednica de covid de larga duraci\u00f3n, ya que les dijeron que estaban <b>demasiado enfermos para comenzar la rehabilitaci\u00f3n<\/b>.<\/p>\n<\/div>\n<div dir=\"ltr\" class=\"bbc-19j92fr e57qer20\" readability=\"9\">\n<p dir=\"ltr\" class=\"bbc-bm53ic e1cc2ql70\">Usaron m\u00e1s de US$13.000 de sus ahorros solo para pagar su hipoteca y facturas. Recientemente, calificaron para ser cobijados por los beneficios del Estado.<\/p>\n<\/div>\n<div dir=\"ltr\" class=\"bbc-19j92fr e57qer20\" readability=\"10\">\n<p dir=\"ltr\" class=\"bbc-bm53ic e1cc2ql70\">&#8220;Ten\u00edamos un estilo de vida bueno, de clase media&#8221;, dice Antony. &#8220;Pasamos de ganar alrededor de US$6.000 al mes a vivir con lo m\u00ednimo&#8221;.<\/p>\n<\/div>\n<p><h2 id=\"Y-nosotros\" tabindex=\"-1\" class=\"bbc-l3e97o e14hemmw0\">&#8220;\u00bfY nosotros?&#8221;<\/h2>\n<\/p>\n<div dir=\"ltr\" class=\"bbc-19j92fr e57qer20\" readability=\"9\">\n<p dir=\"ltr\" class=\"bbc-bm53ic e1cc2ql70\">El exfot\u00f3grafo de guerra y autor tiene que configurar recordatorios en su tel\u00e9fono para ir a la cocina a comer, pero luego no puede recordar por qu\u00e9 est\u00e1 all\u00ed.<\/p>\n<\/div>\n<div dir=\"ltr\" class=\"bbc-1ka88fa e57qer20\">\n<figure class=\"bbc-1qdcvv9 e6bmn90\">\n<div dir=\"ltr\" class=\"bbc-172p16q e57qer20\">\n<div dir=\"ltr\" class=\"bbc-189y18v e57qer20\" readability=\"6.5\">\n<div data-e2e=\"image-placeholder\" class=\"bbc-997y1y e1whu0\" readability=\"8\"><noscript><picture class=\"bbc-yfiktt e1enwo3v1\"><source srcset=\"http:\/\/cordobadirecto.com\/wp-content\/uploads\/2021\/12\/covid-de-larga-duracion-tengo-que-elegir-entre-caminar-y-hablar-38.webp 240w, http:\/\/cordobadirecto.com\/wp-content\/uploads\/2021\/12\/covid-de-larga-duracion-tengo-que-elegir-entre-caminar-y-hablar-39.webp 320w, http:\/\/cordobadirecto.com\/wp-content\/uploads\/2021\/12\/covid-de-larga-duracion-tengo-que-elegir-entre-caminar-y-hablar-40.webp 480w, http:\/\/cordobadirecto.com\/wp-content\/uploads\/2021\/12\/covid-de-larga-duracion-tengo-que-elegir-entre-caminar-y-hablar-41.webp 624w, http:\/\/cordobadirecto.com\/wp-content\/uploads\/2021\/12\/covid-de-larga-duracion-tengo-que-elegir-entre-caminar-y-hablar-42.webp 800w\" type=\"image\/webp\"><source srcset=\"https:\/\/ichef.bbci.co.uk\/news\/240\/cpsprodpb\/5190\/production\/_122508802_d9731361-2416-4e73-be19-681494851571.jpg 240w, https:\/\/ichef.bbci.co.uk\/news\/320\/cpsprodpb\/5190\/production\/_122508802_d9731361-2416-4e73-be19-681494851571.jpg 320w, https:\/\/ichef.bbci.co.uk\/news\/480\/cpsprodpb\/5190\/production\/_122508802_d9731361-2416-4e73-be19-681494851571.jpg 480w, https:\/\/ichef.bbci.co.uk\/news\/624\/cpsprodpb\/5190\/production\/_122508802_d9731361-2416-4e73-be19-681494851571.jpg 624w, https:\/\/ichef.bbci.co.uk\/news\/800\/cpsprodpb\/5190\/production\/_122508802_d9731361-2416-4e73-be19-681494851571.jpg 800w\" type=\"image\/jpeg\"><img loading=\"lazy\" src=\"http:\/\/cordobadirecto.com\/wp-content\/uploads\/2021\/12\/covid-de-larga-duracion-tengo-que-elegir-entre-caminar-y-hablar-9.jpg\" alt=\"Antony Loveless\" sizes=\"(min-width: 1008px) 645px, 100vw\" width=\"976\" height=\"549\" class=\"eehpdyc0 bbc-rb7xa0 e1enwo3v0\"><\/picture><\/noscript><\/p>\n<p role=\"text\" class=\"bbc-1s1cxbv etq3yw90\"><span class=\"bbc-1gnhmg2 e1yt7oin0\">Fuente de la imagen, <\/span><span lang=\"en-GB\">Antony Loveless<\/span><\/p>\n<\/div>\n<\/div>\n<div dir=\"ltr\" class=\"bbc-3edg7g e57qer20\" readability=\"6\"><figcaption dir=\"ltr\" class=\"bbc-1t9zlwf eede9f50\" readability=\"2\"><span class=\"bbc-1gnhmg2 e1yt7oin0\">Pie de foto, <\/span><\/p>\n<p>Antony Loveless trabaj\u00f3 como fot\u00f3grafo de guerra y autor.<\/p>\n<\/figcaption><\/div>\n<\/div>\n<\/figure>\n<\/div>\n<div dir=\"ltr\" class=\"bbc-19j92fr e57qer20\" readability=\"9\">\n<p dir=\"ltr\" class=\"bbc-bm53ic e1cc2ql70\">&#8220;No hab\u00eda fumado en 37 a\u00f1os y olvid\u00e9 que no fumaba y compr\u00e9 un paquete de cigarrillos el otro d\u00eda&#8221;, dice.<\/p>\n<\/div>\n<div dir=\"ltr\" class=\"bbc-19j92fr e57qer20\" readability=\"9\">\n<p dir=\"ltr\" class=\"bbc-bm53ic e1cc2ql70\">Se siente frustrado porque se recopilan estad\u00edsticas sobre personas con covid-19 que viven y mueren, pero &#8220;no de las <b>personas en el medio<\/b>&#8220;.<\/p>\n<\/div>\n<div dir=\"ltr\" class=\"bbc-19j92fr e57qer20\" readability=\"8\">\n<p dir=\"ltr\" class=\"bbc-bm53ic e1cc2ql70\">&#8220;El gobierno nunca habla de covid de larga duraci\u00f3n. O mueres o te recuperas, pero \u00bfy nosotros?&#8221;<\/p>\n<\/div>\n<div dir=\"ltr\" class=\"bbc-19j92fr e57qer20\" readability=\"8\">\n<p dir=\"ltr\" class=\"bbc-bm53ic e1cc2ql70\">Dice que las cosas se pusieron tan mal hace unos meses que junto a Claire consideraron terminar con sus vidas.<\/p>\n<\/div>\n<div dir=\"ltr\" class=\"bbc-19j92fr e57qer20\" readability=\"10\">\n<p dir=\"ltr\" class=\"bbc-bm53ic e1cc2ql70\">&#8220;Llegamos a un punto en el que no pod\u00edamos seguir con el dolor y la falta de calidad de vida. Nos hab\u00edamos quedado sin dinero y sin opciones y est\u00e1bamos acostados en la cama, sin ni siquiera poder seguir una trama en la televisi\u00f3n&#8221;.<\/p>\n<\/div>\n<div dir=\"ltr\" class=\"bbc-19j92fr e57qer20\" readability=\"7\">\n<p dir=\"ltr\" class=\"bbc-bm53ic e1cc2ql70\">Antony dice que se sienten como si los hubieran dejado flotando en el aire.<\/p>\n<\/div>\n<div dir=\"ltr\" class=\"bbc-19j92fr e57qer20\" readability=\"9\">\n<p dir=\"ltr\" class=\"bbc-bm53ic e1cc2ql70\">&#8220;<b>Seguiremos viviendo y esperando mejorar<\/b>, eso es todo lo que podemos hacer&#8221;, asegura.<\/p>\n<\/div>\n<div dir=\"ltr\" class=\"bbc-1ka88fa e57qer20\">\n<figure class=\"bbc-1qdcvv9 e6bmn90\">\n<div dir=\"ltr\" class=\"bbc-172p16q e57qer20\">\n<div dir=\"ltr\" class=\"bbc-189y18v e57qer20\">\n<div data-e2e=\"image-placeholder\" class=\"bbc-997y1y e1whu0\"><noscript><picture class=\"bbc-yfiktt e1enwo3v1\"><source srcset=\"http:\/\/cordobadirecto.com\/wp-content\/uploads\/2021\/12\/covid-de-larga-duracion-tengo-que-elegir-entre-caminar-y-hablar.webp 240w, http:\/\/cordobadirecto.com\/wp-content\/uploads\/2021\/12\/covid-de-larga-duracion-tengo-que-elegir-entre-caminar-y-hablar-43.webp 320w, http:\/\/cordobadirecto.com\/wp-content\/uploads\/2021\/12\/covid-de-larga-duracion-tengo-que-elegir-entre-caminar-y-hablar-44.webp 464w\" type=\"image\/webp\"><source srcset=\"https:\/\/ichef.bbci.co.uk\/news\/240\/cpsprodpb\/4940\/production\/_122525781_464x2_line.jpg 240w, https:\/\/ichef.bbci.co.uk\/news\/320\/cpsprodpb\/4940\/production\/_122525781_464x2_line.jpg 320w, https:\/\/ichef.bbci.co.uk\/news\/464\/cpsprodpb\/4940\/production\/_122525781_464x2_line.jpg 464w\" type=\"image\/jpeg\"><img loading=\"lazy\" src=\"http:\/\/cordobadirecto.com\/wp-content\/uploads\/2021\/12\/covid-de-larga-duracion-tengo-que-elegir-entre-caminar-y-hablar-10.jpg\" alt=\"Raya\" sizes=\"(min-width: 1008px) 645px, 100vw\" width=\"464\" height=\"2\" class=\"eehpdyc0 bbc-rb7xa0 e1enwo3v0\"><\/picture><\/noscript><\/div>\n<\/div>\n<\/div>\n<\/figure>\n<\/div>\n<p><h2 id=\"Qu\u00e9-es-el-covid-de-larga-duraci\u00f3n\" tabindex=\"-1\" class=\"bbc-l3e97o e14hemmw0\">\u00bfQu\u00e9 es el covid de larga duraci\u00f3n?<\/h2>\n<\/p>\n<div dir=\"ltr\" class=\"e1gggypo0 bbc-oa9drk e57qer20\">\n<ul dir=\"ltr\" role=\"list\" class=\"bbc-1n23t93 e1drcs2w1\">\n<li role=\"listitem\" class=\"bbc-acwcvw e1drcs2w0\">El covid prolongado cubre una amplia gama de s\u00edntomas que incluyen fatiga, tos, dolores de cabeza y musculares.<\/li>\n<li role=\"listitem\" class=\"bbc-acwcvw e1drcs2w0\">La mayor\u00eda de las personas que contraen el coronavirus se sienten mejor en unos pocos d\u00edas o semanas, pero los s\u00edntomas pueden durar m\u00e1s, incluso despu\u00e9s de una infecci\u00f3n leve.<\/li>\n<li role=\"listitem\" class=\"bbc-acwcvw e1drcs2w0\">&#8220;Existe una creciente evidencia de que el virus puede causar da\u00f1o directo a los \u00f3rganos, pero tambi\u00e9n desencadenar una respuesta anormal, aumentando la coagulaci\u00f3n de la sangre y la liberaci\u00f3n de sustancias inflamatorias&#8221;, se\u00f1ala el informe de la OMS y del Observatorio Europeo: *&#8221;<i class=\"bbc-h1y5j7 ewc4zcb0\">In the wake of the pandemic. Preparing for Long COVID<\/i>&#8221; (Como consecuencia de la pandemia: prepararse para un COVID prolongado). <\/li>\n<\/ul>\n<\/div>\n<div dir=\"ltr\" class=\"bbc-1ka88fa e57qer20\">\n<figure class=\"bbc-1qdcvv9 e6bmn90\">\n<div dir=\"ltr\" class=\"bbc-172p16q e57qer20\">\n<div dir=\"ltr\" class=\"bbc-189y18v e57qer20\">\n<div data-e2e=\"image-placeholder\" class=\"bbc-997y1y e1whu0\"><noscript><picture class=\"bbc-yfiktt e1enwo3v1\"><source srcset=\"http:\/\/cordobadirecto.com\/wp-content\/uploads\/2021\/12\/covid-de-larga-duracion-tengo-que-elegir-entre-caminar-y-hablar.webp 240w, http:\/\/cordobadirecto.com\/wp-content\/uploads\/2021\/12\/covid-de-larga-duracion-tengo-que-elegir-entre-caminar-y-hablar-45.webp 320w, http:\/\/cordobadirecto.com\/wp-content\/uploads\/2021\/12\/covid-de-larga-duracion-tengo-que-elegir-entre-caminar-y-hablar-46.webp 464w\" type=\"image\/webp\"><source srcset=\"https:\/\/ichef.bbci.co.uk\/news\/240\/cpsprodpb\/6E9E\/production\/_115681382_line976.jpg 240w, https:\/\/ichef.bbci.co.uk\/news\/320\/cpsprodpb\/6E9E\/production\/_115681382_line976.jpg 320w, https:\/\/ichef.bbci.co.uk\/news\/464\/cpsprodpb\/6E9E\/production\/_115681382_line976.jpg 464w\" type=\"image\/jpeg\"><img loading=\"lazy\" src=\"http:\/\/cordobadirecto.com\/wp-content\/uploads\/2021\/12\/covid-de-larga-duracion-tengo-que-elegir-entre-caminar-y-hablar-11.jpg\" alt=\"L\u00ednea\" sizes=\"(min-width: 1008px) 645px, 100vw\" width=\"464\" height=\"2\" class=\"eehpdyc0 bbc-rb7xa0 e1enwo3v0\"><\/picture><\/noscript><\/div>\n<\/div>\n<\/div>\n<\/figure>\n<\/div>\n<div dir=\"ltr\" class=\"bbc-19j92fr e57qer20\" readability=\"8\">\n<p dir=\"ltr\" class=\"bbc-bm53ic e1cc2ql70\"><i class=\"bbc-h1y5j7 ewc4zcb0\">Ahora puedes recibir notificaciones de BBC Mundo. Descarga la nueva versi\u00f3n de nuestra app y act\u00edvalas para no perderte nuestro mejor contenido.<\/i><\/p>\n<\/div>\n","protected":false},"excerpt":{"rendered":"<p>Redacci\u00f3n BBC News Mundo 28 diciembre 2021 Fuente de la imagen, Jasmine Hayer Pie de foto, Jasmine Hayer ha sido contactada por cientos de pacientes despu\u00e9s de iniciar un blog en el que aborda el covid prolongado. Son miles los afectados, pero no hay certeza de por qu\u00e9 algunas personas desarrollan el llamado covid de [&hellip;]<\/p>\n","protected":false},"author":1,"featured_media":35963,"comment_status":"closed","ping_status":"closed","sticky":false,"template":"","format":"standard","meta":[],"categories":[24],"tags":[],"_links":{"self":[{"href":"http:\/\/cordobadirecto.com\/index.php\/wp-json\/wp\/v2\/posts\/35962"}],"collection":[{"href":"http:\/\/cordobadirecto.com\/index.php\/wp-json\/wp\/v2\/posts"}],"about":[{"href":"http:\/\/cordobadirecto.com\/index.php\/wp-json\/wp\/v2\/types\/post"}],"author":[{"embeddable":true,"href":"http:\/\/cordobadirecto.com\/index.php\/wp-json\/wp\/v2\/users\/1"}],"replies":[{"embeddable":true,"href":"http:\/\/cordobadirecto.com\/index.php\/wp-json\/wp\/v2\/comments?post=35962"}],"version-history":[{"count":0,"href":"http:\/\/cordobadirecto.com\/index.php\/wp-json\/wp\/v2\/posts\/35962\/revisions"}],"wp:featuredmedia":[{"embeddable":true,"href":"http:\/\/cordobadirecto.com\/index.php\/wp-json\/wp\/v2\/media\/35963"}],"wp:attachment":[{"href":"http:\/\/cordobadirecto.com\/index.php\/wp-json\/wp\/v2\/media?parent=35962"}],"wp:term":[{"taxonomy":"category","embeddable":true,"href":"http:\/\/cordobadirecto.com\/index.php\/wp-json\/wp\/v2\/categories?post=35962"},{"taxonomy":"post_tag","embeddable":true,"href":"http:\/\/cordobadirecto.com\/index.php\/wp-json\/wp\/v2\/tags?post=35962"}],"curies":[{"name":"wp","href":"https:\/\/api.w.org\/{rel}","templated":true}]}}