{"id":36059,"date":"2021-12-28T22:30:54","date_gmt":"2021-12-28T22:30:54","guid":{"rendered":"https:\/\/www.ole.com.ar\/autos\/checo-perez-f1-bottas-verstappen_0_p0_8tp49e.html"},"modified":"2021-12-28T22:30:54","modified_gmt":"2021-12-28T22:30:54","slug":"el-insolito-top10-de-los-mejores-pilotos-de-la-f1-de-esta-temporada","status":"publish","type":"post","link":"http:\/\/cordobadirecto.com\/index.php\/2021\/12\/28\/el-insolito-top10-de-los-mejores-pilotos-de-la-f1-de-esta-temporada\/","title":{"rendered":"El ins\u00f3lito top10 de los mejores pilotos de la F1 de esta temporada"},"content":{"rendered":"<p>La temporada de <strong><a alt=\"formula-1\" class=\"slug\" href=\"https:\/\/www.ole.com.ar\/tema\/formula-1.html\" target=\"_blank\" title=\"formula-1\" rel=\"noopener\">F\u00f3rmula 1<\/a><\/strong> termin\u00f3 hace algunas semanas, pero todav\u00eda se contin\u00faa hablando de uno de los mejores a\u00f1os de la historia del deporte automotor. Sin dudas,<a data-cke-saved-href=\"https:\/\/www.ole.com.ar\/autos\/formula-1-hamilton-verstappen-abu-dabi-titulo-campeon-ultima-fecha_0_1FfccbMcR.html\" target=\"_blank\" href=\"https:\/\/www.ole.com.ar\/autos\/formula-1-hamilton-verstappen-abu-dabi-titulo-campeon-ultima-fecha_0_1FfccbMcR.html\" rel=\"noopener\"><strong> la definici\u00f3n entre Max Verstappen y Lewis Hamilton por el t\u00edtulo fue apasionante<\/strong><\/a> y cautiv\u00f3 a miles de fan\u00e1ticos a lo largo del mundo. El neerland\u00e9s se qued\u00f3 con la corona y ahog\u00f3 la posibilidad de que el brit\u00e1nico llegara a su octavo campeonato. M\u00e1s all\u00e1 de que nadie duda de que fueron los dos pilotos m\u00e1s destacados del a\u00f1o, <strong>los propios integrantes de la categor\u00eda armaron un ranking para ubicar en un top10 a todos los participantes&nbsp;seg\u00fan su rendimiento.<\/strong><\/p>\n<div class=\"sp__SM\">\n<div class=\"content-new \">\n<span class=\"tit-mobile\">Mir\u00e1 tambi\u00e9n<\/span><\/p>\n<div class=\"mg\">\n<div class=\"wrap-figure\">\n<picture>\n<a href=\"https:\/\/www.ole.com.ar\/autos\/ciarrocchi-balance-ano_0_dGCPqsRxF.html\" target=\"_self\" rel=\"noopener\"><br \/>\n<img class=\"img-responsive\" alt=\"&quot;Cerramos el 2022 siendo muy competitivos&quot;\" src=\"http:\/\/cordobadirecto.com\/wp-content\/uploads\/2021\/12\/el-insolito-top10-de-los-mejores-pilotos-de-la-f1-de-esta-temporada.jpg\" loading=\"lazy\"><br \/>\n<\/a>\n<\/picture>\n<\/div>\n<\/div><\/div>\n<\/div>\n<p>M\u00e1s all\u00e1 de que la elecci\u00f3n corri\u00f3 por parte de los propios automovilistas, los amantes del certamen se hicieron o\u00edr en las redes sociales luego de haber visto el listado publicado por la cuenta oficial de la F1. <strong>Y si la pol\u00e9mica apareci\u00f3 en la escena fue principalmente por la ausencia de <a alt=\"sergio-perez\" class=\"slug\" href=\"https:\/\/www.ole.com.ar\/tema\/sergio-perez.html\" target=\"_blank\" title=\"sergio-perez\" rel=\"noopener\">Sergio P\u00e9rez<\/a> y de <a alt=\"valtteri-bottas\" class=\"slug\" href=\"https:\/\/www.ole.com.ar\/tema\/valtteri-bottas.html\" target=\"_blank\" title=\"valtteri-bottas\" rel=\"noopener\">Valtteri Bottas<\/a><\/strong>.<\/p>\n<div class=\"sp__Normal\">\n<div class=\"image-embeb image-trigger\" readability=\"6\">\n<picture><source media=\"(min-width: 720px)\" srcset=\"http:\/\/cordobadirecto.com\/wp-content\/uploads\/2021\/12\/el-insolito-top10-de-los-mejores-pilotos-de-la-f1-de-esta-temporada-1.jpg\"><img itemprop=\"image\" src=\"http:\/\/cordobadirecto.com\/wp-content\/uploads\/2021\/12\/el-insolito-top10-de-los-mejores-pilotos-de-la-f1-de-esta-temporada-1.jpg\" loading=\"lazy\" alt=\"Bottas y P\u00e9rez quedaron afuera del top10. (AFP)\">\n<\/picture><figcaption readability=\"2\">\n<p>Bottas y P\u00e9rez quedaron afuera del top10. (AFP)\n<\/p>\n<\/figcaption><\/div>\n<\/div>\n<h2><strong>EL TOP10<\/strong><\/h2>\n<p>1- Max Verstappen (Red Bull)<br \/>2- Lewis Hamilton (Mercedes)<br \/>3- Lando Norris (Mclaren)<br \/>4- Carlos Sainz (Ferrari)<br \/>5- Charles Leclerc (Ferrari)<br \/>6- Fernando Alonso (Alpine)<br \/>7- Pierre Gasly (Alpha Tauri)<br \/>8- George Russell (Williams)<br \/>9- Esteban Ocon (Alpine)<br \/>10- Mick Schumacher (Haas)<\/p>\n<p>No s\u00f3lo asombra la falta de P\u00e9rez y Bottas, sino tambi\u00e9n la presencia de Mick Schumacher, quien no sum\u00f3 puntos ni super\u00f3 una sola Q1 durante todo 2021. A pesar de tratarse de su debut en la m\u00e1xima categor\u00eda, muchos expertos criticaron su elecci\u00f3n por sobre la del resto de los pilotos. \u00danicamente, Alfa Romeo y Aston Martin fueron las dos escuder\u00edas que no lograron tener a uno de sus dos atletas en el ranking.<strong>&nbsp;\u00bfLos otros que quedaron afuera? Daniel Ricciardo, Yuki Tsunoda, Nicholas Latifi, Nikita Mazepin, Kimi Raikkonen, Antonio Giovinazzi, Sebastian Vettel y Lance Stroll.<\/strong><\/p>\n<div class=\"sp__SM\">\n<div class=\"content-new \">\n<span class=\"tit-mobile\">Mir\u00e1 tambi\u00e9n<\/span><\/p>\n<div class=\"mg\">\n<div class=\"wrap-figure\">\n<picture>\n<a href=\"https:\/\/www.ole.com.ar\/fuera-de-juego\/huracan-spyder-bologna_0_bk3gs-Ugg.html\" target=\"_self\" rel=\"noopener\"><br \/>\n<img class=\"img-responsive\" alt=\"La nave de Gary Medel en Espa\u00f1a\" src=\"http:\/\/cordobadirecto.com\/wp-content\/uploads\/2021\/12\/el-insolito-top10-de-los-mejores-pilotos-de-la-f1-de-esta-temporada-2.jpg\" loading=\"lazy\"><br \/>\n<\/a>\n<\/picture>\n<\/div>\n<\/div><\/div>\n<\/div>\n<p> El mexicano fue clave en la temporada al haber obtenido un triunfo y cuatro podios. Adem\u00e1s, sali\u00f3 cuarto en varias carreras. Sin dudas, se trat\u00f3 de un salto de calidad cualitativo para la escuder\u00eda Red Bull, que lo consider\u00f3 una parte clave de la consagraci\u00f3n de Verstappen. De hecho, el propio ganador se\u00f1al\u00f3 que &#8220;Checo es una leyenda y lo que hizo por m\u00ed en esa \u00faltima carrera para recortar la diferencia nuevamente y defender como lo hizo fue incre\u00edble, estoy seguro que sin \u00e9l yo no ser\u00eda campe\u00f3n del mundo. Entonces, le debo mucho&#8221;.<\/p>\n<div class=\"sp__Normal\">\n<div class=\"image-embeb image-trigger\" readability=\"6\">\n<picture><source media=\"(min-width: 720px)\" srcset=\"http:\/\/cordobadirecto.com\/wp-content\/uploads\/2021\/12\/el-insolito-top10-de-los-mejores-pilotos-de-la-f1-de-esta-temporada-3.jpg\"><img itemprop=\"image\" src=\"http:\/\/cordobadirecto.com\/wp-content\/uploads\/2021\/12\/el-insolito-top10-de-los-mejores-pilotos-de-la-f1-de-esta-temporada-3.jpg\" loading=\"lazy\" alt=\"Verstappen disfruta el t\u00edtulo de campe\u00f3n. (AP)\">\n<\/picture><figcaption readability=\"2\">\n<p>Verstappen disfruta el t\u00edtulo de campe\u00f3n. (AP)\n<\/p>\n<\/figcaption><\/div>\n<\/div>\n<p> En Abu Dhabi, Checo mantuvo a Hamilton detr\u00e1s suyo durante una vuelta y media para que su compa\u00f1ero de equipo pudiera recortar las distancias y ubicarse en una posici\u00f3n expectante durante el resto de la carrera. Incluso, se trat\u00f3 de uno de los momentos m\u00e1s emocionantes de todo el gran premio.<\/p>\n<div class=\"sp__SM\">\n<div class=\"content-new \">\n<span class=\"tit-mobile\">Mir\u00e1 tambi\u00e9n<\/span><\/p>\n<div class=\"mg\">\n<div class=\"wrap-figure\">\n<picture>\n<a href=\"https:\/\/www.ole.com.ar\/autos\/guerra-gran-ano_0_nZPcrMHNf.html\" target=\"_self\" rel=\"noopener\"><br \/>\n<img class=\"img-responsive\" alt=\"Guerra: &quot;Fue el mejor a\u00f1o deportivo de mi vida&quot;\" src=\"http:\/\/cordobadirecto.com\/wp-content\/uploads\/2021\/12\/el-insolito-top10-de-los-mejores-pilotos-de-la-f1-de-esta-temporada-4.jpg\" loading=\"lazy\"><br \/>\n<\/a>\n<\/picture>\n<\/div>\n<\/div><\/div>\n<\/div>\n<p> &#8220;No ha sido f\u00e1cil [el cambio a Red Bull], me ha llevado a otro nivel y tener a Max como compa\u00f1ero de equipo realmente te empuja a nuevos niveles. Estoy disfrutando mucho en este momento de mi carrera, estoy muy contento y eso es lo importante&#8221;, dijo recientemente el mexicano en una entrevista. Y agreg\u00f3: &#8220;<strong>Max ha sido un gran compa\u00f1ero de equipo desde el primer d\u00eda y el equipo ha sido fant\u00e1stico.<\/strong> Yo estaba en condiciones de apoyar a mi compa\u00f1ero de equipo&#8221;<\/p>\n<div class=\"sp__SM\">\n<div class=\"content-new \">\n<span class=\"tit-mobile\">Mir\u00e1 tambi\u00e9n<\/span><\/p>\n<div class=\"mg\">\n<div class=\"wrap-figure\">\n<picture>\n<a href=\"https:\/\/www.ole.com.ar\/autos\/caimi-queda-dakar_0_3DM3iAR5C.html\" target=\"_self\" rel=\"noopener\"><br \/>\n<img class=\"img-responsive\" alt=\"Se queda sin Dakar\" src=\"http:\/\/cordobadirecto.com\/wp-content\/uploads\/2021\/12\/el-insolito-top10-de-los-mejores-pilotos-de-la-f1-de-esta-temporada-5.jpg\" loading=\"lazy\"><br \/>\n<\/a>\n<\/picture>\n<\/div>\n<\/div><\/div>\n<\/div>\n<div class=\"sp__SM\">\n<div class=\"content-new \">\n<span class=\"tit-mobile\">Mir\u00e1 tambi\u00e9n<\/span><\/p>\n<div class=\"mg\">\n<div class=\"wrap-figure\">\n<picture>\n<a href=\"https:\/\/www.ole.com.ar\/fuera-de-juego\/kun-aguero-ibai-llanos-lionel-messi_0_9dIUJH4Dl.html\" target=\"_self\" rel=\"noopener\"><br \/>\n<img class=\"img-responsive\" alt=\"El divertido sketch de Ag\u00fcero con Ibai en el que sale \u00a1Messi!\" src=\"http:\/\/cordobadirecto.com\/wp-content\/uploads\/2021\/12\/el-insolito-top10-de-los-mejores-pilotos-de-la-f1-de-esta-temporada-6.jpg\" loading=\"lazy\"><br \/>\n<\/a>\n<\/picture>\n<\/div>\n<\/div><\/div>\n<\/div>\n<div class=\"entry-tags\">\n<h2>TEMAS QUE APARECEN EN ESTA NOTA<\/h2>\n<\/p><\/div>\n","protected":false},"excerpt":{"rendered":"<p>La temporada de F\u00f3rmula 1 termin\u00f3 hace algunas semanas, pero todav\u00eda se contin\u00faa hablando de uno de los mejores a\u00f1os de la historia del deporte automotor. Sin dudas, la definici\u00f3n entre Max Verstappen y Lewis Hamilton por el t\u00edtulo fue apasionante y cautiv\u00f3 a miles de fan\u00e1ticos a lo largo del mundo. El neerland\u00e9s se [&hellip;]<\/p>\n","protected":false},"author":1,"featured_media":36060,"comment_status":"closed","ping_status":"closed","sticky":false,"template":"","format":"standard","meta":[],"categories":[21],"tags":[],"_links":{"self":[{"href":"http:\/\/cordobadirecto.com\/index.php\/wp-json\/wp\/v2\/posts\/36059"}],"collection":[{"href":"http:\/\/cordobadirecto.com\/index.php\/wp-json\/wp\/v2\/posts"}],"about":[{"href":"http:\/\/cordobadirecto.com\/index.php\/wp-json\/wp\/v2\/types\/post"}],"author":[{"embeddable":true,"href":"http:\/\/cordobadirecto.com\/index.php\/wp-json\/wp\/v2\/users\/1"}],"replies":[{"embeddable":true,"href":"http:\/\/cordobadirecto.com\/index.php\/wp-json\/wp\/v2\/comments?post=36059"}],"version-history":[{"count":0,"href":"http:\/\/cordobadirecto.com\/index.php\/wp-json\/wp\/v2\/posts\/36059\/revisions"}],"wp:featuredmedia":[{"embeddable":true,"href":"http:\/\/cordobadirecto.com\/index.php\/wp-json\/wp\/v2\/media\/36060"}],"wp:attachment":[{"href":"http:\/\/cordobadirecto.com\/index.php\/wp-json\/wp\/v2\/media?parent=36059"}],"wp:term":[{"taxonomy":"category","embeddable":true,"href":"http:\/\/cordobadirecto.com\/index.php\/wp-json\/wp\/v2\/categories?post=36059"},{"taxonomy":"post_tag","embeddable":true,"href":"http:\/\/cordobadirecto.com\/index.php\/wp-json\/wp\/v2\/tags?post=36059"}],"curies":[{"name":"wp","href":"https:\/\/api.w.org\/{rel}","templated":true}]}}