{"id":36065,"date":"2021-12-28T21:06:10","date_gmt":"2021-12-28T21:06:10","guid":{"rendered":"https:\/\/es.digitaltrends.com\/?p=904737"},"modified":"2021-12-28T21:06:10","modified_gmt":"2021-12-28T21:06:10","slug":"nueva-york-quiere-castigar-a-las-redes-sociales-por-noticias-falsas","status":"publish","type":"post","link":"http:\/\/cordobadirecto.com\/index.php\/2021\/12\/28\/nueva-york-quiere-castigar-a-las-redes-sociales-por-noticias-falsas\/","title":{"rendered":"Nueva York quiere castigar a las redes sociales por noticias falsas"},"content":{"rendered":"<div><img src=\"http:\/\/cordobadirecto.com\/wp-content\/uploads\/2021\/12\/nueva-york-quiere-castigar-a-las-redes-sociales-por-noticias-falsas.jpg\" class=\"ff-og-image-inserted\"><\/div>\n<p>En el estado de Nueva York, un congresista lanz\u00f3&nbsp;<a href=\"https:\/\/www.nysenate.gov\/newsroom\/press-releases\/brad-hoylman\/anniversary-january-6-insurrection-approaches-senator-brad\">un proyecto de ley<\/a> que busca que las empresas detr\u00e1s de las redes sociales puedan hacerse responsables de la desinformaci\u00f3n y las noticias falsas que se reparten por medio de sus plataformas.<\/p>\n<p>Este proyecto de ley fue propuesto por el senador estatal Brad Hoylman, del Partido Dem\u00f3crata. Hoylman asegura que se necesitan \u201csoluciones reales\u201d para combatir el problema de las noticias falsas, la desinformaci\u00f3n y los discursos de odio que pululan en redes sociales. \u201cLa vida de algunas personas est\u00e1 en peligro y nadie se hace responsable\u201d, indic\u00f3.<\/p>\n<p>Hoylman cree que es posible hacer algo para evitar que las compa\u00f1\u00edas de redes sociales sigan facilitando la propagaci\u00f3n de discursos nocivos, que muchas veces son convenientes para esas empresas por la cantidad de ingresos que generan.<\/p>\n<blockquote class=\"h-lazy-embed\" data-width=\"500\" data-dnt=\"true\" data-initial-classes=\"twitter-tweet\" data-embed-name=\"twitter\" data-sdk-src=\"\/\/platform.twitter.com\/widgets.js\">\n<p lang=\"en\" dir=\"ltr\">Hate speech. Anti-vaxx lies. Eating disorders.<\/p>\n<p>We know that algorithms written by social media platforms prioritize these messages.<\/p>\n<p>That\u2019s why I\u2019ve introduced legislation to hold platforms liable for hate &amp;amp; lies their algorithms promote.<br \/><a href=\"https:\/\/t.co\/2QCqKrneoJ\">https:\/\/t.co\/2QCqKrneoJ<\/a> <a href=\"https:\/\/twitter.com\/bern_hogan?ref_src=twsrc%5Etfw\">@bern_hogan<\/a><\/p>\n<p>&amp;mdash; Senator Brad Hoylman (@bradhoylman) <a href=\"https:\/\/twitter.com\/bradhoylman\/status\/1475564078697369604?ref_src=twsrc%5Etfw\">December 27, 2021<\/a><\/p>\n<\/blockquote>\n<p>Pero de acuerdo con los expertos, este proyecto dif\u00edcilmente se va a materializar en una ley como tal. Y esto porque lo que Brad Hoylman propone regular est\u00e1, precisamente, bajo el paraguas de la primera enmienda de la constituci\u00f3n de Estados Unidos, seg\u00fan lo que reporta <a href=\"https:\/\/nypost.com\/2021\/12\/26\/ny-bill-aims-to-hold-social-media-companies-accountable-for-disinformation\/?utm_source=reddit.com\">The New York Post<\/a>.<\/p>\n<p>Seg\u00fan Eric Goldman, profesor de leyes de la Universidad de Santa Clara, en California, el proyecto de ley \u201cbusca restringir la diseminaci\u00f3n de contenido protegido por la constituci\u00f3n\u201d y, por lo tanto, es inconstitucional. Por otra parte, muchas veces puede ser dif\u00edcil distinguir cuando un contenido es realmente da\u00f1ino o que busca desinformar, sobre todo en lo relacionado a la pandemia del coronavirus, de acuerdo con el abogado David Greene de la Electronic Frontier Foundation.<\/p>\n<p>Mientras este proyecto avanza, las compa\u00f1\u00edas detr\u00e1s de Facebook y Twitter hacen sus propios esfuerzos para moderar el contenido que publican los usuarios, incluso <a href=\"https:\/\/es.digitaltrends.com\/sociales\/inteligencia-artificial-facebook-contenido-incita-odio\/\">mediante algoritmos de inteligencia artificial<\/a>.<\/p>\n<h4 class=\"h-editors-recs-title\"> Recomendaciones del editor\t<\/h4>\n<p> <span id=\"publisher-md\" itemprop=\"publisher\" itemscope itemtype=\"https:\/\/schema.org\/Organization\"> <span itemprop=\"url\" itemtype=\"https:\/\/schema.org\/Url\" content=\"https:\/\/es.digitaltrends.com\"> <span itemprop=\"logo\" itemscope itemtype=\"https:\/\/schema.org\/ImageObject\"> <meta itemprop=\"url\" content=\"https:\/\/cdn.dtcn.com\/dt\/dt-logo-small.png\"> <meta itemprop=\"width\" content=\"0\"> <meta itemprop=\"height\" content=\"0\"> <\/span> <meta itemprop=\"name\" content=\"Digital Trends Espa\u00f1ol\"> <\/span> <span itemprop=\"image\" itemscope itemtype=\"https:\/\/schema.org\/ImageObject\"> <meta itemprop=\"url\" content=\"http:\/\/cordobadirecto.com\/wp-content\/uploads\/2021\/12\/nueva-york-quiere-castigar-a-las-redes-sociales-por-noticias-falsas.jpg\"> <\/span> <\/span><\/p>\n","protected":false},"excerpt":{"rendered":"<p>En el estado de Nueva York, un congresista lanz\u00f3&nbsp;un proyecto de ley que busca que las empresas detr\u00e1s de las redes sociales puedan hacerse responsables de la desinformaci\u00f3n y las noticias falsas que se reparten por medio de sus plataformas. Este proyecto de ley fue propuesto por el senador estatal Brad Hoylman, del Partido Dem\u00f3crata. [&hellip;]<\/p>\n","protected":false},"author":1,"featured_media":36066,"comment_status":"closed","ping_status":"closed","sticky":false,"template":"","format":"standard","meta":[],"categories":[26],"tags":[],"_links":{"self":[{"href":"http:\/\/cordobadirecto.com\/index.php\/wp-json\/wp\/v2\/posts\/36065"}],"collection":[{"href":"http:\/\/cordobadirecto.com\/index.php\/wp-json\/wp\/v2\/posts"}],"about":[{"href":"http:\/\/cordobadirecto.com\/index.php\/wp-json\/wp\/v2\/types\/post"}],"author":[{"embeddable":true,"href":"http:\/\/cordobadirecto.com\/index.php\/wp-json\/wp\/v2\/users\/1"}],"replies":[{"embeddable":true,"href":"http:\/\/cordobadirecto.com\/index.php\/wp-json\/wp\/v2\/comments?post=36065"}],"version-history":[{"count":0,"href":"http:\/\/cordobadirecto.com\/index.php\/wp-json\/wp\/v2\/posts\/36065\/revisions"}],"wp:featuredmedia":[{"embeddable":true,"href":"http:\/\/cordobadirecto.com\/index.php\/wp-json\/wp\/v2\/media\/36066"}],"wp:attachment":[{"href":"http:\/\/cordobadirecto.com\/index.php\/wp-json\/wp\/v2\/media?parent=36065"}],"wp:term":[{"taxonomy":"category","embeddable":true,"href":"http:\/\/cordobadirecto.com\/index.php\/wp-json\/wp\/v2\/categories?post=36065"},{"taxonomy":"post_tag","embeddable":true,"href":"http:\/\/cordobadirecto.com\/index.php\/wp-json\/wp\/v2\/tags?post=36065"}],"curies":[{"name":"wp","href":"https:\/\/api.w.org\/{rel}","templated":true}]}}