{"id":36288,"date":"2021-12-30T18:29:00","date_gmt":"2021-12-30T18:29:00","guid":{"rendered":"http:\/\/cordobadirecto.com\/index.php\/2021\/12\/30\/desde-el-1-de-enero-armenia-levanta-su-embargo-a-productos-turcos\/"},"modified":"2021-12-30T18:29:00","modified_gmt":"2021-12-30T18:29:00","slug":"desde-el-1-de-enero-armenia-levanta-su-embargo-a-productos-turcos","status":"publish","type":"post","link":"http:\/\/cordobadirecto.com\/index.php\/2021\/12\/30\/desde-el-1-de-enero-armenia-levanta-su-embargo-a-productos-turcos\/","title":{"rendered":"Desde el 1\u00b0 de enero, Armenia levanta su embargo a productos turcos"},"content":{"rendered":"<figure class=\"mb-3\"><img loading=\"lazy\" src=\"http:\/\/cordobadirecto.com\/wp-content\/uploads\/2021\/12\/desde-el-1-de-enero-armenia-levanta-su-embargo-a-productos-turcos.jpg\" width=\"100%\" height=\"100%\" alt=\"El gobierno de Nikol Pashinian haba establecido un embargo a productos de origen turco el ao pasado \"><figcaption> El gobierno de Nikol Pashinian hab\u00eda establecido un embargo a productos de origen turco el a\u00f1o pasado. <\/figcaption><\/figure>\n<p>El Gobierno armenio anunci\u00f3 este jueves que<strong> levantar\u00e1 a partir del 1 de enero su embargo a los productos turcos<\/strong>, vigente desde hace un a\u00f1o, mientras ambos Gobiernos tratan de normalizar sus hist\u00f3ricas tensas relaciones.<\/p>\n<p>&#8220;Se decidi\u00f3 no prolongar el embargo a la importaci\u00f3n de productos turcos a nuestro pa\u00eds&#8221;, anunci\u00f3 a trav\u00e9s de un comunicado el Ministerio de Econom\u00eda armenio.<\/p>\n<p>La medida, que se empez\u00f3 a aplicar el 1 de enero de 2021 despu\u00e9s de que Turqu\u00eda apoyara a Azerbaiy\u00e1n en la guerra del a\u00f1o pasado contra Armenia, terminar\u00e1 ma\u00f1ana por la noche, inform\u00f3 la agencia de noticias AFP.<\/p>\n<p><strong>&#8220;Esperamos que, en virtud del principio de reciprocidad, se pongan en marcha condiciones favorables para permitir la exportaci\u00f3n de productos armenios&#8221;<\/strong> a Turqu\u00eda, detall\u00f3 la cartera de econom\u00eda tras varios gestos de apaciguamiento entre ambos pa\u00edses en las \u00faltimas semanas.<\/p>\n<p>El Gobierno armenio consider\u00f3 que el embargo tuvo un impacto &#8220;positivo&#8221; porque favoreci\u00f3 la creaci\u00f3n de empresas en el pa\u00eds, pero que ten\u00eda la consecuencia &#8220;negativa&#8221; de incentivar la inflaci\u00f3n.<\/p>\n<p>Ambos pa\u00edses nombraron, a mediados de diciembre, emisarios para normalizar las relaciones y las compa\u00f1\u00edas a\u00e9reas armenias y turcas presentaron solicitudes para efectuar vuelos ch\u00e1rter entre ambos pa\u00edses.<\/p>\n<p>Armenia y Turqu\u00eda mantienen unas relaciones hist\u00f3ricamente tensas, sobre todo porque el Gobierno turco se niega a reconocer como genocidio las masacres de armenios cometidas por el Imperio Otomano durante la Primera Guerra Mundial. <\/p>\n","protected":false},"excerpt":{"rendered":"<p>El gobierno de Nikol Pashinian hab\u00eda establecido un embargo a productos de origen turco el a\u00f1o pasado. El Gobierno armenio anunci\u00f3 este jueves que levantar\u00e1 a partir del 1 de enero su embargo a los productos turcos, vigente desde hace un a\u00f1o, mientras ambos Gobiernos tratan de normalizar sus hist\u00f3ricas tensas relaciones. &#8220;Se decidi\u00f3 no [&hellip;]<\/p>\n","protected":false},"author":1,"featured_media":36289,"comment_status":"closed","ping_status":"closed","sticky":false,"template":"","format":"standard","meta":[],"categories":[24],"tags":[],"_links":{"self":[{"href":"http:\/\/cordobadirecto.com\/index.php\/wp-json\/wp\/v2\/posts\/36288"}],"collection":[{"href":"http:\/\/cordobadirecto.com\/index.php\/wp-json\/wp\/v2\/posts"}],"about":[{"href":"http:\/\/cordobadirecto.com\/index.php\/wp-json\/wp\/v2\/types\/post"}],"author":[{"embeddable":true,"href":"http:\/\/cordobadirecto.com\/index.php\/wp-json\/wp\/v2\/users\/1"}],"replies":[{"embeddable":true,"href":"http:\/\/cordobadirecto.com\/index.php\/wp-json\/wp\/v2\/comments?post=36288"}],"version-history":[{"count":0,"href":"http:\/\/cordobadirecto.com\/index.php\/wp-json\/wp\/v2\/posts\/36288\/revisions"}],"wp:featuredmedia":[{"embeddable":true,"href":"http:\/\/cordobadirecto.com\/index.php\/wp-json\/wp\/v2\/media\/36289"}],"wp:attachment":[{"href":"http:\/\/cordobadirecto.com\/index.php\/wp-json\/wp\/v2\/media?parent=36288"}],"wp:term":[{"taxonomy":"category","embeddable":true,"href":"http:\/\/cordobadirecto.com\/index.php\/wp-json\/wp\/v2\/categories?post=36288"},{"taxonomy":"post_tag","embeddable":true,"href":"http:\/\/cordobadirecto.com\/index.php\/wp-json\/wp\/v2\/tags?post=36288"}],"curies":[{"name":"wp","href":"https:\/\/api.w.org\/{rel}","templated":true}]}}