{"id":36427,"date":"2021-12-31T12:19:02","date_gmt":"2021-12-31T12:19:02","guid":{"rendered":"http:\/\/cordobadirecto.com\/index.php\/2021\/12\/31\/competencia-oficial-de-cohn-y-duprat-abre-el-jose-ignacio-international-film-fest\/"},"modified":"2021-12-31T12:19:02","modified_gmt":"2021-12-31T12:19:02","slug":"competencia-oficial-de-cohn-y-duprat-abre-el-jose-ignacio-international-film-fest","status":"publish","type":"post","link":"http:\/\/cordobadirecto.com\/index.php\/2021\/12\/31\/competencia-oficial-de-cohn-y-duprat-abre-el-jose-ignacio-international-film-fest\/","title":{"rendered":"&#8220;Competencia Oficial&#8221;, de Cohn y Duprat, abre el Jos\u00e9 Ignacio International Film Fest"},"content":{"rendered":"<figure class=\"mb-3\"><img loading=\"lazy\" src=\"http:\/\/cordobadirecto.com\/wp-content\/uploads\/2021\/12\/competencia-oficial-de-cohn-y-duprat-abre-el-jose-ignacio-international-film-fest.jpg\" width=\"100%\" height=\"100%\" alt=\"Antonio Banderas Penlope Cruz y Oscar Martnez figuras centrales\"><figcaption> Antonio Banderas, Pen\u00e9lope Cruz y Oscar Mart\u00ednez, figuras centrales. <\/figcaption><\/figure>\n<p>La pel\u00edcula<strong> \u201cCompetencia Oficial\u201d,<\/strong> de los argentinos <strong>Mariano Cohn <\/strong>y<strong> Gast\u00f3n Duprat<\/strong> (\u201cEl ciudadano ilustre\u201d, \u201cMi obra maestra\u201d, \u201c4&#215;4\u201d, \u201cEl hombre de al lado\u201d), ser\u00e1 la encargada de abrir la 12da. edici\u00f3n del Jos\u00e9 Ignacio International Film Festival, que se desarrollar\u00e1 en esa localidad uruguaya del 15 al 23 de enero de 2022.<\/p>\n<p>El filme, que se proyectar\u00e1 al aire libre en la Bajada de los Pescadores de Jos\u00e9 Ignacio, es protagonizado por <strong>Pen\u00e9lope Cruz, Antonio Banderas y Oscar Mart\u00ednez.<\/strong><\/p>\n<p>La trama se centra en el capricho de un millonario de hacer una pel\u00edcula que quede en la historia y para eso contrata a la prestigiosa realizadora Lola Cuevas (Pen\u00e9lope Cruz) y dos reconocidos int\u00e9rpretes: F\u00e9lix Rivero (Antonio Banderas) e Iv\u00e1n Torres (Oscar Mart\u00ednez).<\/p>\n<div class=\"video_repositive\"> <a class=\"video_sticky\" href=\"javascript:void();\" onclick=\"removeStuckVideo(true);\"><i class=\"far fa-window-close\"><\/i><\/a> <\/p>\n<div id=\"tgWC96QAmDI\" class=\"video_telam\" readability=\"6\">\n<div class=\"feature_article_inner\" readability=\"32\">\n<p><h2 class=\"text-center\">Teaser &#8220;Competencia Oficial&#8221;<\/h2>\n<\/p><\/div>\n<p>VER VIDEO <i class=\"fas fa-play\"><\/i><\/p>\n<\/p><\/div><\/div>\n<p>Adem\u00e1s de los egos desatados de ambos actores, uno con las veleidades de Hollywood (Rivero) y el otro de estricta formaci\u00f3n teatral (Torres), el proyecto tendr\u00e1 que superar una exc\u00e9ntrica serie de pruebas establecidas por Lola Cuevas, que los obligar\u00e1 enfrentarse entre s\u00ed.<\/p>\n<p>\u201cCompetencia Oficial\u201d,<strong> tuvo su premiere mundial en la secci\u00f3n oficial del Festival Internacional de Cine de Venecia<\/strong> y <strong>tambi\u00e9n particip\u00f3 en los festivales de San Sebasti\u00e1n<\/strong> (Espa\u00f1a) y en el de<strong> Toronto<\/strong> (Canad\u00e1).<\/p>\n<p>El estreno de la pel\u00edcula en Argentina est\u00e1 previsto para el 17 de marzo distribuida por Star Distribution, mientras que Buena Vista International ser\u00e1 la compa\u00f1\u00eda encargada que llegue a las salas de Espa\u00f1a. <\/p>\n","protected":false},"excerpt":{"rendered":"<p>Antonio Banderas, Pen\u00e9lope Cruz y Oscar Mart\u00ednez, figuras centrales. La pel\u00edcula \u201cCompetencia Oficial\u201d, de los argentinos Mariano Cohn y Gast\u00f3n Duprat (\u201cEl ciudadano ilustre\u201d, \u201cMi obra maestra\u201d, \u201c4&#215;4\u201d, \u201cEl hombre de al lado\u201d), ser\u00e1 la encargada de abrir la 12da. edici\u00f3n del Jos\u00e9 Ignacio International Film Festival, que se desarrollar\u00e1 en esa localidad uruguaya del [&hellip;]<\/p>\n","protected":false},"author":1,"featured_media":36428,"comment_status":"closed","ping_status":"closed","sticky":false,"template":"","format":"standard","meta":[],"categories":[20],"tags":[],"_links":{"self":[{"href":"http:\/\/cordobadirecto.com\/index.php\/wp-json\/wp\/v2\/posts\/36427"}],"collection":[{"href":"http:\/\/cordobadirecto.com\/index.php\/wp-json\/wp\/v2\/posts"}],"about":[{"href":"http:\/\/cordobadirecto.com\/index.php\/wp-json\/wp\/v2\/types\/post"}],"author":[{"embeddable":true,"href":"http:\/\/cordobadirecto.com\/index.php\/wp-json\/wp\/v2\/users\/1"}],"replies":[{"embeddable":true,"href":"http:\/\/cordobadirecto.com\/index.php\/wp-json\/wp\/v2\/comments?post=36427"}],"version-history":[{"count":0,"href":"http:\/\/cordobadirecto.com\/index.php\/wp-json\/wp\/v2\/posts\/36427\/revisions"}],"wp:featuredmedia":[{"embeddable":true,"href":"http:\/\/cordobadirecto.com\/index.php\/wp-json\/wp\/v2\/media\/36428"}],"wp:attachment":[{"href":"http:\/\/cordobadirecto.com\/index.php\/wp-json\/wp\/v2\/media?parent=36427"}],"wp:term":[{"taxonomy":"category","embeddable":true,"href":"http:\/\/cordobadirecto.com\/index.php\/wp-json\/wp\/v2\/categories?post=36427"},{"taxonomy":"post_tag","embeddable":true,"href":"http:\/\/cordobadirecto.com\/index.php\/wp-json\/wp\/v2\/tags?post=36427"}],"curies":[{"name":"wp","href":"https:\/\/api.w.org\/{rel}","templated":true}]}}