{"id":36445,"date":"2021-12-31T14:06:49","date_gmt":"2021-12-31T14:06:49","guid":{"rendered":"http:\/\/cordobadirecto.com\/index.php\/2021\/12\/31\/las-ventas-minoristas-en-cordoba-crecieron-un-223-en-relacion-a-2020-hoy-dia-cordoba\/"},"modified":"2021-12-31T14:06:49","modified_gmt":"2021-12-31T14:06:49","slug":"las-ventas-minoristas-en-cordoba-crecieron-un-223-en-relacion-a-2020-hoy-dia-cordoba","status":"publish","type":"post","link":"http:\/\/cordobadirecto.com\/index.php\/2021\/12\/31\/las-ventas-minoristas-en-cordoba-crecieron-un-223-en-relacion-a-2020-hoy-dia-cordoba\/","title":{"rendered":"Las ventas minoristas en <b>C\u00f3rdoba<\/b> crecieron un 2,23% en relaci\u00f3n a 2020 | Hoy D\u00eda <b>C\u00f3rdoba<\/b>"},"content":{"rendered":"<p>\u201cSe mantienen precavidas, expectantes frente al desconcierto de lo que puede pasar en materia sanitaria y <b>econ\u00f3mica<\/b>. <\/p>\n","protected":false},"excerpt":{"rendered":"<p>\u201cSe mantienen precavidas, expectantes frente al desconcierto de lo que puede pasar en materia sanitaria y econ\u00f3mica.<\/p>\n","protected":false},"author":1,"featured_media":0,"comment_status":"closed","ping_status":"closed","sticky":false,"template":"","format":"standard","meta":[],"categories":[40],"tags":[],"_links":{"self":[{"href":"http:\/\/cordobadirecto.com\/index.php\/wp-json\/wp\/v2\/posts\/36445"}],"collection":[{"href":"http:\/\/cordobadirecto.com\/index.php\/wp-json\/wp\/v2\/posts"}],"about":[{"href":"http:\/\/cordobadirecto.com\/index.php\/wp-json\/wp\/v2\/types\/post"}],"author":[{"embeddable":true,"href":"http:\/\/cordobadirecto.com\/index.php\/wp-json\/wp\/v2\/users\/1"}],"replies":[{"embeddable":true,"href":"http:\/\/cordobadirecto.com\/index.php\/wp-json\/wp\/v2\/comments?post=36445"}],"version-history":[{"count":0,"href":"http:\/\/cordobadirecto.com\/index.php\/wp-json\/wp\/v2\/posts\/36445\/revisions"}],"wp:attachment":[{"href":"http:\/\/cordobadirecto.com\/index.php\/wp-json\/wp\/v2\/media?parent=36445"}],"wp:term":[{"taxonomy":"category","embeddable":true,"href":"http:\/\/cordobadirecto.com\/index.php\/wp-json\/wp\/v2\/categories?post=36445"},{"taxonomy":"post_tag","embeddable":true,"href":"http:\/\/cordobadirecto.com\/index.php\/wp-json\/wp\/v2\/tags?post=36445"}],"curies":[{"name":"wp","href":"https:\/\/api.w.org\/{rel}","templated":true}]}}