{"id":36446,"date":"2021-12-30T15:49:37","date_gmt":"2021-12-30T15:49:37","guid":{"rendered":"https:\/\/cordoba.gob.ar\/?p=19093"},"modified":"2021-12-30T15:49:37","modified_gmt":"2021-12-30T15:49:37","slug":"el-predio-de-piedras-blancas-tendra-un-parque-de-la-economia-circular","status":"publish","type":"post","link":"http:\/\/cordobadirecto.com\/index.php\/2021\/12\/30\/el-predio-de-piedras-blancas-tendra-un-parque-de-la-economia-circular\/","title":{"rendered":"El predio de Piedras Blancas tendr\u00e1 un Parque de la Econom\u00eda Circular"},"content":{"rendered":"<div><img src=\"http:\/\/cordobadirecto.com\/wp-content\/uploads\/2021\/12\/el-predio-de-piedras-blancas-tendra-un-parque-de-la-economia-circular.jpg\" class=\"ff-og-image-inserted\"><\/div>\n<ul>\n<li><strong>Lo aprob\u00f3 ayer el Concejo Deliberante. Ser\u00e1 el primero del pa\u00eds.<\/strong><\/li>\n<li><strong>Con esta iniciativa, C\u00f3rdoba camina hacia la \u201cIndustria de la Econom\u00eda Circular\u201d, expres\u00f3 Jorge Folloni.<\/strong><\/li>\n<\/ul>\n<hr>\n<p>El Concejo Deliberante aprob\u00f3 ayer la ordenanza que habilita la creaci\u00f3n del primer parque de la Econom\u00eda Circular del pa\u00eds. Funcionar\u00e1 en el predio de Piedras Blancas, lo cual lo convierte en un hecho in\u00e9dito, ya que posibilitar\u00e1 que las empresas puedan radicarse en el sector donde llegan los residuos y procesarlos \u201cin situ\u201d.<\/p>\n<p>En el lugar podr\u00e1n desarrollarse actividades de tipo industrial que se encuentren directamente vinculadas a procesos de tratamiento, revaloraci\u00f3n o reutilizaci\u00f3n de los residuos, en pos del desarrollo sostenible y el fomento de la econom\u00eda circular.<\/p>\n<p>El secretario de Gesti\u00f3n Ambiental, Jorge Folloni, aseguro que esta iniciativa dar\u00e1 inicio a la \u201cIndustria de la Econom\u00eda Circular\u201d, no s\u00f3lo por la actividad de recuperaci\u00f3n en s\u00ed misma, sino tambi\u00e9n por todos los equipos, insumos y servicios que se necesitan para que esto se concrete.<\/p>\n<p>Folloni sostuvo que la aprobaci\u00f3n de esta ordenanza permite proyectar para la ciudad acciones a una escala nunca antes vista en nuestra Provincia, como la instalaci\u00f3n de una Planta de Recuperaci\u00f3n de Combustibles Derivados de Residuos que est\u00e1 en funcionamiento.<\/p>\n<p>El funcionario hace referencia as\u00ed al trabajo que realiza Geocycle, una empresa del grupo Holcim, que con una inversi\u00f3n de un mill\u00f3n de d\u00f3lares utiliza un proceso de clasificaci\u00f3n autom\u00e1tica de residuos que lo transforma en combustible que luego se utiliza en el horno de cemento que est\u00e1 en Malague\u00f1o.<\/p>\n<p><em>\u201cLa decisi\u00f3n del Intendente Mart\u00edn Llaryora es que la cantidad y variedad de los materiales que llegan para ser enterrados, aseguran una fuente de gran escala para este tipo de proyectos, con una gran capacidad de integraci\u00f3n entre las distintas tecnolog\u00edas y con la posibilidad de transformar los residuos en materias primas o productos elaborados, muchos de ellos en el mismo predio o en nuestras industrias\u201d,<\/em> explic\u00f3 Folloni.<\/p>\n<p>Con esta mirada se busca maximizar los procesos de reciclaje de residuos s\u00f3lidos urbanos, reduciendo as\u00ed el volumen de enterramiento en los predios destinados para su disposici\u00f3n final.<\/p>\n<p>En sus fundamentos, el texto aprobado ayer afirma que el principio rector es <em>\u201cla Gesti\u00f3n Integral de Residuos S\u00f3lidos Urbanos en todas sus etapas, como un proceso de actividades interdependientes y complementarias entre s\u00ed, y en el marco del Plan Municipal de Gesti\u00f3n Integral de Residuos S\u00f3lidos Urbanos, para garantizar y afianzar el desarrollo local sostenible sustentable y sostenible en beneficio de toda la comunidad\u201d.<\/em><\/p>\n<p>Cabe recordar que la Municipalidad de C\u00f3rdoba viene implementando distintas acciones y programas vinculados al reciclado, el cuidado del ambiente, la sostenibilidad y el fomento de la Econom\u00eda Circular como modelo de producci\u00f3n y consumo responsable, promoviendo la reducci\u00f3n de residuos y su reinserci\u00f3n a los procesos productivos.<\/p>\n<p>Entre las acciones desarrolladas, cabe rescatar el trabajo de los Centros Verdes y el primer Centro de Transferencia de Residuos, transformando basurales en espacios de utilidad para la gesti\u00f3n y reutilizaci\u00f3n de residuos, promoviendo el reciclado y el modelo de la Econom\u00eda Circular de manera activa.<\/p>\n","protected":false},"excerpt":{"rendered":"<p>Lo aprob\u00f3 ayer el Concejo Deliberante. Ser\u00e1 el primero del pa\u00eds. Con esta iniciativa, C\u00f3rdoba camina hacia la \u201cIndustria de la Econom\u00eda Circular\u201d, expres\u00f3 Jorge Folloni. El Concejo Deliberante aprob\u00f3 ayer la ordenanza que habilita la creaci\u00f3n del primer parque de la Econom\u00eda Circular del pa\u00eds. Funcionar\u00e1 en el predio de Piedras Blancas, lo cual [&hellip;]<\/p>\n","protected":false},"author":1,"featured_media":36447,"comment_status":"closed","ping_status":"closed","sticky":false,"template":"","format":"standard","meta":[],"categories":[44],"tags":[],"_links":{"self":[{"href":"http:\/\/cordobadirecto.com\/index.php\/wp-json\/wp\/v2\/posts\/36446"}],"collection":[{"href":"http:\/\/cordobadirecto.com\/index.php\/wp-json\/wp\/v2\/posts"}],"about":[{"href":"http:\/\/cordobadirecto.com\/index.php\/wp-json\/wp\/v2\/types\/post"}],"author":[{"embeddable":true,"href":"http:\/\/cordobadirecto.com\/index.php\/wp-json\/wp\/v2\/users\/1"}],"replies":[{"embeddable":true,"href":"http:\/\/cordobadirecto.com\/index.php\/wp-json\/wp\/v2\/comments?post=36446"}],"version-history":[{"count":0,"href":"http:\/\/cordobadirecto.com\/index.php\/wp-json\/wp\/v2\/posts\/36446\/revisions"}],"wp:featuredmedia":[{"embeddable":true,"href":"http:\/\/cordobadirecto.com\/index.php\/wp-json\/wp\/v2\/media\/36447"}],"wp:attachment":[{"href":"http:\/\/cordobadirecto.com\/index.php\/wp-json\/wp\/v2\/media?parent=36446"}],"wp:term":[{"taxonomy":"category","embeddable":true,"href":"http:\/\/cordobadirecto.com\/index.php\/wp-json\/wp\/v2\/categories?post=36446"},{"taxonomy":"post_tag","embeddable":true,"href":"http:\/\/cordobadirecto.com\/index.php\/wp-json\/wp\/v2\/tags?post=36446"}],"curies":[{"name":"wp","href":"https:\/\/api.w.org\/{rel}","templated":true}]}}