{"id":37138,"date":"2022-01-04T12:59:02","date_gmt":"2022-01-04T12:59:02","guid":{"rendered":"https:\/\/www.ole.com.ar\/futbol-ascenso\/p-nacional-madryn-refuerzos-mercado_0_vKnleVSfg.html"},"modified":"2022-01-04T12:59:02","modified_gmt":"2022-01-04T12:59:02","slug":"deportivo-madryn-sigue-sumando-refuerzos","status":"publish","type":"post","link":"http:\/\/cordobadirecto.com\/index.php\/2022\/01\/04\/deportivo-madryn-sigue-sumando-refuerzos\/","title":{"rendered":"Deportivo Madryn sigue sumando refuerzos"},"content":{"rendered":"<p>Deportivo Madryn empez\u00f3 el 2022 como termin\u00f3 el 2021, sumando nombres para el plantel. Nicol\u00e1s S\u00e1nchez se transform\u00f3 en nuevo jugador del Aurinegro. El mediocampista de 29 a\u00f1os llega proveniente de Brown de Adrogu\u00e9, de la Primera Nacional. Anteriormente, jug\u00f3 Sarmiento de Jun\u00edn, Godoy Cruz, Villa D\u00e1lmine y Mitre de Santiago del Estero.<\/p>\n<div class=\"sp__SM\">\n<div class=\"content-new \">\n<span class=\"tit-mobile\">Mir\u00e1 tambi\u00e9n<\/span><\/p>\n<div class=\"mg\">\n<div class=\"wrap-figure\">\n<picture>\n<a href=\"https:\/\/www.ole.com.ar\/futbol-ascenso\/primera-b-juan-rivas-sigue-andes_0_DX4ZL1plA.html\" target=\"_self\" rel=\"noopener\"><br \/>\n<img class=\"img-responsive\" alt=\"Una buena en Lomas: Juan Rivas continuar\u00e1 en Los Andes\" src=\"http:\/\/cordobadirecto.com\/wp-content\/uploads\/2022\/01\/deportivo-madryn-sigue-sumando-refuerzos.jpg\" loading=\"lazy\"><br \/>\n<\/a>\n<\/picture>\n<\/div>\n<\/div><\/div>\n<\/div>\n<p>Ya est\u00e1 bajo las ordenes de Ricardo Pancaldo. Su llegada su suma a las de Yair Bonin, Cristian Gonz\u00e1lez, Franco Flores, Lucas Pruzzo, Sebasti\u00e1n Hern\u00e1ndez Le Pors, Andr\u00e9s Lioi y Federico Recalde. Con todos estos nombres, el plantel mayor ya puso primera en la pretemporada, a la espera del debut en el campeonato, tras lograr el ascenso.<\/p>\n<div class=\"sp__SM\">\n<div class=\"content-new \">\n<span class=\"tit-mobile\">Mir\u00e1 tambi\u00e9n<\/span><\/p>\n<div class=\"mg\">\n<div class=\"wrap-figure\">\n<picture>\n<a href=\"https:\/\/www.ole.com.ar\/futbol-ascenso\/p-nacional-roman-martinez-riestra_0_H_AbJ9MXn.html\" target=\"_self\" rel=\"noopener\"><br \/>\n<img class=\"img-responsive\" alt=\"\u00bfRom\u00e1n Mart\u00ednez a Riestra?\" src=\"http:\/\/cordobadirecto.com\/wp-content\/uploads\/2022\/01\/deportivo-madryn-sigue-sumando-refuerzos-1.jpg\" loading=\"lazy\"><br \/>\n<\/a>\n<\/picture>\n<\/div>\n<\/div><\/div>\n<\/div>\n<p>Anteriormente, dejaron el club:&nbsp;Arqueros: Marcelo Ojeda, Mauricio Nievas; Defensores: Gonzalo Rocaniere, Mauricio Mansilla, Mauro Peinipil, Fabricio Castro, Dylan Leiva, Alan Moreno, Agust\u00edn Griego; Volantes: Fabio Gim\u00e9nez, Marcos P\u00e9rez, Gonzalo Cozzoni, Julio Z\u00fa\u00f1iga; Delanteros: Rodrigo Migone, Jos\u00e9 Michelena, Emiliano L\u00f3pez, Sebasti\u00e1n Jeldres, Leonardo Marinucci, Francisco Molina y Daniel Opazo.<\/p>\n<div class=\"sp__SM\">\n<div class=\"content-new \">\n<span class=\"tit-mobile\">Mir\u00e1 tambi\u00e9n<\/span><\/p>\n<div class=\"mg\">\n<div class=\"wrap-figure\">\n<picture>\n<a href=\"https:\/\/www.ole.com.ar\/futbol-ascenso\/ascenso-copa-argentina-boca-river_0_SEa0zHJea.html\" target=\"_self\" rel=\"noopener\"><br \/>\n<img class=\"img-responsive\" alt=\"As\u00ed les fue en 2021 a los pr\u00f3ximos rivales de River y Boca en Copa Argentina\" src=\"http:\/\/cordobadirecto.com\/wp-content\/uploads\/2022\/01\/deportivo-madryn-sigue-sumando-refuerzos-2.jpg\" loading=\"lazy\"><br \/>\n<\/a>\n<\/picture>\n<\/div>\n<\/div><\/div>\n<\/div>\n<div class=\"sp__SM\">\n<div class=\"content-new \">\n<span class=\"tit-mobile\">Mir\u00e1 tambi\u00e9n<\/span><\/p>\n<div class=\"mg\">\n<div class=\"wrap-figure\">\n<picture>\n<a href=\"https:\/\/www.ole.com.ar\/futbol-ascenso\/lucas-licht-gimnasia_0_kSEycAfLQ.html\" target=\"_self\" rel=\"noopener\"><br \/>\n<img class=\"img-responsive\" alt=\"Licht dej\u00f3 Gimnasia y jugar\u00e1 en el Ascenso\" src=\"http:\/\/cordobadirecto.com\/wp-content\/uploads\/2022\/01\/deportivo-madryn-sigue-sumando-refuerzos-3.jpg\" loading=\"lazy\"><br \/>\n<\/a>\n<\/picture>\n<\/div>\n<\/div><\/div>\n<\/div>\n<div class=\"sp__SM\">\n<div class=\"content-new \">\n<span class=\"tit-mobile\">Mir\u00e1 tambi\u00e9n<\/span><\/p>\n<div class=\"mg\">\n<div class=\"wrap-figure\">\n<picture>\n<a href=\"https:\/\/www.ole.com.ar\/futbol-ascenso\/quilmes-pavone_0__MrJPlh7d.html\" target=\"_self\" rel=\"noopener\"><br \/>\n<img class=\"img-responsive\" alt=\"Pavone se queda en Quilmes para la revancha\" src=\"http:\/\/cordobadirecto.com\/wp-content\/uploads\/2022\/01\/deportivo-madryn-sigue-sumando-refuerzos-4.jpg\" loading=\"lazy\"><br \/>\n<\/a>\n<\/picture>\n<\/div>\n<\/div><\/div>\n<\/div>\n<div class=\"entry-tags\">\n<h2>TEMAS QUE APARECEN EN ESTA NOTA<\/h2>\n<\/p><\/div>\n","protected":false},"excerpt":{"rendered":"<p>Deportivo Madryn empez\u00f3 el 2022 como termin\u00f3 el 2021, sumando nombres para el plantel. Nicol\u00e1s S\u00e1nchez se transform\u00f3 en nuevo jugador del Aurinegro. El mediocampista de 29 a\u00f1os llega proveniente de Brown de Adrogu\u00e9, de la Primera Nacional. Anteriormente, jug\u00f3 Sarmiento de Jun\u00edn, Godoy Cruz, Villa D\u00e1lmine y Mitre de Santiago del Estero. Mir\u00e1 tambi\u00e9n [&hellip;]<\/p>\n","protected":false},"author":1,"featured_media":37139,"comment_status":"closed","ping_status":"closed","sticky":false,"template":"","format":"standard","meta":[],"categories":[21],"tags":[],"_links":{"self":[{"href":"http:\/\/cordobadirecto.com\/index.php\/wp-json\/wp\/v2\/posts\/37138"}],"collection":[{"href":"http:\/\/cordobadirecto.com\/index.php\/wp-json\/wp\/v2\/posts"}],"about":[{"href":"http:\/\/cordobadirecto.com\/index.php\/wp-json\/wp\/v2\/types\/post"}],"author":[{"embeddable":true,"href":"http:\/\/cordobadirecto.com\/index.php\/wp-json\/wp\/v2\/users\/1"}],"replies":[{"embeddable":true,"href":"http:\/\/cordobadirecto.com\/index.php\/wp-json\/wp\/v2\/comments?post=37138"}],"version-history":[{"count":0,"href":"http:\/\/cordobadirecto.com\/index.php\/wp-json\/wp\/v2\/posts\/37138\/revisions"}],"wp:featuredmedia":[{"embeddable":true,"href":"http:\/\/cordobadirecto.com\/index.php\/wp-json\/wp\/v2\/media\/37139"}],"wp:attachment":[{"href":"http:\/\/cordobadirecto.com\/index.php\/wp-json\/wp\/v2\/media?parent=37138"}],"wp:term":[{"taxonomy":"category","embeddable":true,"href":"http:\/\/cordobadirecto.com\/index.php\/wp-json\/wp\/v2\/categories?post=37138"},{"taxonomy":"post_tag","embeddable":true,"href":"http:\/\/cordobadirecto.com\/index.php\/wp-json\/wp\/v2\/tags?post=37138"}],"curies":[{"name":"wp","href":"https:\/\/api.w.org\/{rel}","templated":true}]}}