{"id":37162,"date":"2022-01-04T17:53:00","date_gmt":"2022-01-04T17:53:00","guid":{"rendered":"http:\/\/cordobadirecto.com\/index.php\/2022\/01\/04\/europa-a-merced-de-omicron-crecen-exponencialmente-los-casos\/"},"modified":"2022-01-04T17:53:00","modified_gmt":"2022-01-04T17:53:00","slug":"europa-a-merced-de-omicron-crecen-exponencialmente-los-casos","status":"publish","type":"post","link":"http:\/\/cordobadirecto.com\/index.php\/2022\/01\/04\/europa-a-merced-de-omicron-crecen-exponencialmente-los-casos\/","title":{"rendered":"Europa, a merced de \u00d3micron: crecen exponencialmente los casos"},"content":{"rendered":"<figure class=\"mb-3\"><img loading=\"lazy\" src=\"http:\/\/cordobadirecto.com\/wp-content\/uploads\/2022\/01\/europa-a-merced-de-omicron-crecen-exponencialmente-los-casos.jpg\" width=\"100%\" height=\"100%\" alt=\"Europa vive das complejos por el avance la variante micron Foto AFP\"><figcaption> Europa vive d\u00edas complejos por el avance la variante \u00d3micron. Foto: AFP <\/figcaption><\/figure>\n<p>La situaci\u00f3n sanitaria en Europa provocada por la nueva ola de contagios de coronavirus, desatada por la aparici\u00f3n de la variante \u00d3micron, est\u00e1 generando situaciones extremas en varios pa\u00edses del viejo continente, que ven a diario multiplicarse los casos mientras las autoridades intentan tomar medidas para intentar contener el crecimiento de casos.<\/p>\n<h2 class>Reino Unido<\/h2>\n<p>El Reino Unido super\u00f3 por primera vez los 200.000 casos de coronavirus, pero el primer ministro Boris Johnson no ve necesidad de imponer nuevas restricciones para contener la propagaci\u00f3n de la variante \u00d3micron, dijo este martes su vocero antes de una conferencia de prensa del premier.<\/p>\n<p>Varios hospitales en Inglaterra se declararon en emergencia debido al incremento en las internaciones por el avance de la variante \u00d3micron y la gran cantidad de personal que se encuentra en cuarentena tras dar positivo o haber sido contacto estrecho de un infectado.<\/p>\n<p>La cantidad de casos diarios de coronavirus se dispar\u00f3 en las \u00faltimas semanas, y en las \u00faltimas 24 horas el pa\u00eds registr\u00f3 otros 218.724, un nuevo r\u00e9cord, inform\u00f3 el Ministerio de Salud.<\/p>\n<figure class=\"mb-3\"><img loading=\"lazy\" src=\"http:\/\/cordobadirecto.com\/wp-content\/uploads\/2022\/01\/europa-a-merced-de-omicron-crecen-exponencialmente-los-casos-1.jpg\" width=\"100%\" height=\"100%\" alt=\"Los servicios de salud comienzan a sentir los efectos de la quinta ola de Covid Foto AFP\"><figcaption> Los servicios de salud comienzan a sentir los efectos de la quinta ola de Covid. Foto: AFP <\/figcaption><\/figure>\n<p>Uno de los pa\u00edses m\u00e1s castigados por el coronavirus, el Reino Unido, con 65 millones de habitantes, suma 148.941 muertos confirmados por esta enfermedad, incluidos 48 registrados el martes, agreg\u00f3 el Ministerio.<\/p>\n<p>Johnson impuso algunas restricciones a principios del mes pasado, como el uso de tapabocas en la mayor\u00eda de los sitios de Inglaterra, el teletrabajo siempre que sea posible y un certificado de vacunaci\u00f3n para asistir a eventos masivos.<\/p>\n<p>Sin embargo, d\u00edas antes y d\u00edas despu\u00e9s de Navidad descart\u00f3 restricciones m\u00e1s estrictas, pese a pedidos de expertos m\u00e9dicos y reclamos de sindicatos de enfermeros y enfermeras y luego de que unos 100 diputados de su Partido Conservador se opusieran a las que ya hab\u00eda decretado.<\/p>\n<p>En medio de indicios de que \u00d3micron da lugar a cuadros cl\u00ednicos m\u00e1s leves que otras variantes y gracias a la exitosa campa\u00f1a de refuerzo de la vacunaci\u00f3n, el Gobierno cree que las medidas actuales son suficientes, dijo hoy a periodistas en Londres el vocero del premier, Max Blain.<\/p>\n<p>El Gobierno sigue de cerca la situaci\u00f3n y est\u00e1 preparado para responder si las cosas cambian, prosigui\u00f3.<\/p>\n<h2 class>Francia<\/h2>\n<p>Las autoridades sanitarias francesas registraron cerca de 300.000 nuevas infecciones de coronavirus en las \u00faltimas 24 horas, seg\u00fan inform\u00f3 el ministro de Salud, Oliver V\u00e9ran, mientras el Parlamento se preparaba a reanudar el debate sobre el futuro del pase sanitario, suspendido en la noche del lunes por la oposici\u00f3n.<\/p>\n<figure class=\"mb-3\"><img loading=\"lazy\" src=\"http:\/\/cordobadirecto.com\/wp-content\/uploads\/2022\/01\/europa-a-merced-de-omicron-crecen-exponencialmente-los-casos-2.jpg\" width=\"100%\" height=\"100%\" alt=\"Las autoridades francesas enfrentan un panorama complejo ante la explosin de casos Foto AFP\"><figcaption> Las autoridades francesas enfrentan un panorama complejo ante la explosi\u00f3n de casos. Foto: AFP <\/figcaption><\/figure>\n<p>El Gobierno franc\u00e9s lleva semanas advirtiendo a la poblaci\u00f3n ante la circulaci\u00f3n &#8220;muy activa&#8221; de la variante \u00d3micron en el pa\u00eds, que a finales de diciembre deriv\u00f3 en un m\u00e1ximo de m\u00e1s de 230.000 nuevos casos diarios.<\/p>\n<p>Una disparada de contagios que tambi\u00e9n se explica por el aumento de personas testeadas: la semana pasada 8 millones de personas se hicieron pruebas, tanto PCR como ant\u00edgenos y autodiagn\u00f3sticos, menos precisos pero m\u00e1s r\u00e1pidos.<\/p>\n<p>Actualmente, la tasa de positivos est\u00e1 por encima del 15%, cerca de los r\u00e9cords de oto\u00f1o europeo de 2020.<\/p>\n<p>Adem\u00e1s, la situaci\u00f3n comienza a ser cr\u00edtica tambi\u00e9n en los hospitales, con m\u00e1s de 2.000 internaciones en un solo d\u00eda, advirtieron ayer las autoridades sanitarias.<\/p>\n<p>Ante el avance de esta quinta ola, Ver\u00e1n insisti\u00f3 en que las vacunas son la mejor barrera conocida hasta el momento y destac\u00f3 que &#8220;no impiden el contagio, pero impiden el desarrollo del virus una vez que te infect\u00e1s (&#8230;), y por ello las formas graves&#8221; de la Covid-19.<\/p>\n<p>&#8220;Por cada enfermo vacunado con dosis de refuerzo en reanimaci\u00f3n hay 20 enfermos no vacunados&#8221;, sentenci\u00f3.<\/p>\n<p>En ese sentido, el responsable sanitario inst\u00f3 al Parlamento a retomar el debate para que el pase sanitario s\u00f3lo sea v\u00e1lido con una pauta de vacunaci\u00f3n completa y no con un test negativo, como estaba permitido hasta ahora en Francia.<\/p>\n<h2 class>Italia<\/h2>\n<p>El Gobierno italiano inform\u00f3 este martes 170.844 casos de coronavirus, un nuevo r\u00e9cord desde el inicio de la pandemia en medio del avance de la variante \u00d3micron.<\/p>\n<figure class=\"mb-3\"><img loading=\"lazy\" src=\"http:\/\/cordobadirecto.com\/wp-content\/uploads\/2022\/01\/europa-a-merced-de-omicron-crecen-exponencialmente-los-casos-3.jpg\" width=\"100%\" height=\"100%\" alt=\"Pese al avance de la vacunacin en Italia se multiplican los contagios Foto Xinhua\"><figcaption> Pese al avance de la vacunaci\u00f3n, en Italia se multiplican los contagios. Foto: Xinhua <\/figcaption><\/figure>\n<p>El Ministerio de Salud inform\u00f3 que adem\u00e1s 259 personas murieron en las \u00faltimas 24 horas, lo que elev\u00f3 el total desde el inicio de la pandemia a 138.045. Seg\u00fan la informaci\u00f3n oficial, se registraron 13,9 casos positivos cada 100 test hechos.<\/p>\n<p>Los nuevos datos se conocieron horas despu\u00e9s de que el Gobierno dispusiera mantener el pr\u00f3ximo viernes como fecha para el regreso a las aulas tras la pausa de fin de a\u00f1o, con un pedido de las 20 regiones para que se pase a educaci\u00f3n a distancia en caso de que se llegue a cuatro positivos por clase.<\/p>\n<p>Desde este lunes hasta el d\u00eda de hoy, diez de las 20 regiones italianas quedaron catalogadas como &#8220;zona amarilla&#8221; o de riesgo medio ante el avance de la variante \u00d3micron de coronavirus en el pa\u00eds.<\/p>\n<p>Desde fines de 2020, el uso de barbijo al aire libre es obligatorio en las regiones en &#8220;zona amarilla&#8221;, m\u00e1s all\u00e1 de que en diciembre pasado el Gobierno dispuso la obligatoriedad en todo el territorio al menos hasta el 31 de enero.<\/p>\n<p>En ese marco, desde el 10 de enero, el pa\u00eds entrar\u00e1 en una especie de toque de queda de hecho para los no vacunados ya que solo las personas inmunizadas o recuperadas de la enfermedad podr\u00e1n viajar en transporte p\u00fablico, consumir en restaurantes o alojarse en hoteles.<\/p>\n","protected":false},"excerpt":{"rendered":"<p>Europa vive d\u00edas complejos por el avance la variante \u00d3micron. Foto: AFP La situaci\u00f3n sanitaria en Europa provocada por la nueva ola de contagios de coronavirus, desatada por la aparici\u00f3n de la variante \u00d3micron, est\u00e1 generando situaciones extremas en varios pa\u00edses del viejo continente, que ven a diario multiplicarse los casos mientras las autoridades intentan [&hellip;]<\/p>\n","protected":false},"author":1,"featured_media":37163,"comment_status":"closed","ping_status":"closed","sticky":false,"template":"","format":"standard","meta":[],"categories":[24],"tags":[],"_links":{"self":[{"href":"http:\/\/cordobadirecto.com\/index.php\/wp-json\/wp\/v2\/posts\/37162"}],"collection":[{"href":"http:\/\/cordobadirecto.com\/index.php\/wp-json\/wp\/v2\/posts"}],"about":[{"href":"http:\/\/cordobadirecto.com\/index.php\/wp-json\/wp\/v2\/types\/post"}],"author":[{"embeddable":true,"href":"http:\/\/cordobadirecto.com\/index.php\/wp-json\/wp\/v2\/users\/1"}],"replies":[{"embeddable":true,"href":"http:\/\/cordobadirecto.com\/index.php\/wp-json\/wp\/v2\/comments?post=37162"}],"version-history":[{"count":0,"href":"http:\/\/cordobadirecto.com\/index.php\/wp-json\/wp\/v2\/posts\/37162\/revisions"}],"wp:featuredmedia":[{"embeddable":true,"href":"http:\/\/cordobadirecto.com\/index.php\/wp-json\/wp\/v2\/media\/37163"}],"wp:attachment":[{"href":"http:\/\/cordobadirecto.com\/index.php\/wp-json\/wp\/v2\/media?parent=37162"}],"wp:term":[{"taxonomy":"category","embeddable":true,"href":"http:\/\/cordobadirecto.com\/index.php\/wp-json\/wp\/v2\/categories?post=37162"},{"taxonomy":"post_tag","embeddable":true,"href":"http:\/\/cordobadirecto.com\/index.php\/wp-json\/wp\/v2\/tags?post=37162"}],"curies":[{"name":"wp","href":"https:\/\/api.w.org\/{rel}","templated":true}]}}