{"id":37200,"date":"2022-01-05T06:26:39","date_gmt":"2022-01-05T06:26:39","guid":{"rendered":"https:\/\/www.bbc.com\/mundo\/noticias-59871637"},"modified":"2022-01-05T06:26:39","modified_gmt":"2022-01-05T06:26:39","slug":"covid-pasara-o-empeorara-los-escenarios-de-la-pandemia-en-2022","status":"publish","type":"post","link":"http:\/\/cordobadirecto.com\/index.php\/2022\/01\/05\/covid-pasara-o-empeorara-los-escenarios-de-la-pandemia-en-2022\/","title":{"rendered":"Covid | \u00bfPasar\u00e1 o empeorar\u00e1? Los escenarios de la pandemia en 2022"},"content":{"rendered":"<div dir=\"ltr\" class=\"e1j2237y5 bbc-q4ibpr e57qer20\">\n<div class=\"bbc-1atl7vu e1c9i7u14\">\n<ul role=\"list\" class=\"bbc-k0l9bd e1c9i7u12\">\n<li role=\"listitem\" class=\"bbc-1a3w4ok e1c9i7u11\">Andr\u00e9 Biernath &#8211; @andre_biernath<\/li>\n<li role=\"listitem\" class=\"bbc-1p92jtu e1c9i7u10\">BBC News Brasil, Sao Paulo<\/li>\n<\/ul>\n<\/div>\n<\/div>\n<p><time datetime=\"2022-01-05\" class=\"bbc-14xtggo e4zesg50\">6 horas<\/time><\/p>\n<div dir=\"ltr\" class=\"bbc-1ka88fa e57qer20\">\n<figure class=\"bbc-1qdcvv9 e6bmn90\">\n<div dir=\"ltr\" class=\"bbc-172p16q e57qer20\">\n<div dir=\"ltr\" class=\"bbc-189y18v e57qer20\" readability=\"6.5\">\n<div data-e2e=\"image-placeholder\" class=\"bbc-997y1y e1whu0\" readability=\"8\"><picture class=\"bbc-yfiktt e1enwo3v1\"><source srcset=\"https:\/\/ichef.bbci.co.uk\/news\/240\/cpsprodpb\/183F6\/production\/_122581399_pandemia1b.jpg.webp 240w, https:\/\/ichef.bbci.co.uk\/news\/320\/cpsprodpb\/183F6\/production\/_122581399_pandemia1b.jpg.webp 320w, https:\/\/ichef.bbci.co.uk\/news\/480\/cpsprodpb\/183F6\/production\/_122581399_pandemia1b.jpg.webp 480w, https:\/\/ichef.bbci.co.uk\/news\/624\/cpsprodpb\/183F6\/production\/_122581399_pandemia1b.jpg.webp 624w, https:\/\/ichef.bbci.co.uk\/news\/800\/cpsprodpb\/183F6\/production\/_122581399_pandemia1b.jpg.webp 800w\" type=\"image\/webp\"><source srcset=\"https:\/\/ichef.bbci.co.uk\/news\/240\/cpsprodpb\/183F6\/production\/_122581399_pandemia1b.jpg 240w, https:\/\/ichef.bbci.co.uk\/news\/320\/cpsprodpb\/183F6\/production\/_122581399_pandemia1b.jpg 320w, https:\/\/ichef.bbci.co.uk\/news\/480\/cpsprodpb\/183F6\/production\/_122581399_pandemia1b.jpg 480w, https:\/\/ichef.bbci.co.uk\/news\/624\/cpsprodpb\/183F6\/production\/_122581399_pandemia1b.jpg 624w, https:\/\/ichef.bbci.co.uk\/news\/800\/cpsprodpb\/183F6\/production\/_122581399_pandemia1b.jpg 800w\" type=\"image\/jpeg\"><img loading=\"lazy\" src=\"http:\/\/cordobadirecto.com\/wp-content\/uploads\/2022\/01\/covid-pasara-o-empeorara-los-escenarios-de-la-pandemia-en-2022.jpg\" alt=\"Ilustraci\u00f3n que muestra una mascarilla y el cambio de 2021 a 2022\" sizes=\"(min-width: 1008px) 645px, 100vw\" width=\"976\" height=\"549\" class=\"eehpdyc0 bbc-rb7xa0 e1enwo3v0\"><\/picture>\n<p role=\"text\" class=\"bbc-1s1cxbv etq3yw90\"><span class=\"bbc-1gnhmg2 e1yt7oin0\">Fuente de la imagen, <\/span><span lang=\"en-GB\">Getty Images<\/span><\/p>\n<\/div>\n<\/div>\n<div dir=\"ltr\" class=\"bbc-3edg7g e57qer20\" readability=\"6.5\"><figcaption dir=\"ltr\" class=\"bbc-1t9zlwf eede9f50\" readability=\"3\"><span class=\"bbc-1gnhmg2 e1yt7oin0\">Pie de foto, <\/span><\/p>\n<p>Estamos m\u00e1s cerca del fin que del comienzo de la pandemia, seg\u00fan especialistas.<\/p>\n<\/figcaption><\/div>\n<\/div>\n<\/figure>\n<\/div>\n<div dir=\"ltr\" class=\"bbc-19j92fr e57qer20\" readability=\"10\">\n<p dir=\"ltr\" class=\"bbc-bm53ic e1cc2ql70\"><b>Dos a\u00f1os despu\u00e9s del descubrimiento del coronavirus causante de la covid-19 en Wuhan, China, el mundo parece estar m\u00e1s cerca del fin que del comienzo de la pandemia.<\/b><\/p>\n<\/div>\n<div dir=\"ltr\" class=\"bbc-19j92fr e57qer20\" readability=\"11\">\n<p dir=\"ltr\" class=\"bbc-bm53ic e1cc2ql70\">Sin embargo, para que este final se convierta en realidad en 2022, es necesario reducir la desigualdad en la distribuci\u00f3n de vacunas y asegurar que <b>al menos el 70% de la poblaci\u00f3n mundial <\/b>reciba dosis de este inmunizante durante los pr\u00f3ximos meses.<\/p>\n<\/div>\n<div dir=\"ltr\" class=\"bbc-19j92fr e57qer20\" readability=\"8\">\n<p dir=\"ltr\" class=\"bbc-bm53ic e1cc2ql70\">Esa es la evaluaci\u00f3n que realiz\u00f3 la Organizaci\u00f3n Mundial de la Salud (OMS) en una serie de comunicados recientes.<\/p>\n<\/div>\n<div dir=\"ltr\" class=\"bbc-19j92fr e57qer20\" readability=\"12\">\n<p dir=\"ltr\" class=\"bbc-bm53ic e1cc2ql70\">En una conferencia de prensa el 22 de diciembre, el director general de la organizaci\u00f3n, el bi\u00f3logo et\u00edope Tedros Adhanom Ghebreyesus, proyect\u00f3 que &#8220;2022 tiene todo lo necesario para ser el a\u00f1o en que termine la pandemia de covid-19&#8221;.<\/p>\n<\/div>\n<div dir=\"ltr\" class=\"bbc-19j92fr e57qer20\" readability=\"11\">\n<p dir=\"ltr\" class=\"bbc-bm53ic e1cc2ql70\">En su opini\u00f3n, tras dos a\u00f1os de intensa crisis sanitaria y m\u00e1s de 5,4 millones de muertos, el mundo &#8220;<b>ya conoce muy bien el virus y tiene las herramientas para combatirlo<\/b>&#8220;.<\/p>\n<\/div>\n<div dir=\"ltr\" class=\"bbc-19j92fr e57qer20\" readability=\"15\">\n<p dir=\"ltr\" class=\"bbc-bm53ic e1cc2ql70\">Al mencionar estas herramientas, el representante de la OMS se refiri\u00f3 a vacunas, m\u00e9todos preventivos (uso de mascarillas, distanciamiento social, desincentivos a las multitudes), sistemas de vigilancia epidemiol\u00f3gica y gen\u00f3mica del virus y conocimiento acumulado sobre el tratamiento de la enfermedad.<\/p>\n<\/div>\n<div dir=\"ltr\" class=\"bbc-1ka88fa e57qer20\">\n<figure class=\"bbc-1qdcvv9 e6bmn90\">\n<div dir=\"ltr\" class=\"bbc-172p16q e57qer20\">\n<div dir=\"ltr\" class=\"bbc-189y18v e57qer20\" readability=\"6.5\">\n<div data-e2e=\"image-placeholder\" class=\"bbc-997y1y e1whu0\" readability=\"8\"><noscript><picture class=\"bbc-yfiktt e1enwo3v1\"><source srcset=\"http:\/\/cordobadirecto.com\/wp-content\/uploads\/2022\/01\/covid-pasara-o-empeorara-los-escenarios-de-la-pandemia-en-2022.webp 240w, http:\/\/cordobadirecto.com\/wp-content\/uploads\/2022\/01\/covid-pasara-o-empeorara-los-escenarios-de-la-pandemia-en-2022-1.webp 320w, http:\/\/cordobadirecto.com\/wp-content\/uploads\/2022\/01\/covid-pasara-o-empeorara-los-escenarios-de-la-pandemia-en-2022-2.webp 480w, http:\/\/cordobadirecto.com\/wp-content\/uploads\/2022\/01\/covid-pasara-o-empeorara-los-escenarios-de-la-pandemia-en-2022-3.webp 624w, http:\/\/cordobadirecto.com\/wp-content\/uploads\/2022\/01\/covid-pasara-o-empeorara-los-escenarios-de-la-pandemia-en-2022-4.webp 800w\" type=\"image\/webp\"><source srcset=\"https:\/\/ichef.bbci.co.uk\/news\/240\/cpsprodpb\/4FC2\/production\/_122581402_pandemia2c.jpg 240w, https:\/\/ichef.bbci.co.uk\/news\/320\/cpsprodpb\/4FC2\/production\/_122581402_pandemia2c.jpg 320w, https:\/\/ichef.bbci.co.uk\/news\/480\/cpsprodpb\/4FC2\/production\/_122581402_pandemia2c.jpg 480w, https:\/\/ichef.bbci.co.uk\/news\/624\/cpsprodpb\/4FC2\/production\/_122581402_pandemia2c.jpg 624w, https:\/\/ichef.bbci.co.uk\/news\/800\/cpsprodpb\/4FC2\/production\/_122581402_pandemia2c.jpg 800w\" type=\"image\/jpeg\"><img loading=\"lazy\" src=\"http:\/\/cordobadirecto.com\/wp-content\/uploads\/2022\/01\/covid-pasara-o-empeorara-los-escenarios-de-la-pandemia-en-2022-1.jpg\" alt=\"Tedros Adhanom Ghebreyesus, director general de la OMS\" sizes=\"(min-width: 1008px) 645px, 100vw\" width=\"976\" height=\"549\" class=\"eehpdyc0 bbc-rb7xa0 e1enwo3v0\"><\/picture><\/noscript><\/p>\n<p role=\"text\" class=\"bbc-1s1cxbv etq3yw90\"><span class=\"bbc-1gnhmg2 e1yt7oin0\">Fuente de la imagen, <\/span><span lang=\"en-GB\">Reuters<\/span><\/p>\n<\/div>\n<\/div>\n<div dir=\"ltr\" class=\"bbc-3edg7g e57qer20\" readability=\"7.5\"><figcaption dir=\"ltr\" class=\"bbc-1t9zlwf eede9f50\" readability=\"5\"><span class=\"bbc-1gnhmg2 e1yt7oin0\">Pie de foto, <\/span><\/p>\n<p>El director general de la OMS, Tedros Adhanom Ghebreyesus, se\u00f1al\u00f3 que el mundo &#8220;ya conoce muy bien el virus y tiene las herramientas para combatirlo&#8221;.<\/p>\n<\/figcaption><\/div>\n<\/div>\n<\/figure>\n<\/div>\n<div dir=\"ltr\" class=\"bbc-19j92fr e57qer20\" readability=\"8\">\n<p dir=\"ltr\" class=\"bbc-bm53ic e1cc2ql70\">Los especialistas entrevistados por BBC News Brasil coinciden con estas proyecciones y transmiten un cauto optimismo para los pr\u00f3ximos meses.<\/p>\n<\/div>\n<div dir=\"ltr\" class=\"bbc-19j92fr e57qer20\" readability=\"13\">\n<p dir=\"ltr\" class=\"bbc-bm53ic e1cc2ql70\">&#8220;<b>La tendencia es que 2022 sea mejor que 2021<\/b> y se distinga como el a\u00f1o en el que la pandemia terminar\u00e1. Pero est\u00e1 claro que, hasta entonces, hay que seguir con todas las precauciones&#8221;, se\u00f1al\u00f3 el epidemi\u00f3logo Pedro Hallal, profesor de la Universidad Federal de Pelotas.<\/p>\n<\/div>\n<div dir=\"ltr\" class=\"bbc-19j92fr e57qer20\" readability=\"14\">\n<p dir=\"ltr\" class=\"bbc-bm53ic e1cc2ql70\">&#8220;Vale aclarar que 2022 puede marcar el fin de la situaci\u00f3n pand\u00e9mica, <b>pero esto no es sin\u00f3nimo de erradicar el coronavirus<\/b>. Todo indica que seguiremos teniendo casos y muertes, pero ya no seguiremos en esa situaci\u00f3n de falta de control y colapso de hospitales &#8220;, reflexion\u00f3 la microbi\u00f3loga Natalia Pasternak, presidenta del Instituto Quest\u00e3o de Ci\u00eancia.<\/p>\n<\/div>\n<div dir=\"ltr\" class=\"bbc-19j92fr e57qer20\" readability=\"12\">\n<p dir=\"ltr\" class=\"bbc-bm53ic e1cc2ql70\">A continuaci\u00f3n te contamos c\u00f3mo algunos aspectos relacionados con la pandemia, como la vacunaci\u00f3n, la disponibilidad de nuevos tratamientos y la aparici\u00f3n de variantes, pueden evolucionar a lo largo de 2022.<\/p>\n<\/div>\n<div dir=\"ltr\" class=\"bbc-1ka88fa e57qer20\">\n<figure class=\"bbc-1qdcvv9 e6bmn90\">\n<div dir=\"ltr\" class=\"bbc-172p16q e57qer20\">\n<div dir=\"ltr\" class=\"bbc-189y18v e57qer20\">\n<div data-e2e=\"image-placeholder\" class=\"bbc-997y1y e1whu0\"><noscript><picture class=\"bbc-yfiktt e1enwo3v1\"><source srcset=\"http:\/\/cordobadirecto.com\/wp-content\/uploads\/2022\/01\/covid-pasara-o-empeorara-los-escenarios-de-la-pandemia-en-2022-5.webp 240w, http:\/\/cordobadirecto.com\/wp-content\/uploads\/2022\/01\/covid-pasara-o-empeorara-los-escenarios-de-la-pandemia-en-2022-6.webp 320w, http:\/\/cordobadirecto.com\/wp-content\/uploads\/2022\/01\/covid-pasara-o-empeorara-los-escenarios-de-la-pandemia-en-2022-7.webp 480w, http:\/\/cordobadirecto.com\/wp-content\/uploads\/2022\/01\/covid-pasara-o-empeorara-los-escenarios-de-la-pandemia-en-2022-8.webp 624w, http:\/\/cordobadirecto.com\/wp-content\/uploads\/2022\/01\/covid-pasara-o-empeorara-los-escenarios-de-la-pandemia-en-2022-9.webp 800w\" type=\"image\/webp\"><source srcset=\"https:\/\/ichef.bbci.co.uk\/news\/240\/cpsprodpb\/113DA\/production\/_122581607_vaccine_full_doses_per100_countries_rate_4jan640-2x-nc.png 240w, https:\/\/ichef.bbci.co.uk\/news\/320\/cpsprodpb\/113DA\/production\/_122581607_vaccine_full_doses_per100_countries_rate_4jan640-2x-nc.png 320w, https:\/\/ichef.bbci.co.uk\/news\/480\/cpsprodpb\/113DA\/production\/_122581607_vaccine_full_doses_per100_countries_rate_4jan640-2x-nc.png 480w, https:\/\/ichef.bbci.co.uk\/news\/624\/cpsprodpb\/113DA\/production\/_122581607_vaccine_full_doses_per100_countries_rate_4jan640-2x-nc.png 624w, https:\/\/ichef.bbci.co.uk\/news\/800\/cpsprodpb\/113DA\/production\/_122581607_vaccine_full_doses_per100_countries_rate_4jan640-2x-nc.png 800w\" type=\"image\/png\"><img loading=\"lazy\" src=\"http:\/\/cordobadirecto.com\/wp-content\/uploads\/2022\/01\/covid-pasara-o-empeorara-los-escenarios-de-la-pandemia-en-2022.png\" alt=\"Gr\u00e1fico de vacunaci\u00f3n\" sizes=\"(min-width: 1008px) 645px, 100vw\" width=\"1280\" height=\"1078\" class=\"eehpdyc0 bbc-rb7xa0 e1enwo3v0\"><\/picture><\/noscript><\/div>\n<\/div>\n<\/div>\n<\/figure>\n<\/div>\n<p><h2 id=\"Vacunaci\u00f3n-m\u00e1s-equidad-global-tercera-dosis-campa\u00f1as-peri\u00f3dicas-y-protecci\u00f3n-a-la-ni\u00f1ez\" tabindex=\"-1\" class=\"bbc-l3e97o e14hemmw0\">Vacunaci\u00f3n: m\u00e1s equidad global, tercera dosis, campa\u00f1as peri\u00f3dicas y protecci\u00f3n a la ni\u00f1ez<\/h2>\n<\/p>\n<div dir=\"ltr\" class=\"bbc-19j92fr e57qer20\" readability=\"9\">\n<p dir=\"ltr\" class=\"bbc-bm53ic e1cc2ql70\">Desde un punto de vista global, el mayor obst\u00e1culo a superar en relaci\u00f3n a la vacunaci\u00f3n contra la covid-19 es la desigualdad en la distribuci\u00f3n y acceso a estos productos.<\/p>\n<\/div>\n<div dir=\"ltr\" class=\"bbc-19j92fr e57qer20\" readability=\"13\">\n<p dir=\"ltr\" class=\"bbc-bm53ic e1cc2ql70\">Si bien algunos pa\u00edses, como Israel, ya est\u00e1n estudiando la aplicaci\u00f3n de una cuarta dosis a su poblaci\u00f3n, otros ni siquiera han logrado proteger a los grupos m\u00e1s vulnerables, como las personas mayores y los profesionales de la salud.<\/p>\n<\/div>\n<div dir=\"ltr\" class=\"bbc-19j92fr e57qer20\" readability=\"10\">\n<p dir=\"ltr\" class=\"bbc-bm53ic e1cc2ql70\">La situaci\u00f3n es particularmente preocupante en los pa\u00edses m\u00e1s pobres: Hait\u00ed, Chad, Burundi y el Congo <b>a\u00fan no han vacunado ni siquiera al 1% de su poblaci\u00f3n<\/b>. <\/p>\n<\/div>\n<div dir=\"ltr\" class=\"bbc-19j92fr e57qer20\" readability=\"13\">\n<p dir=\"ltr\" class=\"bbc-bm53ic e1cc2ql70\">&#8220;<b>Y no basta donar lotes de vacunas<\/b>. Es necesario que los organismos internacionales ayuden a estos pa\u00edses a crear una estructura de distribuci\u00f3n y comunicaci\u00f3n, para que las campa\u00f1as lleguen efectivamente a las personas&#8221;, alert\u00f3 la infect\u00f3loga Nancy Bellei, profesora e investigadora de enfermedades respiratorias en la Universidad Federal de S\u00e3o Paulo (Unifesp).<\/p>\n<\/div>\n<div class=\"bbc-sffzb7 e8v25yx0\">\n<div dir=\"ltr\" class=\"bbc-1ka88fa e57qer20\">\n<figure class=\"bbc-1qdcvv9 e6bmn90\">\n<div dir=\"ltr\" class=\"bbc-172p16q e57qer20\">\n<div dir=\"ltr\" class=\"bbc-189y18v e57qer20\" readability=\"6.5\">\n<div data-e2e=\"image-placeholder\" class=\"bbc-997y1y e1whu0\" readability=\"8\"><noscript><picture class=\"bbc-yfiktt e1enwo3v1\"><source srcset=\"http:\/\/cordobadirecto.com\/wp-content\/uploads\/2022\/01\/covid-pasara-o-empeorara-los-escenarios-de-la-pandemia-en-2022-10.webp 240w, http:\/\/cordobadirecto.com\/wp-content\/uploads\/2022\/01\/covid-pasara-o-empeorara-los-escenarios-de-la-pandemia-en-2022-11.webp 320w, http:\/\/cordobadirecto.com\/wp-content\/uploads\/2022\/01\/covid-pasara-o-empeorara-los-escenarios-de-la-pandemia-en-2022-12.webp 480w, http:\/\/cordobadirecto.com\/wp-content\/uploads\/2022\/01\/covid-pasara-o-empeorara-los-escenarios-de-la-pandemia-en-2022-13.webp 624w, http:\/\/cordobadirecto.com\/wp-content\/uploads\/2022\/01\/covid-pasara-o-empeorara-los-escenarios-de-la-pandemia-en-2022-14.webp 800w\" type=\"image\/webp\"><source srcset=\"https:\/\/ichef.bbci.co.uk\/news\/240\/cpsprodpb\/76D2\/production\/_122581403_pandemia3b.jpg 240w, https:\/\/ichef.bbci.co.uk\/news\/320\/cpsprodpb\/76D2\/production\/_122581403_pandemia3b.jpg 320w, https:\/\/ichef.bbci.co.uk\/news\/480\/cpsprodpb\/76D2\/production\/_122581403_pandemia3b.jpg 480w, https:\/\/ichef.bbci.co.uk\/news\/624\/cpsprodpb\/76D2\/production\/_122581403_pandemia3b.jpg 624w, https:\/\/ichef.bbci.co.uk\/news\/800\/cpsprodpb\/76D2\/production\/_122581403_pandemia3b.jpg 800w\" type=\"image\/jpeg\"><img loading=\"lazy\" src=\"http:\/\/cordobadirecto.com\/wp-content\/uploads\/2022\/01\/covid-pasara-o-empeorara-los-escenarios-de-la-pandemia-en-2022-2.jpg\" alt=\"Un hombre siendo vacunado\" sizes=\"(min-width: 1008px) 645px, 100vw\" width=\"976\" height=\"549\" class=\"eehpdyc0 bbc-rb7xa0 e1enwo3v0\"><\/picture><\/noscript><\/p>\n<p role=\"text\" class=\"bbc-1s1cxbv etq3yw90\"><span class=\"bbc-1gnhmg2 e1yt7oin0\">Fuente de la imagen, <\/span><span lang=\"en-GB\">Getty Images<\/span><\/p>\n<\/div>\n<\/div>\n<div dir=\"ltr\" class=\"bbc-3edg7g e57qer20\" readability=\"7.5\"><figcaption dir=\"ltr\" class=\"bbc-1t9zlwf eede9f50\" readability=\"5\"><span class=\"bbc-1gnhmg2 e1yt7oin0\">Pie de foto, <\/span><\/p>\n<p>La desigualdad en la distribuci\u00f3n de las dosis de vacuna en el mundo ha provocado que muchos pa\u00edses, especialmente en \u00c1frica, ni siquiera hayan iniciado la campa\u00f1a de inmunizaci\u00f3n.<\/p>\n<\/figcaption><\/div>\n<\/div>\n<\/figure>\n<\/div>\n<\/div>\n<div dir=\"ltr\" class=\"bbc-19j92fr e57qer20\" readability=\"12.386430678466\">\n<p dir=\"ltr\" class=\"bbc-bm53ic e1cc2ql70\">En esta \u00e1rea, la buena noticia es que no deber\u00eda haber escasez de dosis en 2022. <a href=\"https:\/\/www.ifpma.org\/resource-centre\/as-covid-19-vaccine-output-estimated-to-reach-over-12-billion-by-year-end-and-24-billion-by-mid-2022-innovative-vaccine-manufacturers-renew-commitment-to-support-g20-efforts-to-address-remaining-barr\/\" aria-label=\"Seg\u00fan c\u00e1lculos , externo\" class=\"bbc-n8oauk e1cs6q200\">Seg\u00fan c\u00e1lculos <\/a>de la Federaci\u00f3n Internacional de Asociaciones de Productores Farmac\u00e9uticos, en junio se deber\u00edan fabricar alrededor de <b>24<\/b><b>.000<\/b><b> millones de unidades de inmunizantes<\/b> contra la covid. En comparaci\u00f3n, en 2021 se entregaron 12.500 millones.<\/p>\n<\/div>\n<div dir=\"ltr\" class=\"bbc-19j92fr e57qer20\" readability=\"7\">\n<p dir=\"ltr\" class=\"bbc-bm53ic e1cc2ql70\">La cantidad proyectada para 2022 <b>ser\u00eda suficiente para proteger a toda la poblaci\u00f3n mundial<\/b>.<\/p>\n<\/div>\n<div dir=\"ltr\" class=\"bbc-19j92fr e57qer20\" readability=\"12\">\n<p dir=\"ltr\" class=\"bbc-bm53ic e1cc2ql70\">Buscar una mayor equidad en la vacunaci\u00f3n no es solo una cuesti\u00f3n de solidaridad entre los pueblos. Como sugiere el nombre, la pandemia es un problema global y, mientras haya personas desprotegidas, toda la humanidad seguir\u00e1 en peligro.<\/p>\n<\/div>\n<div dir=\"ltr\" class=\"bbc-19j92fr e57qer20\" readability=\"11.489361702128\">\n<p dir=\"ltr\" class=\"bbc-bm53ic e1cc2ql70\">&#8220;La variante \u00f3micron vino precisamente para <b>darnos una &#8216;bofetada&#8217; y mostrar lo que pasa cuando no hay igualdad en el acceso a vacunas<\/b>. Mientras no haya una protecci\u00f3n homog\u00e9nea estaremos sujetos a la aparici\u00f3n de nuevas versiones del coronavirus &#8220;, advirti\u00f3 Pasternak, quien <a href=\"https:\/\/www.bbc.com\/mundo\/noticias-59553810\" class=\"bbc-n8oauk e1cs6q200\">fue seleccionada <\/a>por la BBC como una de las 100 mujeres m\u00e1s inspiradoras e influyentes de 2021.<\/p>\n<\/div>\n<div dir=\"ltr\" class=\"bbc-19j92fr e57qer20\" readability=\"9\">\n<p dir=\"ltr\" class=\"bbc-bm53ic e1cc2ql70\">La microbi\u00f3loga destac\u00f3 que la llegada de \u00f3micron tambi\u00e9n confirm\u00f3 la necesidad de administrar tres dosis de vacuna para asegurar un buen nivel de protecci\u00f3n frente a las formas m\u00e1s graves de covid-19.<\/p>\n<\/div>\n<div dir=\"ltr\" class=\"bbc-19j92fr e57qer20\" readability=\"10\">\n<p dir=\"ltr\" class=\"bbc-bm53ic e1cc2ql70\">&#8220;Esto cambi\u00f3 nuestra perspectiva: <b>antes pens\u00e1bamos en dos dosis, ahora sabemos que son necesarias tres<\/b>&#8220;, agreg\u00f3.<\/p>\n<\/div>\n<div dir=\"ltr\" class=\"bbc-19j92fr e57qer20\" readability=\"9\">\n<p dir=\"ltr\" class=\"bbc-bm53ic e1cc2ql70\">El a\u00f1o 2022 tambi\u00e9n deber\u00eda proporcionar m\u00e1s respuestas sobre la necesidad de dosis de refuerzo de inmunizantes contra la covid, como sucede con la vacunaci\u00f3n contra la influenza.<\/p>\n<\/div>\n<div dir=\"ltr\" class=\"bbc-19j92fr e57qer20\" readability=\"14\">\n<p dir=\"ltr\" class=\"bbc-bm53ic e1cc2ql70\">&#8220;A\u00fan no estamos seguros de c\u00f3mo ser\u00e1 la frecuencia de vacunaci\u00f3n contra la covid, ya que necesitamos observar por un per\u00edodo m\u00e1s largo la din\u00e1mica de circulaci\u00f3n del virus, la intensidad de nuevas variantes y el comportamiento del sistema inmunol\u00f3gico&#8221;, afirm\u00f3 el infect\u00f3logo Julio Croda, de la Fundaci\u00f3n Oswaldo Cruz (FioCruz).<\/p>\n<\/div>\n<div dir=\"ltr\" class=\"bbc-19j92fr e57qer20\" readability=\"13\">\n<p dir=\"ltr\" class=\"bbc-bm53ic e1cc2ql70\">&#8220;Pero <b>es probable que parte de la poblaci\u00f3n m\u00e1s vulnerable necesite refuerzos<\/b>, como las personas mayores, los inmunosuprimidos y los trabajadores de la salud&#8221;, agreg\u00f3 el m\u00e9dico, quien tambi\u00e9n es profesor de la Universidad Federal de Mato Grosso do Sul.<\/p>\n<\/div>\n<div dir=\"ltr\" class=\"bbc-19j92fr e57qer20\" readability=\"10\">\n<p dir=\"ltr\" class=\"bbc-bm53ic e1cc2ql70\">&#8220;En las \u00faltimas semanas, <b>hemos visto un aumento significativo en la proporci\u00f3n de ni\u00f1os hospitalizados con covid-19 en muchas partes del mundo<\/b>&#8220;, se\u00f1al\u00f3 Croda.<\/p>\n<\/div>\n<div dir=\"ltr\" class=\"bbc-19j92fr e57qer20\" readability=\"8\">\n<p dir=\"ltr\" class=\"bbc-bm53ic e1cc2ql70\">&#8220;Es fundamental que la vacunaci\u00f3n tambi\u00e9n avance en este grupo de edad&#8221;, agreg\u00f3 el m\u00e9dico.<\/p>\n<\/div>\n<p><h2 id=\"Variantes-optimismo-creciente-sobre-\u00f3micron-y-temor-a-posibles-nuevas-versiones-del-virus\" tabindex=\"-1\" class=\"bbc-l3e97o e14hemmw0\">Variantes: optimismo creciente sobre \u00f3micron y temor a posibles nuevas versiones del virus<\/h2>\n<\/p>\n<div dir=\"ltr\" class=\"bbc-19j92fr e57qer20\" readability=\"8\">\n<p dir=\"ltr\" class=\"bbc-bm53ic e1cc2ql70\">La detecci\u00f3n de la variante \u00f3micron en Sud\u00e1frica a finales de noviembre represent\u00f3 un verdadero balde de agua fr\u00eda.<\/p>\n<\/div>\n<div dir=\"ltr\" class=\"bbc-19j92fr e57qer20\" readability=\"11\">\n<p dir=\"ltr\" class=\"bbc-bm53ic e1cc2ql70\">R\u00e1pidamente clasificada como una variante de preocupaci\u00f3n por la OMS, esta nueva versi\u00f3n del coronavirus llam\u00f3 la atenci\u00f3n por la cantidad y variedad de mutaciones. Muchas de ellas indicaron una mayor capacidad de infecci\u00f3n y un potencial para eludir la inmunidad obtenida con un cuadro previo de covid-19 y mediante vacunaci\u00f3n.<\/p>\n<\/div>\n<div dir=\"ltr\" class=\"bbc-1ka88fa e57qer20\">\n<figure class=\"bbc-1qdcvv9 e6bmn90\">\n<div dir=\"ltr\" class=\"bbc-172p16q e57qer20\">\n<div dir=\"ltr\" class=\"bbc-189y18v e57qer20\" readability=\"6.5\">\n<div data-e2e=\"image-placeholder\" class=\"bbc-997y1y e1whu0\" readability=\"8\"><noscript><picture class=\"bbc-yfiktt e1enwo3v1\"><source srcset=\"http:\/\/cordobadirecto.com\/wp-content\/uploads\/2022\/01\/covid-pasara-o-empeorara-los-escenarios-de-la-pandemia-en-2022-15.webp 240w, http:\/\/cordobadirecto.com\/wp-content\/uploads\/2022\/01\/covid-pasara-o-empeorara-los-escenarios-de-la-pandemia-en-2022-16.webp 320w, http:\/\/cordobadirecto.com\/wp-content\/uploads\/2022\/01\/covid-pasara-o-empeorara-los-escenarios-de-la-pandemia-en-2022-17.webp 480w, http:\/\/cordobadirecto.com\/wp-content\/uploads\/2022\/01\/covid-pasara-o-empeorara-los-escenarios-de-la-pandemia-en-2022-18.webp 624w, http:\/\/cordobadirecto.com\/wp-content\/uploads\/2022\/01\/covid-pasara-o-empeorara-los-escenarios-de-la-pandemia-en-2022-19.webp 800w\" type=\"image\/webp\"><source srcset=\"https:\/\/ichef.bbci.co.uk\/news\/240\/cpsprodpb\/9DE2\/production\/_122581404_pandemia4b.jpg 240w, https:\/\/ichef.bbci.co.uk\/news\/320\/cpsprodpb\/9DE2\/production\/_122581404_pandemia4b.jpg 320w, https:\/\/ichef.bbci.co.uk\/news\/480\/cpsprodpb\/9DE2\/production\/_122581404_pandemia4b.jpg 480w, https:\/\/ichef.bbci.co.uk\/news\/624\/cpsprodpb\/9DE2\/production\/_122581404_pandemia4b.jpg 624w, https:\/\/ichef.bbci.co.uk\/news\/800\/cpsprodpb\/9DE2\/production\/_122581404_pandemia4b.jpg 800w\" type=\"image\/jpeg\"><img loading=\"lazy\" src=\"http:\/\/cordobadirecto.com\/wp-content\/uploads\/2022\/01\/covid-pasara-o-empeorara-los-escenarios-de-la-pandemia-en-2022-3.jpg\" alt=\"Ni\u00f1a siendo vacunada\" sizes=\"(min-width: 1008px) 645px, 100vw\" width=\"976\" height=\"549\" class=\"eehpdyc0 bbc-rb7xa0 e1enwo3v0\"><\/picture><\/noscript><\/p>\n<p role=\"text\" class=\"bbc-1s1cxbv etq3yw90\"><span class=\"bbc-1gnhmg2 e1yt7oin0\">Fuente de la imagen, <\/span><span lang=\"en-GB\">Getty Images<\/span><\/p>\n<\/div>\n<\/div>\n<div dir=\"ltr\" class=\"bbc-3edg7g e57qer20\" readability=\"6.5\"><figcaption dir=\"ltr\" class=\"bbc-1t9zlwf eede9f50\" readability=\"3\"><span class=\"bbc-1gnhmg2 e1yt7oin0\">Pie de foto, <\/span><\/p>\n<p>Las agencias reguladoras y los expertos se\u00f1alan que los beneficios de la vacunaci\u00f3n infantil contra la covid superan cualquier riesgo.<\/p>\n<\/figcaption><\/div>\n<\/div>\n<\/figure>\n<\/div>\n<div dir=\"ltr\" class=\"bbc-19j92fr e57qer20\" readability=\"14\">\n<p dir=\"ltr\" class=\"bbc-bm53ic e1cc2ql70\">Un mes y algunos d\u00edas despu\u00e9s del descubrimiento, algunas de estas proyecciones m\u00e1s pesimistas resultaron ser ciertas: \u00f3micron se ha extendido r\u00e1pidamente a muchas partes del planeta, se ha vuelto dominante en muchos pa\u00edses y est\u00e1 detr\u00e1s de los registros recientes de nuevos casos: el 28 de diciembre, por ejemplo, <b>se registraron por primera vez m\u00e1s de un mill\u00f3n de infecciones por coronavirus a nivel global en 24 horas<\/b>.<\/p>\n<\/div>\n<div dir=\"ltr\" class=\"bbc-19j92fr e57qer20\" readability=\"9\">\n<p dir=\"ltr\" class=\"bbc-bm53ic e1cc2ql70\">Por otro lado, estudios publicados en los \u00faltimos d\u00edas traen la esperanza de que la covid-19 provocada por esta variante pueda ser m\u00e1s leve y provocar menos hospitalizaciones y muertes.<\/p>\n<\/div>\n<div dir=\"ltr\" class=\"bbc-19j92fr e57qer20\" readability=\"15\">\n<p dir=\"ltr\" class=\"bbc-bm53ic e1cc2ql70\">&#8220;<b>Ya podemos decir, con bastante certeza, que \u00f3micron es mucho m\u00e1s infecciosa que el virus original, pero parece ser menos agresiva<\/b>, sobre todo entre las personas que ya han sido vacunadas&#8221;, se\u00f1al\u00f3 Hallal, quien tambi\u00e9n es profesor invitado en la Universidad de California en San Diego.<\/p>\n<\/div>\n<div dir=\"ltr\" class=\"bbc-19j92fr e57qer20\" readability=\"9\">\n<p dir=\"ltr\" class=\"bbc-bm53ic e1cc2ql70\">&#8220;Pero hay que considerar que <b>esta informaci\u00f3n a\u00fan es preliminar<\/b> y necesita ser confirmada por otras investigaciones&#8221;, agreg\u00f3 el epidemi\u00f3logo.<\/p>\n<\/div>\n<div dir=\"ltr\" class=\"bbc-1ka88fa e57qer20\">\n<figure class=\"bbc-1qdcvv9 e6bmn90\">\n<div dir=\"ltr\" class=\"bbc-172p16q e57qer20\">\n<div dir=\"ltr\" class=\"bbc-189y18v e57qer20\" readability=\"6.5\">\n<div data-e2e=\"image-placeholder\" class=\"bbc-997y1y e1whu0\" readability=\"8\"><noscript><picture class=\"bbc-yfiktt e1enwo3v1\"><source srcset=\"http:\/\/cordobadirecto.com\/wp-content\/uploads\/2022\/01\/covid-pasara-o-empeorara-los-escenarios-de-la-pandemia-en-2022-20.webp 240w, http:\/\/cordobadirecto.com\/wp-content\/uploads\/2022\/01\/covid-pasara-o-empeorara-los-escenarios-de-la-pandemia-en-2022-21.webp 320w, http:\/\/cordobadirecto.com\/wp-content\/uploads\/2022\/01\/covid-pasara-o-empeorara-los-escenarios-de-la-pandemia-en-2022-22.webp 480w, http:\/\/cordobadirecto.com\/wp-content\/uploads\/2022\/01\/covid-pasara-o-empeorara-los-escenarios-de-la-pandemia-en-2022-23.webp 624w, http:\/\/cordobadirecto.com\/wp-content\/uploads\/2022\/01\/covid-pasara-o-empeorara-los-escenarios-de-la-pandemia-en-2022-24.webp 800w\" type=\"image\/webp\"><source srcset=\"https:\/\/ichef.bbci.co.uk\/news\/240\/cpsprodpb\/C4F2\/production\/_122581405_pandemia5b.jpg 240w, https:\/\/ichef.bbci.co.uk\/news\/320\/cpsprodpb\/C4F2\/production\/_122581405_pandemia5b.jpg 320w, https:\/\/ichef.bbci.co.uk\/news\/480\/cpsprodpb\/C4F2\/production\/_122581405_pandemia5b.jpg 480w, https:\/\/ichef.bbci.co.uk\/news\/624\/cpsprodpb\/C4F2\/production\/_122581405_pandemia5b.jpg 624w, https:\/\/ichef.bbci.co.uk\/news\/800\/cpsprodpb\/C4F2\/production\/_122581405_pandemia5b.jpg 800w\" type=\"image\/jpeg\"><img loading=\"lazy\" src=\"http:\/\/cordobadirecto.com\/wp-content\/uploads\/2022\/01\/covid-pasara-o-empeorara-los-escenarios-de-la-pandemia-en-2022-4.jpg\" alt=\"Ilustraci\u00f3n del virus Sars-CoV-2\" sizes=\"(min-width: 1008px) 645px, 100vw\" width=\"976\" height=\"549\" class=\"eehpdyc0 bbc-rb7xa0 e1enwo3v0\"><\/picture><\/noscript><\/p>\n<p role=\"text\" class=\"bbc-1s1cxbv etq3yw90\"><span class=\"bbc-1gnhmg2 e1yt7oin0\">Fuente de la imagen, <\/span><span lang=\"en-GB\">Getty Images<\/span><\/p>\n<\/div>\n<\/div>\n<div dir=\"ltr\" class=\"bbc-3edg7g e57qer20\" readability=\"7\"><figcaption dir=\"ltr\" class=\"bbc-1t9zlwf eede9f50\" readability=\"4\"><span class=\"bbc-1gnhmg2 e1yt7oin0\">Pie de foto, <\/span><\/p>\n<p>A\u00fan es pronto para comprender completamente el impacto de \u00f3micron, pero datos publicados recientemente generan esperanzas de que la infecci\u00f3n causada por esta variante pueda ser m\u00e1s leve.<\/p>\n<\/figcaption><\/div>\n<\/div>\n<\/figure>\n<\/div>\n<div dir=\"ltr\" class=\"bbc-19j92fr e57qer20\" readability=\"14\">\n<p dir=\"ltr\" class=\"bbc-bm53ic e1cc2ql70\">&#8220;Lo que necesitamos entender mejor ahora es si esta variante tiene alguna desventaja y no puede replicarse muy bien en los pulmones, lo que conducir\u00eda a enfermedades menos severas, o si la menor agresividad observada en este momento es el resultado de un factor estad\u00edstico, como el hecho de que las personas vacunadas est\u00e9n m\u00e1s protegidas de la hospitalizaci\u00f3n y la muerte&#8221;, explic\u00f3 Pasternak.<\/p>\n<\/div>\n<div dir=\"ltr\" class=\"bbc-19j92fr e57qer20\" readability=\"15\">\n<p dir=\"ltr\" class=\"bbc-bm53ic e1cc2ql70\">Y que esta variante sea potencialmente menos agresiva <b>tampoco significa que causar\u00e1 menos estragos en el sistema de salud<\/b>. Con millones de personas infectadas, la demanda de acceso a hospitales y salas de emergencia tiende a aumentar, aunque con una frecuencia menor en comparaci\u00f3n con oleadas anteriores. Esto, a su vez, puede provocar falta de suministros, de camas y de profesionales de la salud.<\/p>\n<\/div>\n<div dir=\"ltr\" class=\"bbc-19j92fr e57qer20\" readability=\"10\">\n<p dir=\"ltr\" class=\"bbc-bm53ic e1cc2ql70\">A\u00fan mientras esas previsiones no se confirman, el mismo hecho de que haya surgido una nueva variante tan infecciosa sirve como una advertencia para todo el mundo, se\u00f1alan los expertos.<\/p>\n<\/div>\n<div dir=\"ltr\" class=\"bbc-19j92fr e57qer20\" readability=\"11\">\n<p dir=\"ltr\" class=\"bbc-bm53ic e1cc2ql70\">Nada impide que aparezcan otras versiones virales a\u00fan m\u00e1s temibles en 2022, especialmente si la vacunaci\u00f3n sigue avanzando lentamente en los pa\u00edses m\u00e1s pobres del mundo, y en naciones m\u00e1s ricas donde hay muchos ciudadanos que se niegan a inocularse.<\/p>\n<\/div>\n<p><h2 id=\"Medicamentos-finalmente-un-verdadero-tratamiento-precoz-que-debe-ser-m\u00e1s-accesible\" tabindex=\"-1\" class=\"bbc-l3e97o e14hemmw0\">Medicamentos: finalmente, un verdadero tratamiento precoz (que debe ser m\u00e1s accesible)<\/h2>\n<\/p>\n<div dir=\"ltr\" class=\"bbc-19j92fr e57qer20\" readability=\"9\">\n<p dir=\"ltr\" class=\"bbc-bm53ic e1cc2ql70\">En 2020 y 2021, los m\u00e9dicos que trabajaban en la primera l\u00ednea debieron aprender en el d\u00eda a d\u00eda a tratar a los pacientes hospitalizados con covid.<\/p>\n<\/div>\n<div dir=\"ltr\" class=\"bbc-19j92fr e57qer20\" readability=\"14\">\n<p dir=\"ltr\" class=\"bbc-bm53ic e1cc2ql70\">En la experiencia de la vida real, los profesionales de la salud entendieron la importancia de la oxigenaci\u00f3n y ciertos medicamentos antiinflamatorios, mientras que otras investigaciones demostraron la <b>ineficacia de algunos medicamentos contra la covid, como la hidroxicloroquina, la ivermectina y la nitazoxanida<\/b>.<\/p>\n<\/div>\n<div dir=\"ltr\" class=\"bbc-19j92fr e57qer20\" readability=\"11\">\n<p dir=\"ltr\" class=\"bbc-bm53ic e1cc2ql70\">Tambi\u00e9n han salido al mercado nuevas alternativas terap\u00e9uticas, como<b> representantes de las clases de anticuerpos monoclonales y bloqueadores del receptor de interleucina-6<\/b>. Pero solo est\u00e1n indicados para los casos m\u00e1s graves y tienen un precio muy elevado, lo que dificulta el acceso.<\/p>\n<\/div>\n<div dir=\"ltr\" class=\"bbc-19j92fr e57qer20\" readability=\"11\">\n<p dir=\"ltr\" class=\"bbc-bm53ic e1cc2ql70\">El escenario comenz\u00f3 a cambiar recientemente, con la llegada de los <b>primeros antivirales contra la covid-19<\/b>. Algunos de estos medicamentos, producidos por Pfizer y Merck ya han sido autorizados por agencias reguladoras en Estados Unidos y Europa.<\/p>\n<\/div>\n<div dir=\"ltr\" class=\"bbc-1ka88fa e57qer20\">\n<figure class=\"bbc-1qdcvv9 e6bmn90\">\n<div dir=\"ltr\" class=\"bbc-172p16q e57qer20\">\n<div dir=\"ltr\" class=\"bbc-189y18v e57qer20\" readability=\"6.5\">\n<div data-e2e=\"image-placeholder\" class=\"bbc-997y1y e1whu0\" readability=\"8\"><noscript><picture class=\"bbc-yfiktt e1enwo3v1\"><source srcset=\"http:\/\/cordobadirecto.com\/wp-content\/uploads\/2022\/01\/covid-pasara-o-empeorara-los-escenarios-de-la-pandemia-en-2022-25.webp 240w, http:\/\/cordobadirecto.com\/wp-content\/uploads\/2022\/01\/covid-pasara-o-empeorara-los-escenarios-de-la-pandemia-en-2022-26.webp 320w, http:\/\/cordobadirecto.com\/wp-content\/uploads\/2022\/01\/covid-pasara-o-empeorara-los-escenarios-de-la-pandemia-en-2022-27.webp 480w, http:\/\/cordobadirecto.com\/wp-content\/uploads\/2022\/01\/covid-pasara-o-empeorara-los-escenarios-de-la-pandemia-en-2022-28.webp 624w, http:\/\/cordobadirecto.com\/wp-content\/uploads\/2022\/01\/covid-pasara-o-empeorara-los-escenarios-de-la-pandemia-en-2022-29.webp 800w\" type=\"image\/webp\"><source srcset=\"https:\/\/ichef.bbci.co.uk\/news\/240\/cpsprodpb\/EC02\/production\/_122581406_pandemia6b.jpg 240w, https:\/\/ichef.bbci.co.uk\/news\/320\/cpsprodpb\/EC02\/production\/_122581406_pandemia6b.jpg 320w, https:\/\/ichef.bbci.co.uk\/news\/480\/cpsprodpb\/EC02\/production\/_122581406_pandemia6b.jpg 480w, https:\/\/ichef.bbci.co.uk\/news\/624\/cpsprodpb\/EC02\/production\/_122581406_pandemia6b.jpg 624w, https:\/\/ichef.bbci.co.uk\/news\/800\/cpsprodpb\/EC02\/production\/_122581406_pandemia6b.jpg 800w\" type=\"image\/jpeg\"><img loading=\"lazy\" src=\"http:\/\/cordobadirecto.com\/wp-content\/uploads\/2022\/01\/covid-pasara-o-empeorara-los-escenarios-de-la-pandemia-en-2022-5.jpg\" alt=\"C\u00e1psulas de medicamento antiviral\" sizes=\"(min-width: 1008px) 645px, 100vw\" width=\"976\" height=\"549\" class=\"eehpdyc0 bbc-rb7xa0 e1enwo3v0\"><\/picture><\/noscript><\/p>\n<p role=\"text\" class=\"bbc-1s1cxbv etq3yw90\"><span class=\"bbc-1gnhmg2 e1yt7oin0\">Fuente de la imagen, <\/span><span lang=\"en-GB\">Getty Images<\/span><\/p>\n<\/div>\n<\/div>\n<div dir=\"ltr\" class=\"bbc-3edg7g e57qer20\" readability=\"6\"><figcaption dir=\"ltr\" class=\"bbc-1t9zlwf eede9f50\" readability=\"2\"><span class=\"bbc-1gnhmg2 e1yt7oin0\">Pie de foto, <\/span><\/p>\n<p>Molnupiravir ser\u00e1 administrado dos veces al d\u00eda a los pacientes reci\u00e9n diagnosticados con covid.<\/p>\n<\/figcaption><\/div>\n<\/div>\n<\/figure>\n<\/div>\n<div dir=\"ltr\" class=\"bbc-19j92fr e57qer20\" readability=\"10\">\n<p dir=\"ltr\" class=\"bbc-bm53ic e1cc2ql70\">&#8220;Estos antivirales son buenos y pueden jugar un papel importante, pero las propias compa\u00f1\u00edas farmac\u00e9uticas se cuidaron de dejar claro que no son milagrosos&#8221;, apunt\u00f3 Pasternak.<\/p>\n<\/div>\n<div dir=\"ltr\" class=\"bbc-19j92fr e57qer20\" readability=\"14\">\n<p dir=\"ltr\" class=\"bbc-bm53ic e1cc2ql70\">Bellei, quien tambi\u00e9n trabaja como consultora de la Sociedad Brasile\u00f1a de Infectolog\u00eda, el Ministerio de Salud de Brasil y la OMS, se\u00f1ala que, para obtener un resultado satisfactorio, <b>estos nuevos medicamentos deben ofrecerse al inicio de la infecci\u00f3n por coronavirus<\/b>.<\/p>\n<\/div>\n<div dir=\"ltr\" class=\"bbc-19j92fr e57qer20\" readability=\"8\">\n<p dir=\"ltr\" class=\"bbc-bm53ic e1cc2ql70\">&#8220;Hay que administrarlos temprano para conseguir un buen resultado&#8221;, se\u00f1al\u00f3.<\/p>\n<\/div>\n<div dir=\"ltr\" class=\"bbc-19j92fr e57qer20\" readability=\"8\">\n<p dir=\"ltr\" class=\"bbc-bm53ic e1cc2ql70\">La infect\u00f3loga enfatiz\u00f3 que es fundamental que los antivirales lleguen al mercado a un precio accesible para que realmente sean utilizados a gran escala.<\/p>\n<\/div>\n<p><h2 id=\"Mascarilla-y-distanciamiento-las-medidas-no-farmacol\u00f3gicas-y-los-nuevos-h\u00e1bitos-se-adaptar\u00e1n-a-la-realidad-de-cada-momento\" tabindex=\"-1\" class=\"bbc-l3e97o e14hemmw0\">Mascarilla y distanciamiento: las medidas no farmacol\u00f3gicas (y los nuevos h\u00e1bitos) se adaptar\u00e1n a la realidad de cada momento<\/h2>\n<\/p>\n<div dir=\"ltr\" class=\"bbc-19j92fr e57qer20\" readability=\"12\">\n<p dir=\"ltr\" class=\"bbc-bm53ic e1cc2ql70\">Hallal tambi\u00e9n lament\u00f3 que las medidas para prevenir la covid-19, como el uso de mascarillas, el distanciamiento social y la prevenci\u00f3n de aglomeraciones, hayan sido vistas en algunos pa\u00edses como si fueran cuestiones pol\u00edtico-ideol\u00f3gicas.<\/p>\n<\/div>\n<div dir=\"ltr\" class=\"bbc-19j92fr e57qer20\" readability=\"9\">\n<p dir=\"ltr\" class=\"bbc-bm53ic e1cc2ql70\">&#8220;Esto se debe abordar desde un punto de vista t\u00e9cnico y cient\u00edfico. <b>Estas medidas ser\u00e1n m\u00e1s o menos necesarias seg\u00fan el estadio de la pandemia<\/b>&#8220;, aclar\u00f3 el epidemi\u00f3logo.<\/p>\n<\/div>\n<div dir=\"ltr\" class=\"bbc-19j92fr e57qer20\" readability=\"15\">\n<p dir=\"ltr\" class=\"bbc-bm53ic e1cc2ql70\">&#8220;Hace un mes, en California, la cantidad de casos y muertes por covid era muy baja, por lo que ten\u00eda sentido decir que los vacunados no necesitaban usar mascarilla. Ahora, con el avance de \u00f3micron, volver al uso de mascarillas es una medida adecuada &#8220;, ejemplific\u00f3.<\/p>\n<\/div>\n<div dir=\"ltr\" class=\"bbc-19j92fr e57qer20\" readability=\"13\">\n<p dir=\"ltr\" class=\"bbc-bm53ic e1cc2ql70\">En otras palabras: la tendencia es que, a lo largo de 2022, las restricciones y relajaciones de medidas depender\u00e1n cada vez m\u00e1s del escenario epidemiol\u00f3gico, y es importante que las pol\u00edticas p\u00fablicas se actualicen r\u00e1pidamente, de acuerdo con la situaci\u00f3n del momento.<\/p>\n<\/div>\n<div dir=\"ltr\" class=\"bbc-1ka88fa e57qer20\">\n<figure class=\"bbc-1qdcvv9 e6bmn90\">\n<div dir=\"ltr\" class=\"bbc-172p16q e57qer20\">\n<div dir=\"ltr\" class=\"bbc-189y18v e57qer20\" readability=\"6.5\">\n<div data-e2e=\"image-placeholder\" class=\"bbc-997y1y e1whu0\" readability=\"8\"><noscript><picture class=\"bbc-yfiktt e1enwo3v1\"><source srcset=\"http:\/\/cordobadirecto.com\/wp-content\/uploads\/2022\/01\/covid-pasara-o-empeorara-los-escenarios-de-la-pandemia-en-2022-30.webp 240w, http:\/\/cordobadirecto.com\/wp-content\/uploads\/2022\/01\/covid-pasara-o-empeorara-los-escenarios-de-la-pandemia-en-2022-31.webp 320w, http:\/\/cordobadirecto.com\/wp-content\/uploads\/2022\/01\/covid-pasara-o-empeorara-los-escenarios-de-la-pandemia-en-2022-32.webp 480w, http:\/\/cordobadirecto.com\/wp-content\/uploads\/2022\/01\/covid-pasara-o-empeorara-los-escenarios-de-la-pandemia-en-2022-33.webp 624w, http:\/\/cordobadirecto.com\/wp-content\/uploads\/2022\/01\/covid-pasara-o-empeorara-los-escenarios-de-la-pandemia-en-2022-34.webp 800w\" type=\"image\/webp\"><source srcset=\"https:\/\/ichef.bbci.co.uk\/news\/240\/cpsprodpb\/13A22\/production\/_122581408_pandemia8b.jpg 240w, https:\/\/ichef.bbci.co.uk\/news\/320\/cpsprodpb\/13A22\/production\/_122581408_pandemia8b.jpg 320w, https:\/\/ichef.bbci.co.uk\/news\/480\/cpsprodpb\/13A22\/production\/_122581408_pandemia8b.jpg 480w, https:\/\/ichef.bbci.co.uk\/news\/624\/cpsprodpb\/13A22\/production\/_122581408_pandemia8b.jpg 624w, https:\/\/ichef.bbci.co.uk\/news\/800\/cpsprodpb\/13A22\/production\/_122581408_pandemia8b.jpg 800w\" type=\"image\/jpeg\"><img loading=\"lazy\" src=\"http:\/\/cordobadirecto.com\/wp-content\/uploads\/2022\/01\/covid-pasara-o-empeorara-los-escenarios-de-la-pandemia-en-2022-6.jpg\" alt=\"Hombre con mascarilla\" sizes=\"(min-width: 1008px) 645px, 100vw\" width=\"976\" height=\"549\" class=\"eehpdyc0 bbc-rb7xa0 e1enwo3v0\"><\/picture><\/noscript><\/p>\n<p role=\"text\" class=\"bbc-1s1cxbv etq3yw90\"><span class=\"bbc-1gnhmg2 e1yt7oin0\">Fuente de la imagen, <\/span><span lang=\"en-GB\">Getty Images<\/span><\/p>\n<\/div>\n<\/div>\n<div dir=\"ltr\" class=\"bbc-3edg7g e57qer20\" readability=\"6.5\"><figcaption dir=\"ltr\" class=\"bbc-1t9zlwf eede9f50\" readability=\"3\"><span class=\"bbc-1gnhmg2 e1yt7oin0\">Pie de foto, <\/span><\/p>\n<p>El uso de mascarillas de buena calidad como FFP2 o N95 es una de las medidas m\u00e1s efectivas para prevenir la covid-19.<\/p>\n<\/figcaption><\/div>\n<\/div>\n<\/figure>\n<\/div>\n<div dir=\"ltr\" class=\"bbc-19j92fr e57qer20\" readability=\"10\">\n<p dir=\"ltr\" class=\"bbc-bm53ic e1cc2ql70\">Croda, de FioCruz, est\u00e1 de acuerdo: &#8220;El retorno de cualquier medida restrictiva debe estar relacionado con un aumento en la tasa de hospitalizaciones y muertes&#8221;.<\/p>\n<\/div>\n<div dir=\"ltr\" class=\"bbc-19j92fr e57qer20\" readability=\"8\">\n<p dir=\"ltr\" class=\"bbc-bm53ic e1cc2ql70\">Los expertos aconsejan estar atentos a las recomendaciones de las autoridades sanitarias y realizar una evaluaci\u00f3n de riesgos de cada situaci\u00f3n y contexto. <\/p>\n<\/div>\n<div dir=\"ltr\" class=\"bbc-19j92fr e57qer20\" readability=\"14\">\n<p dir=\"ltr\" class=\"bbc-bm53ic e1cc2ql70\">Mientras persista la pandemia, vale la pena <b>evitar las multitudes siempre que sea posible, usar mascarillas de buena calidad al salir de casa y priorizar las reuniones al aire libre, adem\u00e1s de, por supuesto, recibir las dos o tres dosis de vacuna dentro de los plazos estipulados<\/b>.<\/p>\n<\/div>\n<div dir=\"ltr\" class=\"bbc-19j92fr e57qer20\" readability=\"10\">\n<p dir=\"ltr\" class=\"bbc-bm53ic e1cc2ql70\">Bellei, de Unifesp, espera por su parte que la experiencia con covid-19 haya ense\u00f1ado a la gente un h\u00e1bito fundamental: el <b>aislamiento solidario<\/b> cuando tenemos s\u00edntomas de infecci\u00f3n respiratoria.<\/p>\n<\/div>\n<div dir=\"ltr\" class=\"bbc-19j92fr e57qer20\" readability=\"10\">\n<p dir=\"ltr\" class=\"bbc-bm53ic e1cc2ql70\">&#8220;Quienes tienen s\u00edntomas de gripe, resfriado o covid necesitan quedarse en casa para no transmitir el virus a otras personas&#8221;, pidi\u00f3.<\/p>\n<\/div>\n<div dir=\"ltr\" class=\"bbc-19j92fr e57qer20\" readability=\"8\">\n<p dir=\"ltr\" class=\"bbc-bm53ic e1cc2ql70\">La m\u00e9dica tambi\u00e9n cree que la exigencia de un pasaporte de vacunaci\u00f3n para entrar en algunos establecimientos puede convertirse en una pr\u00e1ctica cada vez m\u00e1s habitual a partir de ahora.<\/p>\n<\/div>\n<div dir=\"ltr\" class=\"bbc-19j92fr e57qer20\" readability=\"10\">\n<p dir=\"ltr\" class=\"bbc-bm53ic e1cc2ql70\">&#8220;Las enfermedades respiratorias virales son enfermedades sociales. <b>Si estoy infectado, puedo afectar la vida de muchas personas a mi alrededor<\/b>&#8220;, afirm\u00f3 la especialista en enfermedades infecciosas.<\/p>\n<\/div>\n<div dir=\"ltr\" class=\"bbc-19j92fr e57qer20\" readability=\"9\">\n<p dir=\"ltr\" class=\"bbc-bm53ic e1cc2ql70\">&#8220;Estoy a favor de la educaci\u00f3n, pero estamos hablando de una enfermedad para la que existe una vacuna&#8221;. <\/p>\n<\/div>\n<div dir=\"ltr\" class=\"bbc-19j92fr e57qer20\" readability=\"10\">\n<p dir=\"ltr\" class=\"bbc-bm53ic e1cc2ql70\">&#8220;Si una persona elige no vacunarse, tiene mayor riesgo de infectarse, incubar el virus en su cuerpo y poner a otros en peligro por el simple hecho de cantar o hablar &#8220;.<\/p>\n<\/div>\n<div dir=\"ltr\" class=\"bbc-1ka88fa e57qer20\">\n<figure class=\"bbc-1qdcvv9 e6bmn90\">\n<div dir=\"ltr\" class=\"bbc-172p16q e57qer20\">\n<div dir=\"ltr\" class=\"bbc-189y18v e57qer20\" readability=\"6.5\">\n<div data-e2e=\"image-placeholder\" class=\"bbc-997y1y e1whu0\" readability=\"8\"><noscript><picture class=\"bbc-yfiktt e1enwo3v1\"><source srcset=\"http:\/\/cordobadirecto.com\/wp-content\/uploads\/2022\/01\/covid-pasara-o-empeorara-los-escenarios-de-la-pandemia-en-2022-35.webp 240w, http:\/\/cordobadirecto.com\/wp-content\/uploads\/2022\/01\/covid-pasara-o-empeorara-los-escenarios-de-la-pandemia-en-2022-36.webp 320w, http:\/\/cordobadirecto.com\/wp-content\/uploads\/2022\/01\/covid-pasara-o-empeorara-los-escenarios-de-la-pandemia-en-2022-37.webp 480w, http:\/\/cordobadirecto.com\/wp-content\/uploads\/2022\/01\/covid-pasara-o-empeorara-los-escenarios-de-la-pandemia-en-2022-38.webp 624w, http:\/\/cordobadirecto.com\/wp-content\/uploads\/2022\/01\/covid-pasara-o-empeorara-los-escenarios-de-la-pandemia-en-2022-39.webp 800w\" type=\"image\/webp\"><source srcset=\"https:\/\/ichef.bbci.co.uk\/news\/240\/cpsprodpb\/171FE\/production\/_122581749_pandemia9b.jpg 240w, https:\/\/ichef.bbci.co.uk\/news\/320\/cpsprodpb\/171FE\/production\/_122581749_pandemia9b.jpg 320w, https:\/\/ichef.bbci.co.uk\/news\/480\/cpsprodpb\/171FE\/production\/_122581749_pandemia9b.jpg 480w, https:\/\/ichef.bbci.co.uk\/news\/624\/cpsprodpb\/171FE\/production\/_122581749_pandemia9b.jpg 624w, https:\/\/ichef.bbci.co.uk\/news\/800\/cpsprodpb\/171FE\/production\/_122581749_pandemia9b.jpg 800w\" type=\"image\/jpeg\"><img loading=\"lazy\" src=\"http:\/\/cordobadirecto.com\/wp-content\/uploads\/2022\/01\/covid-pasara-o-empeorara-los-escenarios-de-la-pandemia-en-2022-7.jpg\" alt=\"Hombre mostrando a una funcionaria su pasaporte de vacunaci\u00f3n\" sizes=\"(min-width: 1008px) 645px, 100vw\" width=\"976\" height=\"549\" class=\"eehpdyc0 bbc-rb7xa0 e1enwo3v0\"><\/picture><\/noscript><\/p>\n<p role=\"text\" class=\"bbc-1s1cxbv etq3yw90\"><span class=\"bbc-1gnhmg2 e1yt7oin0\">Fuente de la imagen, <\/span><span lang=\"en-GB\">Getty Images<\/span><\/p>\n<\/div>\n<\/div>\n<div dir=\"ltr\" class=\"bbc-3edg7g e57qer20\" readability=\"7.5\"><figcaption dir=\"ltr\" class=\"bbc-1t9zlwf eede9f50\" readability=\"5\"><span class=\"bbc-1gnhmg2 e1yt7oin0\">Pie de foto, <\/span><\/p>\n<p>Los pasaportes de vacunaci\u00f3n ya se han adoptado, en mayor o menor medida, en varias partes del mundo<\/p>\n<\/figcaption><\/div>\n<\/div>\n<\/figure>\n<\/div>\n<p><h2 id=\"La-covid-no-desaparecer\u00e1-del-mapa\" tabindex=\"-1\" class=\"bbc-l3e97o e14hemmw0\">&#8220;La covid no desaparecer\u00e1 del mapa&#8221;<\/h2>\n<\/p>\n<div dir=\"ltr\" class=\"bbc-19j92fr e57qer20\" readability=\"8\">\n<p dir=\"ltr\" class=\"bbc-bm53ic e1cc2ql70\">En general, los expertos entienden que el a\u00f1o 2022 comenzar\u00e1 mucho mejor que el 2021.<\/p>\n<\/div>\n<div dir=\"ltr\" class=\"bbc-19j92fr e57qer20\" readability=\"10\">\n<p dir=\"ltr\" class=\"bbc-bm53ic e1cc2ql70\">&#8220;El inicio de 2021 fue terrible, quiz\u00e1s el peor de nuestra historia. No ten\u00edamos vacunas disponibles y est\u00e1bamos con la variante gamma extendi\u00e9ndose por todo el pa\u00eds&#8221;, record\u00f3 Hallal.<\/p>\n<\/div>\n<div dir=\"ltr\" class=\"bbc-19j92fr e57qer20\" readability=\"10\">\n<p dir=\"ltr\" class=\"bbc-bm53ic e1cc2ql70\">&#8220;El a\u00f1o 2022 comienza con la propagaci\u00f3n de \u00f3micron, pero <b>ahora tenemos a los inmunizantes como grandes aliados<\/b>&#8220;, agreg\u00f3 el epidemi\u00f3logo.<\/p>\n<\/div>\n<div dir=\"ltr\" class=\"bbc-19j92fr e57qer20\" readability=\"8\">\n<p dir=\"ltr\" class=\"bbc-bm53ic e1cc2ql70\">Croda reforz\u00f3 el mensaje de que el eventual fin de la situaci\u00f3n pand\u00e9mica en 2022 no significa que el coronavirus ya no ser\u00e1 un problema.<\/p>\n<\/div>\n<div dir=\"ltr\" class=\"bbc-19j92fr e57qer20\" readability=\"12\">\n<p dir=\"ltr\" class=\"bbc-bm53ic e1cc2ql70\">&#8220;Incluso si la pandemia llega a su fin, <b>la covid no desaparecer\u00e1 del mapa<\/b>. Seguir\u00e1 siendo una enfermedad end\u00e9mica, con un gran impacto en los servicios de salud, pero nada comparado con lo ocurrido en 2020 y 2021&#8243;.<\/p>\n<\/div>\n<div dir=\"ltr\" class=\"bbc-19j92fr e57qer20\" readability=\"13\">\n<p dir=\"ltr\" class=\"bbc-bm53ic e1cc2ql70\">Bellei, por su parte, enfatiz\u00f3 que la experiencia actual servir\u00e1 como curva de aprendizaje para otras enfermedades infecciosas con alto potencial de propagaci\u00f3n. &#8220;Necesitamos entender que vendr\u00e1n otras pandemias. Y necesitaremos m\u00e1s agilidad en las acciones y evaluaciones de las pol\u00edticas p\u00fablicas&#8221;, previ\u00f3.<\/p>\n<\/div>\n<div dir=\"ltr\" class=\"bbc-19j92fr e57qer20\" readability=\"8\">\n<p dir=\"ltr\" class=\"bbc-bm53ic e1cc2ql70\">&#8220;Todo lo que hemos aprendido en los dos \u00faltimos a\u00f1os nos servir\u00e1 para afrontar esta y las futuras crisis de salud que veremos en adelante&#8221;.<\/p>\n<\/div>\n<div dir=\"ltr\" class=\"bbc-1ka88fa e57qer20\">\n<figure class=\"bbc-1qdcvv9 e6bmn90\">\n<div dir=\"ltr\" class=\"bbc-172p16q e57qer20\">\n<div dir=\"ltr\" class=\"bbc-189y18v e57qer20\">\n<div data-e2e=\"image-placeholder\" class=\"bbc-997y1y e1whu0\"><noscript><picture class=\"bbc-yfiktt e1enwo3v1\"><source srcset=\"http:\/\/cordobadirecto.com\/wp-content\/uploads\/2022\/01\/covid-pasara-o-empeorara-los-escenarios-de-la-pandemia-en-2022-40.webp 240w, http:\/\/cordobadirecto.com\/wp-content\/uploads\/2022\/01\/covid-pasara-o-empeorara-los-escenarios-de-la-pandemia-en-2022-41.webp 320w, http:\/\/cordobadirecto.com\/wp-content\/uploads\/2022\/01\/covid-pasara-o-empeorara-los-escenarios-de-la-pandemia-en-2022-42.webp 464w\" type=\"image\/webp\"><source srcset=\"https:\/\/ichef.bbci.co.uk\/news\/240\/cpsprodpb\/8AA4\/production\/_112229453_line976.jpg 240w, https:\/\/ichef.bbci.co.uk\/news\/320\/cpsprodpb\/8AA4\/production\/_112229453_line976.jpg 320w, https:\/\/ichef.bbci.co.uk\/news\/464\/cpsprodpb\/8AA4\/production\/_112229453_line976.jpg 464w\" type=\"image\/jpeg\"><img loading=\"lazy\" src=\"http:\/\/cordobadirecto.com\/wp-content\/uploads\/2022\/01\/covid-pasara-o-empeorara-los-escenarios-de-la-pandemia-en-2022-8.jpg\" alt=\"L\u00ednea\" sizes=\"(min-width: 1008px) 645px, 100vw\" width=\"464\" height=\"2\" class=\"eehpdyc0 bbc-rb7xa0 e1enwo3v0\"><\/picture><\/noscript><\/div>\n<\/div>\n<\/div>\n<\/figure>\n<\/div>\n<div dir=\"ltr\" class=\"bbc-19j92fr e57qer20\" readability=\"8\">\n<p dir=\"ltr\" class=\"bbc-bm53ic e1cc2ql70\"><i class=\"bbc-h1y5j7 ewc4zcb0\">Ahora puedes recibir notificaciones de BBC Mundo. Descarga la nueva versi\u00f3n de nuestra app y act\u00edvalas para no perderte nuestro mejor contenido.<\/i><\/p>\n<\/div>\n","protected":false},"excerpt":{"rendered":"<p>Andr\u00e9 Biernath &#8211; @andre_biernath BBC News Brasil, Sao Paulo 6 horas Fuente de la imagen, Getty Images Pie de foto, Estamos m\u00e1s cerca del fin que del comienzo de la pandemia, seg\u00fan especialistas. Dos a\u00f1os despu\u00e9s del descubrimiento del coronavirus causante de la covid-19 en Wuhan, China, el mundo parece estar m\u00e1s cerca del fin [&hellip;]<\/p>\n","protected":false},"author":1,"featured_media":37201,"comment_status":"closed","ping_status":"closed","sticky":false,"template":"","format":"standard","meta":[],"categories":[24],"tags":[],"_links":{"self":[{"href":"http:\/\/cordobadirecto.com\/index.php\/wp-json\/wp\/v2\/posts\/37200"}],"collection":[{"href":"http:\/\/cordobadirecto.com\/index.php\/wp-json\/wp\/v2\/posts"}],"about":[{"href":"http:\/\/cordobadirecto.com\/index.php\/wp-json\/wp\/v2\/types\/post"}],"author":[{"embeddable":true,"href":"http:\/\/cordobadirecto.com\/index.php\/wp-json\/wp\/v2\/users\/1"}],"replies":[{"embeddable":true,"href":"http:\/\/cordobadirecto.com\/index.php\/wp-json\/wp\/v2\/comments?post=37200"}],"version-history":[{"count":0,"href":"http:\/\/cordobadirecto.com\/index.php\/wp-json\/wp\/v2\/posts\/37200\/revisions"}],"wp:featuredmedia":[{"embeddable":true,"href":"http:\/\/cordobadirecto.com\/index.php\/wp-json\/wp\/v2\/media\/37201"}],"wp:attachment":[{"href":"http:\/\/cordobadirecto.com\/index.php\/wp-json\/wp\/v2\/media?parent=37200"}],"wp:term":[{"taxonomy":"category","embeddable":true,"href":"http:\/\/cordobadirecto.com\/index.php\/wp-json\/wp\/v2\/categories?post=37200"},{"taxonomy":"post_tag","embeddable":true,"href":"http:\/\/cordobadirecto.com\/index.php\/wp-json\/wp\/v2\/tags?post=37200"}],"curies":[{"name":"wp","href":"https:\/\/api.w.org\/{rel}","templated":true}]}}