{"id":37262,"date":"2022-01-05T13:09:19","date_gmt":"2022-01-05T13:09:19","guid":{"rendered":"http:\/\/cordobadirecto.com\/index.php\/2022\/01\/05\/dani-alves-fue-inscripto-y-podria-debutar-esta-tarde-por-la-copa-del-rey\/"},"modified":"2022-01-05T13:09:19","modified_gmt":"2022-01-05T13:09:19","slug":"dani-alves-fue-inscripto-y-podria-debutar-esta-tarde-por-la-copa-del-rey","status":"publish","type":"post","link":"http:\/\/cordobadirecto.com\/index.php\/2022\/01\/05\/dani-alves-fue-inscripto-y-podria-debutar-esta-tarde-por-la-copa-del-rey\/","title":{"rendered":"Dani Alves fue inscripto y podr\u00eda debutar esta tarde por la Copa del Rey"},"content":{"rendered":"<figure class=\"mb-3\"><img loading=\"lazy\" src=\"http:\/\/cordobadirecto.com\/wp-content\/uploads\/2022\/01\/dani-alves-fue-inscripto-y-podria-debutar-esta-tarde-por-la-copa-del-rey.jpg\" width=\"100%\" height=\"100%\" alt=\"Dani Alves en el da de su presentacin en Barcelona \"><figcaption> Dani Alves en el d\u00eda de su presentaci\u00f3n en Barcelona. <\/figcaption><\/figure>\n<p>El brasile\u00f1o Dani Alves fue inscripto este mi\u00e9rcoles oficialmente por el Barcelona en la Liga espa\u00f1ola de f\u00fatbol y podr\u00eda debutar esta tarde ante Linares por la Copa del Rey si el entrenador Xavi Hern\u00e1ndez as\u00ed lo dispone.<\/p>\n<p>El club catal\u00e1n recibi\u00f3 todas las aprobaciones por parte de LaLiga y lo anunci\u00f3 mediante un comunicado en sus redes sociales: &#8220;El FC Barcelona ha recibido todas las aprobaciones para poder inscribir a @DaniAlvesD2. El jugador ya est\u00e1 disponible para el #LinaresBar\u00e7a&#8221;.<\/p>\n<blockquote class=\"twitter-tweet\" readability=\"4.2893617021277\">\n<p lang=\"es\" dir=\"ltr\">\u2757 \u00daLTIMA HORA<\/p>\n<p>El FC Barcelona ha recibido todas las aprobaciones para poder inscribir a <a href=\"https:\/\/twitter.com\/DaniAlvesD2?ref_src=twsrc%5Etfw\">@DaniAlvesD2<\/a>. El jugador ya est\u00e1 disponible para el <a href=\"https:\/\/twitter.com\/hashtag\/LinaresBar%C3%A7a?src=hash&amp;ref_src=twsrc%5Etfw\">#LinaresBar\u00e7a<\/a>. <a href=\"https:\/\/t.co\/s9Hm5TPKIQ\">pic.twitter.com\/s9Hm5TPKIQ<\/a><\/p>\n<p>\u2014 FC Barcelona (@FCBarcelona_es) <a href=\"https:\/\/twitter.com\/FCBarcelona_es\/status\/1478651328842932231?ref_src=twsrc%5Etfw\">January 5, 2022<\/a><\/p><\/blockquote>\n<p>El partido por 16avos de la Copa del Rey entre Linares, club de la provincia espa\u00f1ola de Ja\u00e9n que juega en la tercera divisi\u00f3n del f\u00fatbol espa\u00f1ol, y Barcelona se jugar\u00e1 esta tarde desde las 15.30 (hora argentina, 19.30 en Espa\u00f1a), en cruce a partido \u00fanico en el que el Bar\u00e7a, actual campe\u00f3n, ser\u00e1 visitante.<\/p>\n<p>El lateral brasile\u00f1o, hoy un jugador polifuncional as\u00ed considerado por el DT Xavi Hern\u00e1ndez, ya jug\u00f3 el pasado 14 de diciembre contra Boca Juniors por la Maradona Cup, un trofeo amistoso jugado en Arabia Saudita que se adjudic\u00f3 el &#8220;Xeneize&#8221; en la definici\u00f3n por penales.<\/p>\n<blockquote class=\"twitter-tweet\" readability=\"3.5036496350365\">\n<p lang=\"es\" dir=\"ltr\">\ud835\udc73\ud835\udc8d\ud835\udc86\ud835\udc88\ud835\udc90\u0301 \ud835\udc86\ud835\udc8d \ud835\udc8e\ud835\udc90\ud835\udc8e\ud835\udc86\ud835\udc8f\ud835\udc95\ud835\udc90 <a href=\"https:\/\/t.co\/RJWcw3gCpk\">pic.twitter.com\/RJWcw3gCpk<\/a><\/p>\n<p>\u2014 FC Barcelona (@FCBarcelona_es) <a href=\"https:\/\/twitter.com\/FCBarcelona_es\/status\/1478676635805261830?ref_src=twsrc%5Etfw\">January 5, 2022<\/a><\/p><\/blockquote>\n<p>El regreso de Dani Alves, de 38 a\u00f1os, fue anunciado por el Barcelona en noviembre pasado. El jugador trabaj\u00f3 desde entonces a la par de sus compa\u00f1eros, pero reci\u00e9n hoy fue habilitado para jugar oficialmente para el conjunto &#8220;cul\u00e9&#8221;. <\/p>\n","protected":false},"excerpt":{"rendered":"<p>Dani Alves en el d\u00eda de su presentaci\u00f3n en Barcelona. El brasile\u00f1o Dani Alves fue inscripto este mi\u00e9rcoles oficialmente por el Barcelona en la Liga espa\u00f1ola de f\u00fatbol y podr\u00eda debutar esta tarde ante Linares por la Copa del Rey si el entrenador Xavi Hern\u00e1ndez as\u00ed lo dispone. El club catal\u00e1n recibi\u00f3 todas las aprobaciones [&hellip;]<\/p>\n","protected":false},"author":1,"featured_media":37263,"comment_status":"closed","ping_status":"closed","sticky":false,"template":"","format":"standard","meta":[],"categories":[21],"tags":[],"_links":{"self":[{"href":"http:\/\/cordobadirecto.com\/index.php\/wp-json\/wp\/v2\/posts\/37262"}],"collection":[{"href":"http:\/\/cordobadirecto.com\/index.php\/wp-json\/wp\/v2\/posts"}],"about":[{"href":"http:\/\/cordobadirecto.com\/index.php\/wp-json\/wp\/v2\/types\/post"}],"author":[{"embeddable":true,"href":"http:\/\/cordobadirecto.com\/index.php\/wp-json\/wp\/v2\/users\/1"}],"replies":[{"embeddable":true,"href":"http:\/\/cordobadirecto.com\/index.php\/wp-json\/wp\/v2\/comments?post=37262"}],"version-history":[{"count":0,"href":"http:\/\/cordobadirecto.com\/index.php\/wp-json\/wp\/v2\/posts\/37262\/revisions"}],"wp:featuredmedia":[{"embeddable":true,"href":"http:\/\/cordobadirecto.com\/index.php\/wp-json\/wp\/v2\/media\/37263"}],"wp:attachment":[{"href":"http:\/\/cordobadirecto.com\/index.php\/wp-json\/wp\/v2\/media?parent=37262"}],"wp:term":[{"taxonomy":"category","embeddable":true,"href":"http:\/\/cordobadirecto.com\/index.php\/wp-json\/wp\/v2\/categories?post=37262"},{"taxonomy":"post_tag","embeddable":true,"href":"http:\/\/cordobadirecto.com\/index.php\/wp-json\/wp\/v2\/tags?post=37262"}],"curies":[{"name":"wp","href":"https:\/\/api.w.org\/{rel}","templated":true}]}}