{"id":37294,"date":"2022-01-05T13:09:49","date_gmt":"2022-01-05T13:09:49","guid":{"rendered":"http:\/\/cordobadirecto.com\/index.php\/2022\/01\/05\/corrigieron-errores-del-especial-de-harry-potter-a-20-anos-del-inicio-de-la-saga\/"},"modified":"2022-01-05T13:09:49","modified_gmt":"2022-01-05T13:09:49","slug":"corrigieron-errores-del-especial-de-harry-potter-a-20-anos-del-inicio-de-la-saga","status":"publish","type":"post","link":"http:\/\/cordobadirecto.com\/index.php\/2022\/01\/05\/corrigieron-errores-del-especial-de-harry-potter-a-20-anos-del-inicio-de-la-saga\/","title":{"rendered":"Corrigieron errores del especial de Harry Potter, a 20 a\u00f1os del inicio de la saga"},"content":{"rendered":"<figure class=\"mb-3\"><img loading=\"lazy\" src=\"http:\/\/cordobadirecto.com\/wp-content\/uploads\/2022\/01\/corrigieron-errores-del-especial-de-harry-potter-a-20-anos-del-inicio-de-la-saga.jpg\" width=\"100%\" height=\"100%\" alt=\"Tras la reaccin de varios fans a los que no les pasaron por alto los errores y los evidenciaron a travs de diversos posteos virales los productores del especial Regreso a Hogwarts decidieron corregir los datos equivocados\"><figcaption> Tras la reacci\u00f3n de varios fans a los que no les pasaron por alto los errores y los evidenciaron a trav\u00e9s de diversos posteos virales, los productores del especial &#8220;Regreso a Hogwarts&#8221; decidieron corregir los datos equivocados.. <\/figcaption><\/figure>\n<p>Tras la reacci\u00f3n de varios fans a los que no les pasaron por alto los errores y los evidenciaron a trav\u00e9s de diversos posteos virales, los productores del especial &#8220;Regreso a Hogwarts&#8221;, estrenado d\u00edas atr\u00e1s por HBO Max para celebrar los 20 a\u00f1os de la pel\u00edcula que dio inicio a la saga cinematogr\u00e1fica de Harry Potter, <strong>decidieron corregir los datos equivocados.<\/strong><\/p>\n<p>El m\u00e1s notorio de ellos fue la utilizaci\u00f3n de una foto de <strong>la actriz Emma Roberts de peque\u00f1a como si se tratar\u00e1 de Emma Watson<\/strong>; adem\u00e1s de haber presentado<strong> con sus nombres cambiados<\/strong> a los mellizos James y Oliver Phelps, quienes encarnaban a Fred y George Weasley,<\/p>\n<p>En este \u00faltimo caso, fue el propio Oliver quien se percat\u00f3 del fallo y, con humor, escribi\u00f3 en su cuenta de Instagram: &#8220;Supongo que despu\u00e9s de todas las bromas a lo largo de los a\u00f1os, alguien decidi\u00f3 vengarse&#8221;.<\/p>\n<blockquote class=\"instagram-media\" data-instgrm-captioned data-instgrm-permalink=\"https:\/\/www.instagram.com\/p\/CYPiGJrqWS_\/?utm_source=ig_embed&amp;utm_campaign=loading\" data-instgrm-version=\"14\" readability=\"-0.21875\"><\/blockquote>\n<p>Seg\u00fan consigna el sitio especializado The Hollywood Reporter, tras cuatro d\u00edas de permanentes posteos de fans, <strong>los productores aceptaron los fallos<\/strong>. &#8220;\u00a1Buena vista fans de Harry Potter! Nos hicieron notar un error de edici\u00f3n de una fotograf\u00eda mal etiquetada. La nueva versi\u00f3n ya est\u00e1 online&#8221;, respondieron ante una consulta de ese portal dedicado al espect\u00e1culo.<\/p>\n<p>El 20\u00ba aniversario de la llegada a la pantalla grande de las aventura del famoso ni\u00f1o mago fue la excusa para que se realizara un especial con los protagonistas de esta saga.<\/p>\n<blockquote class><p>&#8220;\u00a1Buena vista fans de Harry Potter! Nos hicieron notar un error de edici\u00f3n de una fotograf\u00eda mal etiquetada. La nueva versi\u00f3n ya est\u00e1 online&#8221;<cite class=\"author\">Productores del especial<\/cite><\/p><\/blockquote>\n<p><strong>Dividido en cuatro cap\u00edtulos que abarcan dos filmes cada uno<\/strong>, el especial cuenta con la participaci\u00f3n de Daniel Radcliffe, Rupert Grint y Emma Watson, quienes dieron vida respectivamente al entra\u00f1able y joven mago del t\u00edtulo y a sus fieles amigos, Ron Weasley y Hermione Granger. All\u00ed cuentan sus experiencias formando parte de las producciones que los catapultaron a la fama mundial cuando eran todav\u00eda preadolescentes y daban sus primeros pasos en el mundo de la actuaci\u00f3n.<\/p>\n<figure class=\"mb-3\"><img loading=\"lazy\" src=\"http:\/\/cordobadirecto.com\/wp-content\/uploads\/2022\/01\/corrigieron-errores-del-especial-de-harry-potter-a-20-anos-del-inicio-de-la-saga-1.jpg\" width=\"100%\" height=\"100%\" alt=\"El 20 aniversario de la llegada a la pantalla grande de las aventura del famoso nio mago fue la excusa para que se realizara un especial con los protagonistas de esta saga\"><figcaption> El 20\u00ba aniversario de la llegada a la pantalla grande de las aventura del famoso ni\u00f1o mago fue la excusa para que se realizara un especial con los protagonistas de esta saga. <\/figcaption><\/figure>\n<p>Tambi\u00e9n forman parte de la reuni\u00f3n otros reconocidos int\u00e9rpretes que integraron la franquicia como Ralph Fiennes -quien encarn\u00f3 al temible Lord Voldemort-, Helena Bonham Carter, Jason Isaacs, Gary Oldman, Ian Hart y Robbie Coltrane, junto a otros integrantes del elenco como Tom Felton, James y Oliver Phelps, Mark Williams, Bonnie Wright, Alfred Enoch, Toby Jones, Matthew Lewis y Evanna Lynch.<\/p>\n<p>Adem\u00e1s, los cineastas Chris Columbus, Alfonso Cuar\u00f3n, Mike Newell y David Yates, quienes estuvieron a cargo de llevar los siete libros escritos por J.K. Rowling al cine, tambi\u00e9n aparecen en el homenaje para contar detalles sobre la realizaci\u00f3n de los filmes que marcaron a toda una generaci\u00f3n.<\/p>\n<p><strong>Quien no fue invitada a participar fue J.K. Rowling<\/strong>, <a href=\"https:\/\/www.telam.com.ar\/notas\/202006\/473790-acusan-a-la-autora-de-harry-potter-de-discriminacion-por-comentario-sobre-la-menstruacion.html\" target=\"_blank\" rel=\"noopener\">autora de los best-sellers que dieron origen a los filmes, por algunas expresiones p\u00fablicas transf\u00f3bicas<\/a>, aunque se recurri\u00f3 a reportajes de archivo para contar con su palabra. <\/p>\n","protected":false},"excerpt":{"rendered":"<p>Tras la reacci\u00f3n de varios fans a los que no les pasaron por alto los errores y los evidenciaron a trav\u00e9s de diversos posteos virales, los productores del especial &#8220;Regreso a Hogwarts&#8221; decidieron corregir los datos equivocados.. Tras la reacci\u00f3n de varios fans a los que no les pasaron por alto los errores y los [&hellip;]<\/p>\n","protected":false},"author":1,"featured_media":37295,"comment_status":"closed","ping_status":"closed","sticky":false,"template":"","format":"standard","meta":[],"categories":[20],"tags":[],"_links":{"self":[{"href":"http:\/\/cordobadirecto.com\/index.php\/wp-json\/wp\/v2\/posts\/37294"}],"collection":[{"href":"http:\/\/cordobadirecto.com\/index.php\/wp-json\/wp\/v2\/posts"}],"about":[{"href":"http:\/\/cordobadirecto.com\/index.php\/wp-json\/wp\/v2\/types\/post"}],"author":[{"embeddable":true,"href":"http:\/\/cordobadirecto.com\/index.php\/wp-json\/wp\/v2\/users\/1"}],"replies":[{"embeddable":true,"href":"http:\/\/cordobadirecto.com\/index.php\/wp-json\/wp\/v2\/comments?post=37294"}],"version-history":[{"count":0,"href":"http:\/\/cordobadirecto.com\/index.php\/wp-json\/wp\/v2\/posts\/37294\/revisions"}],"wp:featuredmedia":[{"embeddable":true,"href":"http:\/\/cordobadirecto.com\/index.php\/wp-json\/wp\/v2\/media\/37295"}],"wp:attachment":[{"href":"http:\/\/cordobadirecto.com\/index.php\/wp-json\/wp\/v2\/media?parent=37294"}],"wp:term":[{"taxonomy":"category","embeddable":true,"href":"http:\/\/cordobadirecto.com\/index.php\/wp-json\/wp\/v2\/categories?post=37294"},{"taxonomy":"post_tag","embeddable":true,"href":"http:\/\/cordobadirecto.com\/index.php\/wp-json\/wp\/v2\/tags?post=37294"}],"curies":[{"name":"wp","href":"https:\/\/api.w.org\/{rel}","templated":true}]}}