{"id":37296,"date":"2022-01-05T13:09:52","date_gmt":"2022-01-05T13:09:52","guid":{"rendered":"http:\/\/cordobadirecto.com\/index.php\/2022\/01\/05\/soledad-despliega-una-imponente-serie-de-presentaciones-por-todo-el-pais\/"},"modified":"2022-01-05T13:09:52","modified_gmt":"2022-01-05T13:09:52","slug":"soledad-despliega-una-imponente-serie-de-presentaciones-por-todo-el-pais","status":"publish","type":"post","link":"http:\/\/cordobadirecto.com\/index.php\/2022\/01\/05\/soledad-despliega-una-imponente-serie-de-presentaciones-por-todo-el-pais\/","title":{"rendered":"Soledad despliega una imponente serie de presentaciones por todo el pa\u00eds"},"content":{"rendered":"<figure class=\"mb-3\"><img loading=\"lazy\" src=\"http:\/\/cordobadirecto.com\/wp-content\/uploads\/2022\/01\/soledad-despliega-una-imponente-serie-de-presentaciones-por-todo-el-pais.jpg\" width=\"100%\" height=\"100%\" alt=\"Soledad lista para un verano con 23 presentaciones\"><figcaption> Soledad lista para un verano con 23 presentaciones. <\/figcaption><\/figure>\n<p>La popular cantautora <strong>Soledad Pastorutti<\/strong>, quien anoche ofreci\u00f3 un show privado en la ciudad santafesina de Rosario, iniciar\u00e1 formalmente<strong> este jueves en Gualeguaych\u00fa<\/strong> (Entre R\u00edos), una imponente gira nacional que prev\u00e9 otras <strong>22 presentaciones hasta mediados de marzo.<\/strong><\/p>\n<p>El tour que incluye la participaci\u00f3n en festivales seguir\u00e1 el <strong>7 en San Jos\u00e9<\/strong> (C\u00f3rdoba), el<strong> 8 en Santa Ana <\/strong>(Entre R\u00edos), el <strong>9 en Santa Rosa<\/strong> (La Pampa), el <strong>12 en Punta del Este<\/strong> (Uruguay), el <strong>15 en Jes\u00fas Mar\u00eda<\/strong> (C\u00f3rdoba), el <strong>16 en Guamin\u00ed<\/strong> (Buenos Aires), <strong>21 en Concepci\u00f3n del Uruguay<\/strong> (Entre R\u00edos), el <strong>23 en Corrientes<\/strong>, el <strong>27 en Cosqu\u00edn<\/strong>, el <strong>28 en La Cruz<\/strong> y el <strong>29 en Monte Ma\u00edz<\/strong> (C\u00f3rdoba).<\/p>\n<p>En febrero, La Sole se presentar\u00e1 el<strong> 4 en La Banda <\/strong>(Santiago del Estero), el <strong>5 en Gral. Deheza <\/strong>(C\u00f3rdoba), el <strong>6 en General Roca<\/strong> (R\u00edo Negro), el <strong>12 en General San Mart\u00edn<\/strong> (La Pampa), el <strong>13 en La Rioja<\/strong>, el <strong>18 en Recreo<\/strong> (Catamarca), el <strong>19 en G\u00e1lvez<\/strong> (Santa Fe) y el <strong>20 en Ca\u00f1ada de G\u00f3mez<\/strong> (Santa Fe).<\/p>\n<p>Mientras que la recorrida de marzo tiene, de momento, tres recitales: el<strong> 5 en Realic\u00f3<\/strong> (La Pampa), <strong>12 en Tres Arroyos<\/strong> (Buenos Aires) y el <strong>13 en Lamarque<\/strong> (R\u00edo Negro).santa fe <\/p>\n","protected":false},"excerpt":{"rendered":"<p>Soledad lista para un verano con 23 presentaciones. La popular cantautora Soledad Pastorutti, quien anoche ofreci\u00f3 un show privado en la ciudad santafesina de Rosario, iniciar\u00e1 formalmente este jueves en Gualeguaych\u00fa (Entre R\u00edos), una imponente gira nacional que prev\u00e9 otras 22 presentaciones hasta mediados de marzo. El tour que incluye la participaci\u00f3n en festivales seguir\u00e1 [&hellip;]<\/p>\n","protected":false},"author":1,"featured_media":37297,"comment_status":"closed","ping_status":"closed","sticky":false,"template":"","format":"standard","meta":[],"categories":[20],"tags":[],"_links":{"self":[{"href":"http:\/\/cordobadirecto.com\/index.php\/wp-json\/wp\/v2\/posts\/37296"}],"collection":[{"href":"http:\/\/cordobadirecto.com\/index.php\/wp-json\/wp\/v2\/posts"}],"about":[{"href":"http:\/\/cordobadirecto.com\/index.php\/wp-json\/wp\/v2\/types\/post"}],"author":[{"embeddable":true,"href":"http:\/\/cordobadirecto.com\/index.php\/wp-json\/wp\/v2\/users\/1"}],"replies":[{"embeddable":true,"href":"http:\/\/cordobadirecto.com\/index.php\/wp-json\/wp\/v2\/comments?post=37296"}],"version-history":[{"count":0,"href":"http:\/\/cordobadirecto.com\/index.php\/wp-json\/wp\/v2\/posts\/37296\/revisions"}],"wp:featuredmedia":[{"embeddable":true,"href":"http:\/\/cordobadirecto.com\/index.php\/wp-json\/wp\/v2\/media\/37297"}],"wp:attachment":[{"href":"http:\/\/cordobadirecto.com\/index.php\/wp-json\/wp\/v2\/media?parent=37296"}],"wp:term":[{"taxonomy":"category","embeddable":true,"href":"http:\/\/cordobadirecto.com\/index.php\/wp-json\/wp\/v2\/categories?post=37296"},{"taxonomy":"post_tag","embeddable":true,"href":"http:\/\/cordobadirecto.com\/index.php\/wp-json\/wp\/v2\/tags?post=37296"}],"curies":[{"name":"wp","href":"https:\/\/api.w.org\/{rel}","templated":true}]}}