{"id":37380,"date":"2022-01-06T00:20:58","date_gmt":"2022-01-06T00:20:58","guid":{"rendered":"https:\/\/cordoba.gob.ar\/?p=19229"},"modified":"2022-01-06T00:20:58","modified_gmt":"2022-01-06T00:20:58","slug":"la-municipalidad-proveera-agua-potable-a-villa-retiro","status":"publish","type":"post","link":"http:\/\/cordobadirecto.com\/index.php\/2022\/01\/06\/la-municipalidad-proveera-agua-potable-a-villa-retiro\/","title":{"rendered":"La Municipalidad proveer\u00e1 agua potable a Villa Retiro"},"content":{"rendered":"<div><img src=\"http:\/\/cordobadirecto.com\/wp-content\/uploads\/2022\/01\/la-municipalidad-proveera-agua-potable-a-villa-retiro.jpg\" class=\"ff-og-image-inserted\"><\/div>\n<ul>\n<li><strong>El lunes 10 de enero comienza la obra que beneficiar\u00e1 a 400 familias de manera directa y a otras 1200 en forma indirecta, a las que les mejorar\u00e1 sensiblemente el precario servicio que hoy tienen.<\/strong><\/li>\n<li><strong>Los trabajos consisten en la instalaci\u00f3n de 1.802 metros lineales de ca\u00f1er\u00edas con una inversi\u00f3n de $30 millones.<\/strong><\/li>\n<\/ul>\n<hr>\n<p>El intendente Mart\u00edn Llaryora anunci\u00f3 que el pr\u00f3ximo lunes 10 de enero comienzan las obras tendientes a normalizar el suministro de agua potable para 400 familias que residen en una de las zonas m\u00e1s cr\u00edticas de Villa Retiro, las que desde hace meses padecen la disminuci\u00f3n del suministro.<\/p>\n<p><em>\u201cEs una decisi\u00f3n econ\u00f3mica y pol\u00edtica que deb\u00edamos tomar porque ni la cooperativa ni los vecinos pod\u00edan afrontar los problemas ni los gastos\u201d<\/em>, manifest\u00f3 Llaryora.<\/p>\n<p>Adem\u00e1s, agreg\u00f3 <em>\u201cLa mejora va a ser notable, el cambio va a ser mucho m\u00e1s grande que el proyecto inicial. Aqu\u00ed van a tener agua de calidad, porque el agua es propiedad de todos los cordobeses. Trabajamos desde el Municipio para que le lleve tranquilidad a un sector tan querido de nuestra ciudad\u201d.<\/em><\/p>\n<p>La cooperativa que presta sus servicios en el sector presenta dificultades para el abastecimiento a causa de problemas estructurales en uno de los pozos de bombeo, lo que redujo el suministro de agua hacia los domicilios.<\/p>\n<p>La venta de agua en bloque se realizar\u00e1 a trav\u00e9s de la empresa Aguas Cordobesas por iniciativa del Municipio, lo que aumentar\u00e1 la presi\u00f3n de un \u00e1rea servida para 400 familias que se encuentra en estado cr\u00edtico. El resto del barrio, que tambi\u00e9n presenta problemas por la disminuci\u00f3n del caudal, se ver\u00e1 favorecido con la obra de ampliaci\u00f3n del suministro, llegando a un total de 1.200 beneficiarios indirectos.<\/p>\n<p>La obra consiste en la instalaci\u00f3n de un nexo de impulsi\u00f3n desde la estaci\u00f3n elevadora ubicada en Parque Liceo 2\u00b0 Secci\u00f3n perteneciente al sistema concesionado de Aguas Cordobesas hasta la red de la cooperativa de Villa Retiro a la que se le realizar\u00e1n tres empalmes sobre Av. Rancagua, totalizando 1.802 metros lineales de ca\u00f1er\u00edas de entre 160 y 110mm de di\u00e1metro.<\/p>\n<p>La inversi\u00f3n prevista para estas estas tareas es de $30 millones.<\/p>\n<p><em>\u201cEsta es una obra definitiva de impulsi\u00f3n muy importante desde el punto de vista econ\u00f3mico, que va a dar una soluci\u00f3n y va a traer una mejora importante al sector\u201d<\/em>, aclar\u00f3 por su parte, el subsecretario de Infraestructura, Juan Jos\u00e9 Tuninetti.<\/p>\n<p>En una primera etapa, la Municipalidad ejecut\u00f3 un empalme a la red de Villa Retiro para brindar agua en bloque a una de las cisternas trav\u00e9s del ramal ubicado en la Av. Juan B. Justo, impulsando una soluci\u00f3n paliativa hasta que arribaran las obras definitivas.<\/p>\n","protected":false},"excerpt":{"rendered":"<p>El lunes 10 de enero comienza la obra que beneficiar\u00e1 a 400 familias de manera directa y a otras 1200 en forma indirecta, a las que les mejorar\u00e1 sensiblemente el precario servicio que hoy tienen. Los trabajos consisten en la instalaci\u00f3n de 1.802 metros lineales de ca\u00f1er\u00edas con una inversi\u00f3n de $30 millones. El intendente [&hellip;]<\/p>\n","protected":false},"author":1,"featured_media":37381,"comment_status":"closed","ping_status":"closed","sticky":false,"template":"","format":"standard","meta":[],"categories":[44],"tags":[],"_links":{"self":[{"href":"http:\/\/cordobadirecto.com\/index.php\/wp-json\/wp\/v2\/posts\/37380"}],"collection":[{"href":"http:\/\/cordobadirecto.com\/index.php\/wp-json\/wp\/v2\/posts"}],"about":[{"href":"http:\/\/cordobadirecto.com\/index.php\/wp-json\/wp\/v2\/types\/post"}],"author":[{"embeddable":true,"href":"http:\/\/cordobadirecto.com\/index.php\/wp-json\/wp\/v2\/users\/1"}],"replies":[{"embeddable":true,"href":"http:\/\/cordobadirecto.com\/index.php\/wp-json\/wp\/v2\/comments?post=37380"}],"version-history":[{"count":0,"href":"http:\/\/cordobadirecto.com\/index.php\/wp-json\/wp\/v2\/posts\/37380\/revisions"}],"wp:featuredmedia":[{"embeddable":true,"href":"http:\/\/cordobadirecto.com\/index.php\/wp-json\/wp\/v2\/media\/37381"}],"wp:attachment":[{"href":"http:\/\/cordobadirecto.com\/index.php\/wp-json\/wp\/v2\/media?parent=37380"}],"wp:term":[{"taxonomy":"category","embeddable":true,"href":"http:\/\/cordobadirecto.com\/index.php\/wp-json\/wp\/v2\/categories?post=37380"},{"taxonomy":"post_tag","embeddable":true,"href":"http:\/\/cordobadirecto.com\/index.php\/wp-json\/wp\/v2\/tags?post=37380"}],"curies":[{"name":"wp","href":"https:\/\/api.w.org\/{rel}","templated":true}]}}