{"id":37392,"date":"2022-01-05T21:30:00","date_gmt":"2022-01-05T21:30:00","guid":{"rendered":"http:\/\/cordobadirecto.com\/index.php\/2022\/01\/05\/italia-marco-un-nuevo-record-189-109-casos-en-las-ultimas-24-horas\/"},"modified":"2022-01-05T21:30:00","modified_gmt":"2022-01-05T21:30:00","slug":"italia-marco-un-nuevo-record-189-109-casos-en-las-ultimas-24-horas","status":"publish","type":"post","link":"http:\/\/cordobadirecto.com\/index.php\/2022\/01\/05\/italia-marco-un-nuevo-record-189-109-casos-en-las-ultimas-24-horas\/","title":{"rendered":"Italia marc\u00f3 un nuevo r\u00e9cord: 189.109 casos en las \u00faltimas 24 horas"},"content":{"rendered":"<p><strong>por Corresponsal<\/strong><\/p>\n<figure class=\"mb-3\"><img loading=\"lazy\" src=\"http:\/\/cordobadirecto.com\/wp-content\/uploads\/2022\/01\/italia-marco-un-nuevo-record-189-109-casos-en-las-ultimas-24-horas.jpg\" width=\"100%\" height=\"100%\" alt=\"En las ltimas 24 horas Italia registr 231 vctimas por lo que el total de muertos desde el inicio de la pandemia es de 138276\"><figcaption> En las \u00faltimas 24 horas Italia registr\u00f3 231 v\u00edctimas por lo que el total de muertos desde el inicio de la pandemia es de 138.276. <\/figcaption><\/figure>\n<p>El Gobierno italiano decidi\u00f3 este mi\u00e9rcoles establecer la vacunaci\u00f3n obligatoria contra el coronavirus a todas las personas que tengan m\u00e1s de 50 a\u00f1os, horas despu\u00e9s de haber registrado casi 200.000 casos diarios, un nuevo r\u00e9cord desde el inicio de la pandemia.<\/p>\n<p>Para &#8220;proteger la salud p\u00fablica y mantener condiciones de seguridad adecuadas en la prestaci\u00f3n de servicios de atenci\u00f3n y asistencia&#8221;, y tras tres horas de reuni\u00f3n de Gabinete, el premier Mario Draghi decret\u00f3 la vacuna obligatoria a todos los residentes en Italia que hayan cumplido 50 a\u00f1os, seg\u00fan la versi\u00f3n de la medida dada a conocer por la prensa a la espera de la oficializaci\u00f3n del Gobierno.<\/p>\n<p><strong>El decreto dispone la obligaci\u00f3n hasta el 15 de junio<\/strong>, pero los casos de &#8220;peligro comprobado para la salud&#8221;, certificado por el m\u00e9dico de cabecera o por el vacunador, est\u00e1n exentos.&nbsp;Seg\u00fan la norma, las personas de esas edad deber\u00e1n exhibir adem\u00e1s un &#8220;pase verde reforzado&#8221; para ir a trabajar, lo que en la pr\u00e1ctica supone la obligatoriedad de vacunaci\u00f3n o presentar un certificado de recuperaci\u00f3n de la enfermedad.<\/p>\n<p>&#8220;La elecci\u00f3n que estamos tomando es restringir al m\u00e1ximo el \u00e1rea de no vacunados, porque es la que genera una carga de salud en nuestros sistemas hospitalarios&#8221;, explic\u00f3 el ministro de Salud, Roberto Speranza, citado por el diario La Repubblica en su edici\u00f3n online.<\/p>\n<p><strong>La decisi\u00f3n se dio horas despu\u00e9s de que se registraran este mi\u00e9rcoles 189.109 casos de coronavirus, un nuevo m\u00e1ximo desde el inicio de la pandemia.<\/strong><\/p>\n<p>El ministerio de Salud dio a conocer el nuevo r\u00e9cord de casos, tras los 170.844 casos dados a conocer ayer, con una tasa de positividad del 17,3%, en aumento frente a los 13,9 positivos cada 100 test del martes.<\/p>\n<p>Este mi\u00e9rcoles, adem\u00e1s, <strong>Italia registr\u00f3 231 v\u00edctimas, que elevan el total desde el inicio de la pandemia a 138.276 personas.<\/strong><\/p>\n<p>Desde este lunes, diez de las veinte regiones italianas quedaron desde hoy catalogadas como &#8220;zona amarilla&#8221; o de riesgo medio ante el avance de la variante \u00d3micron de coronavirus en el pa\u00eds.<\/p>\n<p>Desde fines de 2020,<strong> el uso de barbijo al aire libre es obligatorio en las regiones en &#8220;zona amarilla&#8221;<\/strong>, m\u00e1s all\u00e1 de que en diciembre pasado el Gobierno dispuso la obligatoriedad en todo el territorio al menos hasta el 31 de enero.<\/p>\n<p>Desde el 10 de enero, en ese marco, el pa\u00eds entrar\u00e1 en una especie de toque de queda de hecho para los no vacunados, ya que solo las personas inmunizadas o recuperadas de la enfermedad podr\u00e1n viajar en transporte p\u00fablico, consumir en restaurantes o alojarse en hoteles. <\/p>\n","protected":false},"excerpt":{"rendered":"<p>por Corresponsal En las \u00faltimas 24 horas Italia registr\u00f3 231 v\u00edctimas por lo que el total de muertos desde el inicio de la pandemia es de 138.276. El Gobierno italiano decidi\u00f3 este mi\u00e9rcoles establecer la vacunaci\u00f3n obligatoria contra el coronavirus a todas las personas que tengan m\u00e1s de 50 a\u00f1os, horas despu\u00e9s de haber registrado [&hellip;]<\/p>\n","protected":false},"author":1,"featured_media":37393,"comment_status":"closed","ping_status":"closed","sticky":false,"template":"","format":"standard","meta":[],"categories":[24],"tags":[],"_links":{"self":[{"href":"http:\/\/cordobadirecto.com\/index.php\/wp-json\/wp\/v2\/posts\/37392"}],"collection":[{"href":"http:\/\/cordobadirecto.com\/index.php\/wp-json\/wp\/v2\/posts"}],"about":[{"href":"http:\/\/cordobadirecto.com\/index.php\/wp-json\/wp\/v2\/types\/post"}],"author":[{"embeddable":true,"href":"http:\/\/cordobadirecto.com\/index.php\/wp-json\/wp\/v2\/users\/1"}],"replies":[{"embeddable":true,"href":"http:\/\/cordobadirecto.com\/index.php\/wp-json\/wp\/v2\/comments?post=37392"}],"version-history":[{"count":0,"href":"http:\/\/cordobadirecto.com\/index.php\/wp-json\/wp\/v2\/posts\/37392\/revisions"}],"wp:featuredmedia":[{"embeddable":true,"href":"http:\/\/cordobadirecto.com\/index.php\/wp-json\/wp\/v2\/media\/37393"}],"wp:attachment":[{"href":"http:\/\/cordobadirecto.com\/index.php\/wp-json\/wp\/v2\/media?parent=37392"}],"wp:term":[{"taxonomy":"category","embeddable":true,"href":"http:\/\/cordobadirecto.com\/index.php\/wp-json\/wp\/v2\/categories?post=37392"},{"taxonomy":"post_tag","embeddable":true,"href":"http:\/\/cordobadirecto.com\/index.php\/wp-json\/wp\/v2\/tags?post=37392"}],"curies":[{"name":"wp","href":"https:\/\/api.w.org\/{rel}","templated":true}]}}