{"id":37517,"date":"2022-01-06T13:18:23","date_gmt":"2022-01-06T13:18:23","guid":{"rendered":"http:\/\/cordobadirecto.com\/index.php\/2022\/01\/06\/comienza-el-rodaje-de-empieza-el-baile-con-dario-grandinetti-y-mercedes-moran\/"},"modified":"2022-01-06T13:18:23","modified_gmt":"2022-01-06T13:18:23","slug":"comienza-el-rodaje-de-empieza-el-baile-con-dario-grandinetti-y-mercedes-moran","status":"publish","type":"post","link":"http:\/\/cordobadirecto.com\/index.php\/2022\/01\/06\/comienza-el-rodaje-de-empieza-el-baile-con-dario-grandinetti-y-mercedes-moran\/","title":{"rendered":"Comienza el rodaje de &#8220;Empieza el baile&#8221;, con Dar\u00edo Grandinetti y Mercedes Mor\u00e1n"},"content":{"rendered":"<figure class=\"mb-3\"><img loading=\"lazy\" src=\"http:\/\/cordobadirecto.com\/wp-content\/uploads\/2022\/01\/comienza-el-rodaje-de-empieza-el-baile-con-dario-grandinetti-y-mercedes-moran.jpg\" width=\"100%\" height=\"100%\" alt=\"El elenco completo de Empieza el baile con la directora en el centro en el anuncio Foto Maximiliano Luna\"><figcaption> El elenco completo de &#8220;Empieza el baile&#8221;, con la directora en el centro, en el anuncio (Foto: Maximiliano Luna) <\/figcaption><\/figure>\n<p>La comedia dram\u00e1tica <strong>&#8220;Empieza el baile&#8221;<\/strong>, protagonizada por <strong>Dar\u00edo Grandinetti, Mercedes Mor\u00e1n, Jorge Marrale<\/strong> y la espa\u00f1ola <strong>Pastora Vega<\/strong>, comenzar\u00e1 su rodaje el pr\u00f3ximo viernes con locaciones en Buenos Aires, Rosario, Mendoza y concluir\u00e1 a fines de febrero en Madrid.<\/p>\n<p>La coproducci\u00f3n hispano-argentina cuenta la historia de una antigua y reconocida pareja de tango que se vuelve a reunir despu\u00e9s de muchos a\u00f1os y retoma la pasi\u00f3n que los llev\u00f3 a compartir, escenarios, viajes y vida.<\/p>\n<p>La pareja inicia un viaje desde Buenos Aires hasta el pie de la Cordillera de los Andes en busca de respuestas, que los enfrentar\u00e1 a sus recuerdos, miedos y verdaderos deseos.<\/p>\n<figure class=\"mb-3\"><img loading=\"lazy\" src=\"http:\/\/cordobadirecto.com\/wp-content\/uploads\/2022\/01\/comienza-el-rodaje-de-empieza-el-baile-con-dario-grandinetti-y-mercedes-moran-1.jpg\" width=\"100%\" height=\"100%\" alt=\"La rueda de prensa con protocolos en el hall del Teatro San Martn Foto Maximiliano Luna\"><figcaption> La rueda de prensa, con protocolos, en el hall del Teatro San Mart\u00edn (Foto: Maximiliano Luna) <\/figcaption><\/figure>\n<p>La banda musical original estar\u00e1 a cargo del sexteto de jazz <strong>Escalandrum<\/strong>, liderado por de <strong>Daniel Pipi Piazzolla <\/strong>y<strong> Nicol\u00e1s Guerschberg.<\/strong><\/p>\n<p><strong>&#8220;La pel\u00edcula habla de personajes que, a su manera, van a encontrarse con lo que realmente son. Es una pel\u00edcula muy personal porque habla de cosas que me interesan y tocan mucho, de las que suelo hablar en mis otros proyectos, como volver a la esencia&#8221;<\/strong>, defini\u00f3 la guionista y directora del proyecto, <strong>Marina Seresesky.<\/strong><\/p>\n<p>En una rueda de prensa junto al elenco y productores en el hall del Teatro San Mart\u00edn, la cineasta responsable de <strong>&#8220;La puerta abierta&#8221;<\/strong> (2016) y<strong> &#8220;Lo nunca visto&#8221; <\/strong>(2019), cont\u00f3 que esa tem\u00e1tica la interpela, ya que &#8220;hace 24 a\u00f1os que vive en Madrid pero es porte\u00f1a&#8221;.<\/p>\n<p><strong>&#8220;Volver ac\u00e1, porque es la primera vez que voy a rodar en Argentina, y presentar la pel\u00edcula en el pa\u00eds es incre\u00edble&#8221;<\/strong>, agreg\u00f3. <\/p>\n","protected":false},"excerpt":{"rendered":"<p>El elenco completo de &#8220;Empieza el baile&#8221;, con la directora en el centro, en el anuncio (Foto: Maximiliano Luna) La comedia dram\u00e1tica &#8220;Empieza el baile&#8221;, protagonizada por Dar\u00edo Grandinetti, Mercedes Mor\u00e1n, Jorge Marrale y la espa\u00f1ola Pastora Vega, comenzar\u00e1 su rodaje el pr\u00f3ximo viernes con locaciones en Buenos Aires, Rosario, Mendoza y concluir\u00e1 a fines [&hellip;]<\/p>\n","protected":false},"author":1,"featured_media":37518,"comment_status":"closed","ping_status":"closed","sticky":false,"template":"","format":"standard","meta":[],"categories":[20],"tags":[],"_links":{"self":[{"href":"http:\/\/cordobadirecto.com\/index.php\/wp-json\/wp\/v2\/posts\/37517"}],"collection":[{"href":"http:\/\/cordobadirecto.com\/index.php\/wp-json\/wp\/v2\/posts"}],"about":[{"href":"http:\/\/cordobadirecto.com\/index.php\/wp-json\/wp\/v2\/types\/post"}],"author":[{"embeddable":true,"href":"http:\/\/cordobadirecto.com\/index.php\/wp-json\/wp\/v2\/users\/1"}],"replies":[{"embeddable":true,"href":"http:\/\/cordobadirecto.com\/index.php\/wp-json\/wp\/v2\/comments?post=37517"}],"version-history":[{"count":0,"href":"http:\/\/cordobadirecto.com\/index.php\/wp-json\/wp\/v2\/posts\/37517\/revisions"}],"wp:featuredmedia":[{"embeddable":true,"href":"http:\/\/cordobadirecto.com\/index.php\/wp-json\/wp\/v2\/media\/37518"}],"wp:attachment":[{"href":"http:\/\/cordobadirecto.com\/index.php\/wp-json\/wp\/v2\/media?parent=37517"}],"wp:term":[{"taxonomy":"category","embeddable":true,"href":"http:\/\/cordobadirecto.com\/index.php\/wp-json\/wp\/v2\/categories?post=37517"},{"taxonomy":"post_tag","embeddable":true,"href":"http:\/\/cordobadirecto.com\/index.php\/wp-json\/wp\/v2\/tags?post=37517"}],"curies":[{"name":"wp","href":"https:\/\/api.w.org\/{rel}","templated":true}]}}