{"id":37523,"date":"2022-01-06T11:46:19","date_gmt":"2022-01-06T11:46:19","guid":{"rendered":"https:\/\/www.ole.com.ar\/autos\/price-gano-quinta-etapa-motos_0_6zGrOuH16.html"},"modified":"2022-01-06T11:46:19","modified_gmt":"2022-01-06T11:46:19","slug":"la-quinta-etapa-fue-para-price","status":"publish","type":"post","link":"http:\/\/cordobadirecto.com\/index.php\/2022\/01\/06\/la-quinta-etapa-fue-para-price\/","title":{"rendered":"La quinta etapa fue para Price"},"content":{"rendered":"<p>Toby Price conquist\u00f3 la victoria en la quinta etapa del Dakar 2022 entre las Motos que se realiz\u00f3 en Riyadh con 346 kil\u00f3metros de especial. Por su parte, Kevin Benavides fue el mejor argentino al llegar en el octavo lugar.<\/p>\n<div class=\"sp__SM\">\n<div class=\"content-new \">\n<span class=\"tit-mobile\">Mir\u00e1 tambi\u00e9n<\/span><\/p>\n<div class=\"mg\">\n<div class=\"wrap-figure\">\n<picture>\n<a href=\"https:\/\/www.ole.com.ar\/autos\/andujar-heredo-4-etapa_0_gwdH7dn3L.html\" target=\"_self\" rel=\"noopener\"><br \/>\n<img class=\"img-responsive\" alt=\"And\u00fajar hered\u00f3 la 4\u00b0 etapa\" src=\"http:\/\/cordobadirecto.com\/wp-content\/uploads\/2022\/01\/la-quinta-etapa-fue-para-price.jpg\" loading=\"lazy\"><br \/>\n<\/a>\n<\/picture>\n<\/div>\n<\/div><\/div>\n<\/div>\n<p><mark>Price gan\u00f3 la etapa en un tiempo de 3h19m32s. Dej\u00f3 como escolta a Danilo Petrucci a 4m14s y tercero a Ross Branch a una diferencia de 4m16s. <\/mark>Mientras que cerraron el top five Jos\u00e9 Ignacio Cornejo Florimo y Ricky Brabec.<\/p>\n<p><mark>Por su parte, entre los competidores argentinos, Kevin Benavides lleg\u00f3 en el octavo lugar a una diferencia de 8m56s.<\/mark> A su vez, su hermano Luciano arrib\u00f3 en el 11\u00b0 lugar y Diego Gamaliel Llanos fue 42\u00b0.<\/p>\n<p>En la general, Sam Sunderland es el l\u00edder con 19h1m50s. Segundo est\u00e1 Matthias Walkner a 2m29s y tercero aparece Adrien Van Beveren a una diferencia de 5m59s. <mark>Por su parte, Kevin Benavides es noveno a 21m51s y Luciano se ubica 19\u00b0.<\/mark><\/p>\n<div class=\"sp__Normal\">\n<div class=\"image-embeb image-trigger\" readability=\"6\">\n<picture><source media=\"(min-width: 720px)\" srcset=\"http:\/\/cordobadirecto.com\/wp-content\/uploads\/2022\/01\/la-quinta-etapa-fue-para-price-1.jpg\"><img itemprop=\"image\" src=\"http:\/\/cordobadirecto.com\/wp-content\/uploads\/2022\/01\/la-quinta-etapa-fue-para-price-1.jpg\" loading=\"lazy\" alt=\"Kevin Benavides fue octavo en la etapa y est\u00e1 noveno en la general. (Foto: EFE).\">\n<\/picture><figcaption readability=\"2\">\n<p>Kevin Benavides fue octavo en la etapa y est\u00e1 noveno en la general. (Foto: EFE).\n<\/p>\n<\/figcaption><\/div>\n<\/div>\n<p>Hace unos momentos, la Direcci\u00f3n de carrera comunic\u00f3 la interrupci\u00f3n de la etapa para las Motos. Los motivos y la explicaci\u00f3n: <mark>\u201cDebido a la fuerte movilizaci\u00f3n de medios de asistencia \u00e1ereos dedicados a las carreras de motos y del Dakar Classic, la Direcci\u00f3n de carrera ha decidido interrumpir la carrera para no comprometer la seguridad de los competidores\u201d.<\/mark><\/p>\n<p>Y a\u00f1adi\u00f3: \u201cLos resultados de las categor\u00edas de motos y del Dakar Classic ser\u00e1n adaptados a la situaci\u00f3n de conformidad con los reglamentos vigentes. Los oficiales est\u00e1n valorando distintas opciones para elegir la soluci\u00f3n m\u00e1s justa para todos los pilotos, tanto los que han completado la especial como los que est\u00e1n parados en la pista\u201d.<\/p>\n<div class=\"sp__SM\">\n<div class=\"content-new \">\n<span class=\"tit-mobile\">Mir\u00e1 tambi\u00e9n<\/span><\/p>\n<div class=\"mg\">\n<div class=\"wrap-figure\">\n<picture>\n<a href=\"https:\/\/www.ole.com.ar\/autos\/cuarta-etapa-autos_0_-mt-VmSTI.html\" target=\"_self\" rel=\"noopener\"><br \/>\n<img class=\"img-responsive\" alt=\"Al-Attiyah gan\u00f3 por un recargo\" src=\"http:\/\/cordobadirecto.com\/wp-content\/uploads\/2022\/01\/la-quinta-etapa-fue-para-price-2.jpg\" loading=\"lazy\"><br \/>\n<\/a>\n<\/picture>\n<\/div>\n<\/div><\/div>\n<\/div>\n<p><mark>La sexta etapa para las Motos en el Dakar 2022 tendr\u00e1 lugar el viernes en Riyadh <\/mark>con 216 kil\u00f3metros de enlace y 404 de especial.<\/p>\n<div class=\"entry-tags\">\n<h2>TEMAS QUE APARECEN EN ESTA NOTA<\/h2>\n<\/p><\/div>\n","protected":false},"excerpt":{"rendered":"<p>Toby Price conquist\u00f3 la victoria en la quinta etapa del Dakar 2022 entre las Motos que se realiz\u00f3 en Riyadh con 346 kil\u00f3metros de especial. Por su parte, Kevin Benavides fue el mejor argentino al llegar en el octavo lugar. Mir\u00e1 tambi\u00e9n Price gan\u00f3 la etapa en un tiempo de 3h19m32s. Dej\u00f3 como escolta a [&hellip;]<\/p>\n","protected":false},"author":1,"featured_media":37524,"comment_status":"closed","ping_status":"closed","sticky":false,"template":"","format":"standard","meta":[],"categories":[21],"tags":[],"_links":{"self":[{"href":"http:\/\/cordobadirecto.com\/index.php\/wp-json\/wp\/v2\/posts\/37523"}],"collection":[{"href":"http:\/\/cordobadirecto.com\/index.php\/wp-json\/wp\/v2\/posts"}],"about":[{"href":"http:\/\/cordobadirecto.com\/index.php\/wp-json\/wp\/v2\/types\/post"}],"author":[{"embeddable":true,"href":"http:\/\/cordobadirecto.com\/index.php\/wp-json\/wp\/v2\/users\/1"}],"replies":[{"embeddable":true,"href":"http:\/\/cordobadirecto.com\/index.php\/wp-json\/wp\/v2\/comments?post=37523"}],"version-history":[{"count":0,"href":"http:\/\/cordobadirecto.com\/index.php\/wp-json\/wp\/v2\/posts\/37523\/revisions"}],"wp:featuredmedia":[{"embeddable":true,"href":"http:\/\/cordobadirecto.com\/index.php\/wp-json\/wp\/v2\/media\/37524"}],"wp:attachment":[{"href":"http:\/\/cordobadirecto.com\/index.php\/wp-json\/wp\/v2\/media?parent=37523"}],"wp:term":[{"taxonomy":"category","embeddable":true,"href":"http:\/\/cordobadirecto.com\/index.php\/wp-json\/wp\/v2\/categories?post=37523"},{"taxonomy":"post_tag","embeddable":true,"href":"http:\/\/cordobadirecto.com\/index.php\/wp-json\/wp\/v2\/tags?post=37523"}],"curies":[{"name":"wp","href":"https:\/\/api.w.org\/{rel}","templated":true}]}}