{"id":37525,"date":"2022-01-06T13:18:41","date_gmt":"2022-01-06T13:18:41","guid":{"rendered":"https:\/\/www.ole.com.ar\/futbol-ascenso\/p-nacional-roman-martinez-riestra_0_8lSyv3eEM.html"},"modified":"2022-01-06T13:18:41","modified_gmt":"2022-01-06T13:18:41","slug":"roman-martinez-es-nuevo-jugador-de-riestra","status":"publish","type":"post","link":"http:\/\/cordobadirecto.com\/index.php\/2022\/01\/06\/roman-martinez-es-nuevo-jugador-de-riestra\/","title":{"rendered":"Rom\u00e1n Mart\u00ednez es nuevo jugador de Riestra"},"content":{"rendered":"<p>El mercado de pases del <strong><a alt=\"ascenso\" class=\"slug\" href=\"https:\/\/www.ole.com.ar\/tema\/ascenso.html\" target=\"_blank\" title=\"ascenso\" rel=\"noopener\">Ascenso<\/a><\/strong>, de la <a alt=\"primera-nacional\" class=\"slug\" href=\"https:\/\/www.ole.com.ar\/tema\/primera-nacional.html\" target=\"_blank\" title=\"primera-nacional\" rel=\"noopener\">Primera Nacional<\/a> en este caso, vuelve a sorprender: <strong><a alt=\"roman-martinez\" class=\"slug\" href=\"https:\/\/www.ole.com.ar\/tema\/roman-martinez.html\" target=\"_blank\" title=\"roman-martinez\" rel=\"noopener\">Rom\u00e1n Mart\u00ednez<\/a> jugar\u00e1 en Riestra<\/strong>. El mediocampista de 38 a\u00f1os lleg\u00f3 a un acuerdo con la Comisi\u00f3n Directiva del Malevo y ser\u00e1 refuerzo para la pr\u00f3xima temporada. Llega proveniente de Ca\u00f1uelas, donde jug\u00f3 12 partidos en los \u00faltimos seis meses, marcando un gol. El volante surgi\u00f3 de Deportivo Mor\u00f3n, debutando con 17 a\u00f1os.<\/p>\n<div class=\"sp__SM\">\n<div class=\"content-new \">\n<span class=\"tit-mobile\">Mir\u00e1 tambi\u00e9n<\/span><\/p>\n<div class=\"mg\">\n<div class=\"wrap-figure\">\n<picture>\n<a href=\"https:\/\/www.ole.com.ar\/boca-juniors\/riquelme-espanol-migliore_0_Ly1HzO8VU.html\" target=\"_self\" rel=\"noopener\"><br \/>\n<img class=\"img-responsive\" alt=\"Desopilante: Migliore imit\u00f3 a Riquelme para mostrar el campo de Espa\u00f1ol\" src=\"http:\/\/cordobadirecto.com\/wp-content\/uploads\/2022\/01\/roman-martinez-es-nuevo-jugador-de-riestra.jpg\" loading=\"lazy\"><br \/>\n<\/a>\n<\/picture>\n<\/div>\n<\/div><\/div>\n<\/div>\n<p>Luego, su <strong>extensa carrera<\/strong> lo llev\u00f3 a jugar en <strong>Arsenal, Tigre, Estudiantes de La Plata, Lan\u00fas, San Lorenzo, Aldosivi y, por supuesto, el Tambero, en la Primera B<\/strong>. En el exterior, visti\u00f3 las camisetas de <strong>Espanyol y Tenerife<\/strong>, ambos de Espa\u00f1a. Ahora, su recorrido continuar\u00e1 en Bajo Flores, jugando para Riestra, bajo las \u00f3rdenes de Guillermo Dur\u00f3. Claramente, <strong>la dirigencia del Malevo fue en busca de jerarqu\u00eda para sumarle al plantel<\/strong>.<\/p>\n<div class=\"sp__SM\">\n<div class=\"content-new \">\n<span class=\"tit-mobile\">Mir\u00e1 tambi\u00e9n<\/span><\/p>\n<div class=\"mg\">\n<div class=\"wrap-figure\">\n<picture>\n<a href=\"https:\/\/www.ole.com.ar\/futbol-ascenso\/p-nacional-barrionuevo-dattola-brown_0_3fVcLizLw.html\" target=\"_self\" rel=\"noopener\"><br \/>\n<img class=\"img-responsive\" alt=\"Almirante se asegur\u00f3 la continuidad de la dupla central\" src=\"http:\/\/cordobadirecto.com\/wp-content\/uploads\/2022\/01\/roman-martinez-es-nuevo-jugador-de-riestra-1.jpg\" loading=\"lazy\"><br \/>\n<\/a>\n<\/picture>\n<\/div>\n<\/div><\/div>\n<\/div>\n<p>Pero no se quedaron solo con Mart\u00ednez. <strong>Gaspar I\u00f1\u00edguez tambi\u00e9n se sumar\u00e1 al equipo<\/strong>. El volante ofensivo de 27 a\u00f1os llega proveniente de San Marcos, de Chile. Hizo su debut en Argentinos Jrs. en el 2011. Adem\u00e1s del Bicho, y m\u00e1s all\u00e1 de su arribo a Riestra, Gaspar, en el f\u00fatbol argentino, jug\u00f3 solamente en Tigre, entre 2016 y 2017. Estuvo en Espa\u00f1a (Granada), Italia (Carpi, Udinese), M\u00e9xico (Tiburones Rojos) y Chile (Coquimbo Unido y San Marcos).<\/p>\n<div class=\"sp__SM\">\n<div class=\"content-new \">\n<span class=\"tit-mobile\">Mir\u00e1 tambi\u00e9n<\/span><\/p>\n<div class=\"mg\">\n<div class=\"wrap-figure\">\n<picture>\n<a href=\"https:\/\/www.ole.com.ar\/ferro\/nieto-griguol-firmo-primer-contrato_0_2NZWRlAKN.html\" target=\"_self\" rel=\"noopener\"><br \/>\n<img class=\"img-responsive\" alt=\"El nieto de Carlos Timoteo Griguol firm\u00f3 su primer contrato con Ferro\" src=\"http:\/\/cordobadirecto.com\/wp-content\/uploads\/2022\/01\/roman-martinez-es-nuevo-jugador-de-riestra-2.jpg\" loading=\"lazy\"><br \/>\n<\/a>\n<\/picture>\n<\/div>\n<\/div><\/div>\n<\/div>\n<p><strong>Tanto Mart\u00ednez como I\u00f1\u00edguez llegaron en condici\u00f3n de libre y firmar\u00e1n por un a\u00f1o con el club<\/strong>. Ma\u00f1ana (jueves) se sumar\u00e1n a sus nuevos compa\u00f1eros para empezar la pretemporada. Siguiendo con las incorporaciones del equipo de Dur\u00f3, ya hab\u00edan puesto la firma Braian Ch\u00e1vez, Jos\u00e9 Montiel, Rodrigo Ins\u00faa, Oscar Cabezas, Franco Aguero, Alexis Vega, Juli\u00e1n G\u00f3mez, Gustavo Fern\u00e1ndez, L\u00e1zaro Romero y Leonardo Landriel. Riestra no tuvo un buen 2021 y quiere cambiar la imagen en el campeonato que se avecina. Apost\u00f3 por la experiencia.&nbsp;<\/p>\n<div class=\"sp__SM\">\n<div class=\"content-new \">\n<span class=\"tit-mobile\">Mir\u00e1 tambi\u00e9n<\/span><\/p>\n<div class=\"mg\">\n<div class=\"wrap-figure\">\n<picture>\n<a href=\"https:\/\/www.ole.com.ar\/futbol-ascenso\/p-nacional-quilmes-calello-barrios_0_SQX_LODFT.html\" target=\"_self\" rel=\"noopener\"><br \/>\n<img class=\"img-responsive\" alt=\"Van por el segundo round: Calello y Pier Barrios renovaron con Quilmes\" src=\"http:\/\/cordobadirecto.com\/wp-content\/uploads\/2022\/01\/roman-martinez-es-nuevo-jugador-de-riestra-3.jpg\" loading=\"lazy\"><br \/>\n<\/a>\n<\/picture>\n<\/div>\n<\/div><\/div>\n<\/div>\n<div class=\"sp__SM\">\n<div class=\"content-new \">\n<span class=\"tit-mobile\">Mir\u00e1 tambi\u00e9n<\/span><\/p>\n<div class=\"mg\">\n<div class=\"wrap-figure\">\n<picture>\n<a href=\"https:\/\/www.ole.com.ar\/futbol-ascenso\/mostaza-merlo-defensores-zarate_0_uuczL8h8t.html\" target=\"_self\" rel=\"noopener\"> <img class=\"img-responsive\" alt=\"Mostaza Merlo ya dirige en CADU\" src=\"http:\/\/cordobadirecto.com\/wp-content\/uploads\/2022\/01\/roman-martinez-es-nuevo-jugador-de-riestra-4.jpg\" loading=\"lazy\"><br \/>\n<\/a>\n<\/picture>\n<\/div>\n<\/div><\/div>\n<\/div>\n<div class=\"sp__SM\">\n<div class=\"content-new \">\n<span class=\"tit-mobile\">Mir\u00e1 tambi\u00e9n<\/span><\/p>\n<div class=\"mg\">\n<div class=\"wrap-figure\">\n<picture>\n<a href=\"https:\/\/www.ole.com.ar\/futbol-ascenso\/primera-c-puerto-nuevo-pretemporada_0_yTp-O3Dsj.html\" target=\"_self\" rel=\"noopener\"><br \/>\n<img class=\"img-responsive\" alt=\"Comenz\u00f3 una nueva era en Puerto Nuevo\" src=\"http:\/\/cordobadirecto.com\/wp-content\/uploads\/2022\/01\/roman-martinez-es-nuevo-jugador-de-riestra-5.jpg\" loading=\"lazy\"><br \/>\n<\/a>\n<\/picture>\n<\/div>\n<\/div><\/div>\n<\/div>\n<div class=\"entry-tags\">\n<h2>TEMAS QUE APARECEN EN ESTA NOTA<\/h2>\n<\/p><\/div>\n","protected":false},"excerpt":{"rendered":"<p>El mercado de pases del Ascenso, de la Primera Nacional en este caso, vuelve a sorprender: Rom\u00e1n Mart\u00ednez jugar\u00e1 en Riestra. El mediocampista de 38 a\u00f1os lleg\u00f3 a un acuerdo con la Comisi\u00f3n Directiva del Malevo y ser\u00e1 refuerzo para la pr\u00f3xima temporada. Llega proveniente de Ca\u00f1uelas, donde jug\u00f3 12 partidos en los \u00faltimos seis [&hellip;]<\/p>\n","protected":false},"author":1,"featured_media":37526,"comment_status":"closed","ping_status":"closed","sticky":false,"template":"","format":"standard","meta":[],"categories":[21],"tags":[],"_links":{"self":[{"href":"http:\/\/cordobadirecto.com\/index.php\/wp-json\/wp\/v2\/posts\/37525"}],"collection":[{"href":"http:\/\/cordobadirecto.com\/index.php\/wp-json\/wp\/v2\/posts"}],"about":[{"href":"http:\/\/cordobadirecto.com\/index.php\/wp-json\/wp\/v2\/types\/post"}],"author":[{"embeddable":true,"href":"http:\/\/cordobadirecto.com\/index.php\/wp-json\/wp\/v2\/users\/1"}],"replies":[{"embeddable":true,"href":"http:\/\/cordobadirecto.com\/index.php\/wp-json\/wp\/v2\/comments?post=37525"}],"version-history":[{"count":0,"href":"http:\/\/cordobadirecto.com\/index.php\/wp-json\/wp\/v2\/posts\/37525\/revisions"}],"wp:featuredmedia":[{"embeddable":true,"href":"http:\/\/cordobadirecto.com\/index.php\/wp-json\/wp\/v2\/media\/37526"}],"wp:attachment":[{"href":"http:\/\/cordobadirecto.com\/index.php\/wp-json\/wp\/v2\/media?parent=37525"}],"wp:term":[{"taxonomy":"category","embeddable":true,"href":"http:\/\/cordobadirecto.com\/index.php\/wp-json\/wp\/v2\/categories?post=37525"},{"taxonomy":"post_tag","embeddable":true,"href":"http:\/\/cordobadirecto.com\/index.php\/wp-json\/wp\/v2\/tags?post=37525"}],"curies":[{"name":"wp","href":"https:\/\/api.w.org\/{rel}","templated":true}]}}