{"id":37538,"date":"2022-01-06T23:39:48","date_gmt":"2022-01-06T23:39:48","guid":{"rendered":"https:\/\/cordoba.gob.ar\/?p=19276"},"modified":"2022-01-06T23:39:48","modified_gmt":"2022-01-06T23:39:48","slug":"empezaron-las-actividades-en-los-centros-deportivos-recreativos-y-sociales-de-la-ciudad","status":"publish","type":"post","link":"http:\/\/cordobadirecto.com\/index.php\/2022\/01\/06\/empezaron-las-actividades-en-los-centros-deportivos-recreativos-y-sociales-de-la-ciudad\/","title":{"rendered":"Empezaron las actividades en los Centros Deportivos, Recreativos y Sociales de la Ciudad"},"content":{"rendered":"<div><img src=\"http:\/\/cordobadirecto.com\/wp-content\/uploads\/2022\/01\/empezaron-las-actividades-en-los-centros-deportivos-recreativos-y-sociales-de-la-ciudad.jpg\" class=\"ff-og-image-inserted\"><\/div>\n<ul>\n<li><strong>Las actividades se llevar\u00e1n a cabo de lunes a viernes durante todo el mes de enero y febrero, y ser\u00e1n coordinadas por diversas \u00e1reas de la Provincia y la Municipalidad de C\u00f3rdoba.<\/strong><\/li>\n<\/ul>\n<hr>\n<p>Comenzaron a desarrollarse las actividades de verano en los centros deportivos, recreativos y sociales de la ciudad, en el marco del Plan de Fortalecimiento de Consejos Barriales de Prevenci\u00f3n y Convivencia del Gobierno de la Provincia.<\/p>\n<p>Estos espacios tienen por objetivo fomentar la participaci\u00f3n ciudadana y el compromiso social mediante el trabajo conjunto entre vecinos, instituciones, gobierno municipal y provincial en pos de trabajar en conjunto, de manera articulada y coordinadamente para mejorar la prestaci\u00f3n de servicios y mejorar as\u00ed la calidad de vida de los vecinos.<\/p>\n<p>El plan contempla la creaci\u00f3n de 40 centros deportivos, recreativos y sociales en capital, de los cuales 15 ya est\u00e1n en funcionamiento. Los mismos se encuentran ubicados en los barrios Arg\u00fcello Lourdes, Granadero Pringles, Las Violetas, Villa La Tela, Villa Aspacia, Mirizzi, Villa El Libertador, Parque Liceo 2\u00aa Secci\u00f3n, Panamericano, Vivero Norte, Bajo Pueyrred\u00f3n, Campo de la Ribera, Cooperativa La Unidad, Marcos Sastre y El Quebracho.<\/p>\n<p>En cada uno de estos centros se llevan a cabo actividades culturales, deportivas, art\u00edsticas, ambientales (reforestaci\u00f3n y armado de huertas), ciencia y tecnolog\u00eda, consultorio de adicciones, espacios de salud p\u00fablica, asesoramiento sobre violencia de g\u00e9nero, coordinadas por diversas \u00e1reas intervinientes de la Provincia y de la Municipalidad.<\/p>\n<p>De las mismas pueden participar vecinos de todas las edades y de cualquier punto de la ciudad, respetando los debidos protocolos sanitarios.<\/p>\n<p>Para acceder al cronograma de actividades se puede ingresar al siguiente <strong><a href=\"https:\/\/www.cba.gov.ar\/centros-recreativos\/\">link<\/a><\/strong>.<\/p>\n","protected":false},"excerpt":{"rendered":"<p>Las actividades se llevar\u00e1n a cabo de lunes a viernes durante todo el mes de enero y febrero, y ser\u00e1n coordinadas por diversas \u00e1reas de la Provincia y la Municipalidad de C\u00f3rdoba. Comenzaron a desarrollarse las actividades de verano en los centros deportivos, recreativos y sociales de la ciudad, en el marco del Plan de [&hellip;]<\/p>\n","protected":false},"author":1,"featured_media":37539,"comment_status":"closed","ping_status":"closed","sticky":false,"template":"","format":"standard","meta":[],"categories":[44],"tags":[],"_links":{"self":[{"href":"http:\/\/cordobadirecto.com\/index.php\/wp-json\/wp\/v2\/posts\/37538"}],"collection":[{"href":"http:\/\/cordobadirecto.com\/index.php\/wp-json\/wp\/v2\/posts"}],"about":[{"href":"http:\/\/cordobadirecto.com\/index.php\/wp-json\/wp\/v2\/types\/post"}],"author":[{"embeddable":true,"href":"http:\/\/cordobadirecto.com\/index.php\/wp-json\/wp\/v2\/users\/1"}],"replies":[{"embeddable":true,"href":"http:\/\/cordobadirecto.com\/index.php\/wp-json\/wp\/v2\/comments?post=37538"}],"version-history":[{"count":0,"href":"http:\/\/cordobadirecto.com\/index.php\/wp-json\/wp\/v2\/posts\/37538\/revisions"}],"wp:featuredmedia":[{"embeddable":true,"href":"http:\/\/cordobadirecto.com\/index.php\/wp-json\/wp\/v2\/media\/37539"}],"wp:attachment":[{"href":"http:\/\/cordobadirecto.com\/index.php\/wp-json\/wp\/v2\/media?parent=37538"}],"wp:term":[{"taxonomy":"category","embeddable":true,"href":"http:\/\/cordobadirecto.com\/index.php\/wp-json\/wp\/v2\/categories?post=37538"},{"taxonomy":"post_tag","embeddable":true,"href":"http:\/\/cordobadirecto.com\/index.php\/wp-json\/wp\/v2\/tags?post=37538"}],"curies":[{"name":"wp","href":"https:\/\/api.w.org\/{rel}","templated":true}]}}