{"id":37542,"date":"2022-01-07T03:34:35","date_gmt":"2022-01-07T03:34:35","guid":{"rendered":"http:\/\/cordobadirecto.com\/index.php\/2022\/01\/07\/la-ciudad-de-cordoba-tendra-el-primer-parque-de-la-economia-circular-del-pais-la-voz-del-interior\/"},"modified":"2022-01-07T03:34:35","modified_gmt":"2022-01-07T03:34:35","slug":"la-ciudad-de-cordoba-tendra-el-primer-parque-de-la-economia-circular-del-pais-la-voz-del-interior","status":"publish","type":"post","link":"http:\/\/cordobadirecto.com\/index.php\/2022\/01\/07\/la-ciudad-de-cordoba-tendra-el-primer-parque-de-la-economia-circular-del-pais-la-voz-del-interior\/","title":{"rendered":"La ciudad de <b>C\u00f3rdoba<\/b> tendr\u00e1 el primer parque de la <b>econom\u00eda<\/b> circular del pa\u00eds | La Voz del Interior"},"content":{"rendered":"<p>El intendente Mart\u00edn Llaryora supervis\u00f3 el <b>nuevo<\/b> parque que funcionar\u00e1 en &#8230; Esta iniciativa dar\u00e1 inicio a la industria de la <b>econom\u00eda<\/b> circular,&nbsp;&#8230; <\/p>\n","protected":false},"excerpt":{"rendered":"<p>El intendente Mart\u00edn Llaryora supervis\u00f3 el nuevo parque que funcionar\u00e1 en &#8230; Esta iniciativa dar\u00e1 inicio a la industria de la econom\u00eda circular,&nbsp;&#8230;<\/p>\n","protected":false},"author":1,"featured_media":0,"comment_status":"closed","ping_status":"closed","sticky":false,"template":"","format":"standard","meta":[],"categories":[40],"tags":[],"_links":{"self":[{"href":"http:\/\/cordobadirecto.com\/index.php\/wp-json\/wp\/v2\/posts\/37542"}],"collection":[{"href":"http:\/\/cordobadirecto.com\/index.php\/wp-json\/wp\/v2\/posts"}],"about":[{"href":"http:\/\/cordobadirecto.com\/index.php\/wp-json\/wp\/v2\/types\/post"}],"author":[{"embeddable":true,"href":"http:\/\/cordobadirecto.com\/index.php\/wp-json\/wp\/v2\/users\/1"}],"replies":[{"embeddable":true,"href":"http:\/\/cordobadirecto.com\/index.php\/wp-json\/wp\/v2\/comments?post=37542"}],"version-history":[{"count":0,"href":"http:\/\/cordobadirecto.com\/index.php\/wp-json\/wp\/v2\/posts\/37542\/revisions"}],"wp:attachment":[{"href":"http:\/\/cordobadirecto.com\/index.php\/wp-json\/wp\/v2\/media?parent=37542"}],"wp:term":[{"taxonomy":"category","embeddable":true,"href":"http:\/\/cordobadirecto.com\/index.php\/wp-json\/wp\/v2\/categories?post=37542"},{"taxonomy":"post_tag","embeddable":true,"href":"http:\/\/cordobadirecto.com\/index.php\/wp-json\/wp\/v2\/tags?post=37542"}],"curies":[{"name":"wp","href":"https:\/\/api.w.org\/{rel}","templated":true}]}}