{"id":37549,"date":"2022-01-07T01:37:00","date_gmt":"2022-01-07T01:37:00","guid":{"rendered":"http:\/\/cordobadirecto.com\/index.php\/2022\/01\/07\/tres-civiles-murieron-en-las-protestas-contra-el-poder-militar\/"},"modified":"2022-01-07T01:37:00","modified_gmt":"2022-01-07T01:37:00","slug":"tres-civiles-murieron-en-las-protestas-contra-el-poder-militar","status":"publish","type":"post","link":"http:\/\/cordobadirecto.com\/index.php\/2022\/01\/07\/tres-civiles-murieron-en-las-protestas-contra-el-poder-militar\/","title":{"rendered":"Tres civiles murieron en las protestas contra el poder militar"},"content":{"rendered":"<figure class=\"mb-3\"><img loading=\"lazy\" src=\"http:\/\/cordobadirecto.com\/wp-content\/uploads\/2022\/01\/tres-civiles-murieron-en-las-protestas-contra-el-poder-militar.jpg\" width=\"100%\" height=\"100%\" alt=\"Estas cifras elevan a 60 los muertos desde el golpe de Estado del 25 de octubre de 2021 \"><figcaption> Estas cifras elevan a 60 los muertos desde el golpe de Estado del 25 de octubre de 2021. <\/figcaption><\/figure>\n<p>Tres manifestantes murieron este jueves durante las protestas en Sud\u00e1n contra los militares que llegaron al poder con un golpe militar hace m\u00e1s de dos meses, indicaron los m\u00e9dicos.<\/p>\n<p>Un manifestante muri\u00f3 tras recibir &#8220;un disparo en la cabeza&#8221; y otro fue baleado en la pelvis en la ciudad de Omdurman, frente a Jartum, la capital, precis\u00f3 el Comit\u00e9 de M\u00e9dicos, una organizaci\u00f3n independiente.<\/p>\n<p>El tercero muri\u00f3 en el norte de Jartum tras recibir disparos en el pecho, detall\u00f3 la organizaci\u00f3n, inform\u00f3 la agencia de noticias AFP<\/p>\n<p><strong>Estas cifras elevan a 60 los muertos a manos de las fuerzas de seguridad desde el golpe de Estado del 25 de octubre de 2021, seg\u00fan los m\u00e9dicos.<\/strong><\/p>\n<p>Ese golpe, encabezado por el jefe del ej\u00e9rcito, el general Abdel Fattah al Burhan, puso fin a la transici\u00f3n hacia un gobierno civil pleno, casi dos a\u00f1os despu\u00e9s de la ca\u00edda del dictador Omar al Bashir, que llevaba tres d\u00e9cadas en el poder.<\/p>\n<div class=\"video_repositive\"> <a class=\"video_sticky\" href=\"javascript:void();\" onclick=\"removeStuckVideo(true);\"><i class=\"far fa-window-close\"><\/i><\/a> <\/p>\n<div id=\"PxmsW1xYyRs\" class=\"video_telam\">\n<div class=\"feature_article_inner\">\n<p><h2 class=\"text-center\">Crisis en Sud\u00e1n<\/h2>\n<\/p><\/div>\n<p>VER VIDEO <i class=\"fas fa-play\"><\/i><\/p>\n<\/p><\/div><\/div>\n<p><strong>El primer ministro y rostro civil de la transici\u00f3n, Abdalla Hamdok, fue primero detenido y luego reinstalado por el general Burhan un mes despu\u00e9s del golpe, para renunciar luego hace cinco d\u00edas, tras otra jornada de manifestaciones violentamente reprimidas.<\/strong><\/p>\n<p>Este jueves, miles de sudaneses salieron nuevamente a protestar contra el gobierno militar.<\/p>\n<p>Seg\u00fan testigos, las fuerzas del orden lanzaron gases lacrim\u00f3genos contra los manifestantes que avanzaban hacia el palacio presidencial y la sede del Ej\u00e9rcito en Jartum.<\/p>\n<p>&#8220;No hay inter\u00e9s en prolongar el vac\u00edo estatal&#8221;, dijo Taher Abouhaga, uno de los asesores de Burhan, citado por la agencia oficial de noticias Suna.<\/p>\n<blockquote class><p>Estados Unidos, la Uni\u00f3n Europea, el Reino Unido y Noruega pidieron el martes a los militares que no nombraran a un nuevo jefe de gobierno de manera unilateral<\/p><\/blockquote>\n<p>&#8220;Este vac\u00edo debe llenarse lo antes posible&#8221;, a\u00f1adi\u00f3, sugiriendo que el gobierno se estaba preparando para nombrar un nuevo primer ministro.<\/p>\n<p>Estados Unidos, la Uni\u00f3n Europea, el Reino Unido y Noruega pidieron el martes a los militares que no nombraran a un nuevo jefe de gobierno de manera unilateral.<\/p>\n<p>Esto &#8220;socavar\u00eda la credibilidad&#8221; de las instituciones de transici\u00f3n &#8220;y correr\u00eda el riesgo de sumir al pa\u00eds en el conflicto&#8221;, advirtieron.<\/p>\n<p><strong>Este mi\u00e9rcoles, el jefe de la diplomacia estadounidense Antony Blinken pidi\u00f3 en un mensaje en Twitter a los polic\u00edas que &#8220;dejen de usar la fuerza letal contra los manifestantes&#8221;.<\/strong><\/p>\n<p>El general Burhan a\u00fan promete celebrar elecciones en julio de 2023.<\/p>\n<blockquote class=\"twitter-tweet\" readability=\"9.5562130177515\">\n<p lang=\"en\" dir=\"ltr\">To overcome the current crisis in Sudan, we and our partners strongly urge stakeholders to commit to an immediate, Sudanese-led, and internationally facilitated dialogue. Security forces must cease using lethal force against demonstrators &amp; commit to an independent investigation.<\/p>\n<p>\u2014 Secretary Antony Blinken (@SecBlinken) <a href=\"https:\/\/twitter.com\/SecBlinken\/status\/1478536047235678210?ref_src=twsrc%5Etfw\">January 5, 2022<\/a><\/p><\/blockquote>\n","protected":false},"excerpt":{"rendered":"<p>Estas cifras elevan a 60 los muertos desde el golpe de Estado del 25 de octubre de 2021. Tres manifestantes murieron este jueves durante las protestas en Sud\u00e1n contra los militares que llegaron al poder con un golpe militar hace m\u00e1s de dos meses, indicaron los m\u00e9dicos. Un manifestante muri\u00f3 tras recibir &#8220;un disparo en [&hellip;]<\/p>\n","protected":false},"author":1,"featured_media":37550,"comment_status":"closed","ping_status":"closed","sticky":false,"template":"","format":"standard","meta":[],"categories":[24],"tags":[],"_links":{"self":[{"href":"http:\/\/cordobadirecto.com\/index.php\/wp-json\/wp\/v2\/posts\/37549"}],"collection":[{"href":"http:\/\/cordobadirecto.com\/index.php\/wp-json\/wp\/v2\/posts"}],"about":[{"href":"http:\/\/cordobadirecto.com\/index.php\/wp-json\/wp\/v2\/types\/post"}],"author":[{"embeddable":true,"href":"http:\/\/cordobadirecto.com\/index.php\/wp-json\/wp\/v2\/users\/1"}],"replies":[{"embeddable":true,"href":"http:\/\/cordobadirecto.com\/index.php\/wp-json\/wp\/v2\/comments?post=37549"}],"version-history":[{"count":0,"href":"http:\/\/cordobadirecto.com\/index.php\/wp-json\/wp\/v2\/posts\/37549\/revisions"}],"wp:featuredmedia":[{"embeddable":true,"href":"http:\/\/cordobadirecto.com\/index.php\/wp-json\/wp\/v2\/media\/37550"}],"wp:attachment":[{"href":"http:\/\/cordobadirecto.com\/index.php\/wp-json\/wp\/v2\/media?parent=37549"}],"wp:term":[{"taxonomy":"category","embeddable":true,"href":"http:\/\/cordobadirecto.com\/index.php\/wp-json\/wp\/v2\/categories?post=37549"},{"taxonomy":"post_tag","embeddable":true,"href":"http:\/\/cordobadirecto.com\/index.php\/wp-json\/wp\/v2\/tags?post=37549"}],"curies":[{"name":"wp","href":"https:\/\/api.w.org\/{rel}","templated":true}]}}