{"id":37551,"date":"2022-01-06T22:09:00","date_gmt":"2022-01-06T22:09:00","guid":{"rendered":"http:\/\/cordobadirecto.com\/index.php\/2022\/01\/06\/las-oms-rechaza-que-omicron-sea-considerada-una-variante-leve\/"},"modified":"2022-01-06T22:09:00","modified_gmt":"2022-01-06T22:09:00","slug":"las-oms-rechaza-que-omicron-sea-considerada-una-variante-leve","status":"publish","type":"post","link":"http:\/\/cordobadirecto.com\/index.php\/2022\/01\/06\/las-oms-rechaza-que-omicron-sea-considerada-una-variante-leve\/","title":{"rendered":"Las OMS rechaza que \u00d3micron sea considerada una variante &#8220;leve&#8221;"},"content":{"rendered":"<figure class=\"mb-3\"><img loading=\"lazy\" src=\"http:\/\/cordobadirecto.com\/wp-content\/uploads\/2022\/01\/las-oms-rechaza-que-omicron-sea-considerada-una-variante-leve.jpg\" width=\"100%\" height=\"100%\" alt=\"Tedros micron causa hospitalizaciones y est matando a personas y la suba exponencial de los contagios est desbordando los sistemas sanitarios de todo el mundo Foto AFP\"><figcaption> Tedros: &#8220;\u00d3micron causa hospitalizaciones y est\u00e1 matando a personas&#8221;, y la suba exponencial de los contagios &#8220;est\u00e1 desbordando los sistemas sanitarios de todo el mundo&#8221;. Foto: AFP <\/figcaption><\/figure>\n<p>La variante \u00d3micron de la Covid-19 p<strong>arece \u201cmenos grave que la Delta\u201d, pero est\u00e1 matando a personas en el mundo y por eso no deber\u00eda de ser considerada &#8220;leve&#8221;<\/strong>, afirm\u00f3 la Organizaci\u00f3n Mundial de la Salud (OMS).<\/p>\n<p><strong>El titular de la OMS, Tedros Adhanom Ghebreyesus,<\/strong> rese\u00f1\u00f3 que el alto n\u00famero de casos causados por \u00d3micron, m\u00e1s contagiosa que la anterior variante, gener\u00f3 presi\u00f3n en los hospitales.<\/p>\n<p>&#8220;Aunque \u00d3micron parece ser menos grave en comparaci\u00f3n con Delta, especialmente para las personas vacunadas, no significa que deba clasificarse como leve&#8221;, dijo el funcionario en una conferencia de prensa reportada por las agencias de noticias AFP y Ansa.<\/p>\n<p>El especialista insisti\u00f3 en que &#8220;al igual que las variantes anteriores, <strong>\u00d3micron causa hospitalizaciones y est\u00e1 matando a personas&#8221;, y la suba exponencial de los contagios &#8220;est\u00e1 desbordando los sistemas sanitarios de todo el mundo&#8221;.<\/strong><\/p>\n<p>La semana pasada se notificaron a la OMS <strong>unos 9,5 millones de nuevos contagios por Covid-19, un r\u00e9cord que signific\u00f3 un 71% respecto a la semana anterior.<\/strong><\/p>\n<p>Sin embargo, el jefe de la OMS advirti\u00f3 que <strong>la cifra real puede ser superior.<\/strong><\/p>\n<p>Tambi\u00e9n aprovech\u00f3 Tedros su primer discurso de 2022 para criticar el modo en que los <strong>pa\u00edses ricos acapararon las dosis de vacunas<\/strong> disponibles el a\u00f1o pasado, al evaluar que esa decisi\u00f3n <strong>signific\u00f3 el caldo de cultivo perfecto para la aparici\u00f3n de variantes del virus.<\/strong><\/p>\n<blockquote class=\"twitter-tweet\" readability=\"6.8915662650602\">\n<p lang=\"en\" dir=\"ltr\">Many developed countries are showing ever stronger resolve to vaccinate their public against <a href=\"https:\/\/twitter.com\/hashtag\/COVID19?src=hash&amp;ref_src=twsrc%5Etfw\">#COVID19<\/a>. <br \/>To end the pandemic, the same resolve is needed to share these life-saving tools with at-risk nations still suffering from appallingly low supplies.<a href=\"https:\/\/t.co\/KPtTAkkzf2\">https:\/\/t.co\/KPtTAkkzf2<\/a><\/p>\n<p>\u2014 Tedros Adhanom Ghebreyesus (@DrTedros) <a href=\"https:\/\/twitter.com\/DrTedros\/status\/1479174345410990082?ref_src=twsrc%5Etfw\">January 6, 2022<\/a><\/p><\/blockquote>\n<p>En ese sentido, Tedros <strong>inst\u00f3 al mundo a repartir las dosis de vacunas de forma m\u00e1s justa en 2022.<\/strong><\/p>\n<p>&#8220;El a\u00f1o nuevo ofrece una oportunidad de renovar nuestra respuesta colectiva a una amenaza com\u00fan y espero que los l\u00edderes mundiales que mostraron determinaci\u00f3n para proteger a su poblaci\u00f3n extiendan esa determinaci\u00f3n para garantizar que todo el mundo est\u00e9 seguro y protegido. Esta pandemia no terminar\u00e1 hasta que lo hagamos nosotros&#8221;, expres\u00f3.<\/p>\n<p><strong>La OMS se propon\u00eda que todos los pa\u00edses tuvieran el 10% de su poblaci\u00f3n vacunada para finales de septiembre de 2021 y el 40% para finales de diciembre.<\/strong><\/p>\n<p>Pero de los 194 Estados miembros, 92 no alcanzaron el objetivo fijado y, de hecho, 36 de ellos ni siquiera hab\u00edan vacunado el 10% de su poblaci\u00f3n, en gran parte debido a la imposibilidad de acceder a las dosis.<\/p>\n<p>&#8220;La desigualdad en el acceso a las vacunas mata a personas y puestos de trabajo y socava la recuperaci\u00f3n econ\u00f3mica mundial&#8221;, insisti\u00f3 el jefe de la OMS, que insisti\u00f3 en que &#8220;una dosis de refuerzo tras otra en un peque\u00f1o n\u00famero de pa\u00edses no acabar\u00e1 con una pandemia mientras miles de millones siguen completamente desprotegidos&#8221;. <\/p>\n","protected":false},"excerpt":{"rendered":"<p>Tedros: &#8220;\u00d3micron causa hospitalizaciones y est\u00e1 matando a personas&#8221;, y la suba exponencial de los contagios &#8220;est\u00e1 desbordando los sistemas sanitarios de todo el mundo&#8221;. Foto: AFP La variante \u00d3micron de la Covid-19 parece \u201cmenos grave que la Delta\u201d, pero est\u00e1 matando a personas en el mundo y por eso no deber\u00eda de ser considerada [&hellip;]<\/p>\n","protected":false},"author":1,"featured_media":37552,"comment_status":"closed","ping_status":"closed","sticky":false,"template":"","format":"standard","meta":[],"categories":[24],"tags":[],"_links":{"self":[{"href":"http:\/\/cordobadirecto.com\/index.php\/wp-json\/wp\/v2\/posts\/37551"}],"collection":[{"href":"http:\/\/cordobadirecto.com\/index.php\/wp-json\/wp\/v2\/posts"}],"about":[{"href":"http:\/\/cordobadirecto.com\/index.php\/wp-json\/wp\/v2\/types\/post"}],"author":[{"embeddable":true,"href":"http:\/\/cordobadirecto.com\/index.php\/wp-json\/wp\/v2\/users\/1"}],"replies":[{"embeddable":true,"href":"http:\/\/cordobadirecto.com\/index.php\/wp-json\/wp\/v2\/comments?post=37551"}],"version-history":[{"count":0,"href":"http:\/\/cordobadirecto.com\/index.php\/wp-json\/wp\/v2\/posts\/37551\/revisions"}],"wp:featuredmedia":[{"embeddable":true,"href":"http:\/\/cordobadirecto.com\/index.php\/wp-json\/wp\/v2\/media\/37552"}],"wp:attachment":[{"href":"http:\/\/cordobadirecto.com\/index.php\/wp-json\/wp\/v2\/media?parent=37551"}],"wp:term":[{"taxonomy":"category","embeddable":true,"href":"http:\/\/cordobadirecto.com\/index.php\/wp-json\/wp\/v2\/categories?post=37551"},{"taxonomy":"post_tag","embeddable":true,"href":"http:\/\/cordobadirecto.com\/index.php\/wp-json\/wp\/v2\/tags?post=37551"}],"curies":[{"name":"wp","href":"https:\/\/api.w.org\/{rel}","templated":true}]}}