{"id":37643,"date":"2022-01-07T13:17:54","date_gmt":"2022-01-07T13:17:54","guid":{"rendered":"http:\/\/cordobadirecto.com\/index.php\/2022\/01\/07\/di-maria-tiene-coronavirus-y-es-baja-en-el-psg\/"},"modified":"2022-01-07T13:17:54","modified_gmt":"2022-01-07T13:17:54","slug":"di-maria-tiene-coronavirus-y-es-baja-en-el-psg","status":"publish","type":"post","link":"http:\/\/cordobadirecto.com\/index.php\/2022\/01\/07\/di-maria-tiene-coronavirus-y-es-baja-en-el-psg\/","title":{"rendered":"Di Mar\u00eda tiene coronavirus y es baja en el PSG"},"content":{"rendered":"<figure class=\"mb-3\"><img loading=\"lazy\" src=\"http:\/\/cordobadirecto.com\/wp-content\/uploads\/2022\/01\/di-maria-tiene-coronavirus-y-es-baja-en-el-psg.jpg\" width=\"100%\" height=\"100%\" alt=\"ngel Di Mara contagiado de coronavirus segn inform el Pars Saint Germain \"><figcaption> \u00c1ngel Di Mar\u00eda contagiado de coronavirus, seg\u00fan inform\u00f3 el Par\u00eds Saint Germain. <\/figcaption><\/figure>\n<p>El delantero argentino \u00c1ngel Di Mar\u00eda tiene coronavirus, seg\u00fan comunic\u00f3 este jueves Paris Saint Germain, de Francia, en sus redes sociales, y no estar\u00e1 en el partido del domingo contra Olympique de Lyon, por la 20ma. fecha de la Ligue 1.<\/p>\n<p>&#8220;\u00c1ngel Di Mar\u00eda y Julian Draxler dieron positivo esta ma\u00f1ana por Covid-19. Fueron puestos en r\u00e9gimen de aislamiento y est\u00e1n sujetos al protocolo de salud correspondiente&#8221;, explic\u00f3 la instituci\u00f3n en su Twitter.<\/p>\n<blockquote class=\"twitter-tweet\" readability=\"5.5714285714286\">\n<p lang=\"es\" dir=\"ltr\">\ud83d\udccc \u00c1ngel Di Mar\u00eda y Julian Draxler dieron positivo esta ma\u00f1ana por Covid-19. Han sido aislados y est\u00e1n sujetos al protocolo sanitario correspondiente.<\/p>\n<p>\u2014 Paris Saint-Germain (@PSG_espanol) <a href=\"https:\/\/twitter.com\/PSG_espanol\/status\/1479164207912439821?ref_src=twsrc%5Etfw\">January 6, 2022<\/a><\/p><\/blockquote>\n<p>Di Mar\u00eda hab\u00eda estado aislado sobre el final del a\u00f1o por ser contacto estrecho de un positivo pero finalmente su testeo dio &#8220;no detectable&#8221; y viaj\u00f3 a Rosario a pasar las fiestas.<\/p>\n<p>Los otros jugadores con coronavirus son Gianluigi Donnarumma, Danilo, Juan Bernat, Sergio Rico y Nathan Bitumazala.<\/p>\n<p>Adem\u00e1s, este jueves se reincorpor\u00f3 Lionel Messi, con el alta de coronavirus, y se entren\u00f3 de manera diferenciada. <\/p>\n","protected":false},"excerpt":{"rendered":"<p>\u00c1ngel Di Mar\u00eda contagiado de coronavirus, seg\u00fan inform\u00f3 el Par\u00eds Saint Germain. El delantero argentino \u00c1ngel Di Mar\u00eda tiene coronavirus, seg\u00fan comunic\u00f3 este jueves Paris Saint Germain, de Francia, en sus redes sociales, y no estar\u00e1 en el partido del domingo contra Olympique de Lyon, por la 20ma. fecha de la Ligue 1. &#8220;\u00c1ngel Di [&hellip;]<\/p>\n","protected":false},"author":1,"featured_media":37644,"comment_status":"closed","ping_status":"closed","sticky":false,"template":"","format":"standard","meta":[],"categories":[21],"tags":[],"_links":{"self":[{"href":"http:\/\/cordobadirecto.com\/index.php\/wp-json\/wp\/v2\/posts\/37643"}],"collection":[{"href":"http:\/\/cordobadirecto.com\/index.php\/wp-json\/wp\/v2\/posts"}],"about":[{"href":"http:\/\/cordobadirecto.com\/index.php\/wp-json\/wp\/v2\/types\/post"}],"author":[{"embeddable":true,"href":"http:\/\/cordobadirecto.com\/index.php\/wp-json\/wp\/v2\/users\/1"}],"replies":[{"embeddable":true,"href":"http:\/\/cordobadirecto.com\/index.php\/wp-json\/wp\/v2\/comments?post=37643"}],"version-history":[{"count":0,"href":"http:\/\/cordobadirecto.com\/index.php\/wp-json\/wp\/v2\/posts\/37643\/revisions"}],"wp:featuredmedia":[{"embeddable":true,"href":"http:\/\/cordobadirecto.com\/index.php\/wp-json\/wp\/v2\/media\/37644"}],"wp:attachment":[{"href":"http:\/\/cordobadirecto.com\/index.php\/wp-json\/wp\/v2\/media?parent=37643"}],"wp:term":[{"taxonomy":"category","embeddable":true,"href":"http:\/\/cordobadirecto.com\/index.php\/wp-json\/wp\/v2\/categories?post=37643"},{"taxonomy":"post_tag","embeddable":true,"href":"http:\/\/cordobadirecto.com\/index.php\/wp-json\/wp\/v2\/tags?post=37643"}],"curies":[{"name":"wp","href":"https:\/\/api.w.org\/{rel}","templated":true}]}}