{"id":37675,"date":"2022-01-07T13:18:25","date_gmt":"2022-01-07T13:18:25","guid":{"rendered":"http:\/\/cordobadirecto.com\/index.php\/2022\/01\/07\/comenzo-el-festival-nacional-de-doma-y-folclore-de-jesus-maria\/"},"modified":"2022-01-07T13:18:25","modified_gmt":"2022-01-07T13:18:25","slug":"comenzo-el-festival-nacional-de-doma-y-folclore-de-jesus-maria","status":"publish","type":"post","link":"http:\/\/cordobadirecto.com\/index.php\/2022\/01\/07\/comenzo-el-festival-nacional-de-doma-y-folclore-de-jesus-maria\/","title":{"rendered":"Comenz\u00f3 el Festival Nacional de Doma y Folclore de Jes\u00fas Mar\u00eda"},"content":{"rendered":"<figure class=\"mb-3\"><img loading=\"lazy\" src=\"http:\/\/cordobadirecto.com\/wp-content\/uploads\/2022\/01\/comenzo-el-festival-nacional-de-doma-y-folclore-de-jesus-maria.jpg\" width=\"100%\" height=\"100%\" alt=\"Comenz la 56 edicin del Festival de Doma y Folklore de Jess Mara\"><figcaption> Comenz\u00f3 la 56\u00b0 edici\u00f3n del Festival de Doma y Folklore de Jes\u00fas Mar\u00eda <\/figcaption><\/figure>\n<p>Luego de la suspensi\u00f3n por la pandemia de coronavirus en 2021,<strong> este jueves por la noche comenz\u00f3 la 56\u00b0 edici\u00f3n del Festival de Doma y Folklore de Jes\u00fas Mar\u00eda<\/strong> con p\u00fablico presencial y un gran show de canto, baile y despliegue art\u00edstico del elenco de &#8216;Bien Argentino&#8217;, el campeonato de la doma y las actuaciones de Cuti y Roberto Carabajal, Raly Barrionuevo, D\u00fao Coplanacu y Los Viscacheros.<\/p>\n<p>Para la reapertura festivalera se dispuso de un <strong>estricto control de protocolo en la zona de ingreso al Anfiteatro Jos\u00e9 Hern\u00e1ndez<\/strong>, tarea que estuvo a cargo del personal de Salud provincial, municipal y de la Cruz Roja, a los efectos de supervisar la <strong>tenencia del Pase Sanitario<\/strong> que se exigi\u00f3 para participar del festival, requisito obligatorio que alcanza a las personas a partir de los 13 a\u00f1os.<\/p>\n<p>Los santiague\u00f1os <strong>Cuti y Roberto Carabajal<\/strong> abrieron la grilla de artistas en el escenario Mart\u00edn Fierro para interpretar sus ritmos de chacareras, como &#8220;La Pucha con el Hombre&#8221;, Chacarera del Patio&#8221;, &#8220;Cuando me abandone el alma&#8221;, &#8220;D\u00e9jame que me vaya&#8221;, &#8220;Entre a mi pago sin golpear&#8221;, y otros temas de su cl\u00e1sico repertorio.<\/p>\n<figure class=\"mb-3\"><img loading=\"lazy\" src=\"http:\/\/cordobadirecto.com\/wp-content\/uploads\/2022\/01\/comenzo-el-festival-nacional-de-doma-y-folclore-de-jesus-maria-1.jpg\" width=\"100%\" height=\"100%\" alt=\"El Festival de Doma y Folklore de Jess Mara continuar hasta el lunes 17 de enero\"><figcaption> El Festival de Doma y Folklore de Jes\u00fas Mar\u00eda continuar\u00e1 hasta el lunes 17 de enero. <\/figcaption><\/figure>\n<p>Luego subieron al escenario <strong>Los Vizcacheros<\/strong>, un trio de Jes\u00fas Mar\u00eda que interpretan temas tradicionales emulando a Los Chalchaleros entonaron &#8220;Luna Cautiva&#8221;, El Castiquichua&#8221;, &#8220;C\u00f3rdoba de las campanas&#8221;, La C\u00f3rdoba Norte\u00f1a&#8221; y &#8220;La sanlorence\u00f1a&#8221;.<\/p>\n<p>El <strong>D\u00fao Coplanacu<\/strong> subi\u00f3 al escenario con zambas, chachareras y escondidos, entre ellas &#8220;La A\u00f1oradora&#8221;, &#8220;De Simoca&#8221;, &#8220;Coraz\u00f3n atamisque\u00f1o&#8221;, &#8220;Escondido del Rezabaile&#8221;, &#8220;Por la costa del salado&#8221; y &#8220;De La Banda a Santiago&#8221;.<\/p>\n<p>A la 1.45 de esta madrugada, y con el predio con muy buena concurrencia de p\u00fablico, comenz\u00f3 la actuaci\u00f3n del artista principal de la primera jornada festivalera, el santiague\u00f1o <strong>Raly Barrionuevo<\/strong> para abrir el repertorio con la canci\u00f3n &#8220;De mi madre&#8221;, luego interpret\u00f3 &#8220;Ey paisano&#8221;, &#8220;Zamba de la a\u00f1oranza&#8221;, &#8220;La de los angelitos&#8221;, &#8220;Si yo fuera r\u00edo&#8221; y &#8220;Calle angosta&#8221;, entre otros temas.<\/p>\n<p>El cierre fue al ritmo del cuarteto cordob\u00e9s con <strong>Magui Olave<\/strong>, la prima de Ulises Bueno y del fallecido Rodrigo &#8216;El Potro&#8217; Bueno.<\/p>\n<p>Mientras tanto en el &#8216;Campo de la Doma Felix Gigena Luque&#8217; abri\u00f3 el &#8216;Campeonato Nacional e Internacional de Jineteada&#8217; en las categor\u00edas Crina Limpia, Gurupa Surera o Sure\u00f1a y Basto con encimera lisa, actividad que es acompa\u00f1ada con <strong>relatos y payadas de N\u00e9stor Ramello y Nicol\u00e1s Membriani<\/strong>, entre otros.<\/p>\n<p>Para esta edici\u00f3n se hab\u00eda anunciado el uso obligatorio de cascos y pecheras para evitar accidentes que pongan en riesgo la vida de los domadores, pero esa decisi\u00f3n debi\u00f3 posponerse para el 2023 por razones log\u00edsticas que impidieron disponer de esos elementos, comunicaron oficialmente desde la organizaci\u00f3n del festival.<\/p>\n<p>La decisi\u00f3n de adoptar obligatoriamente esos protectores se hab\u00eda adoptado durante el festival anterior, de 2020, a partir de la muerte del jinete cordob\u00e9s, Norberto Eric Cossutta, luego caerse de la monta y ser aplastado por el caballo durante la competencia.<\/p>\n<blockquote class=\"twitter-tweet\" readability=\"6.6193181818182\">\n<p lang=\"es\" dir=\"ltr\">\u00a1Pusimos primera! \ud83d\ude4c\ud83c\udfba\ud83d\udea9<\/p>\n<p>12 noches de Argentinidad del 6 al 17 de enero de 2022, te esperamos para vivir todo el <a href=\"https:\/\/twitter.com\/hashtag\/ColoryCoraje?src=hash&amp;ref_src=twsrc%5Etfw\">#ColoryCoraje<\/a> en el Festival m\u00e1s grande de Am\u00e9rica.<a href=\"https:\/\/twitter.com\/hashtag\/Edici%C3%B3n56?src=hash&amp;ref_src=twsrc%5Etfw\">#Edici\u00f3n56<\/a> <a href=\"https:\/\/twitter.com\/hashtag\/FestivalJM2022?src=hash&amp;ref_src=twsrc%5Etfw\">#FestivalJM2022<\/a> <a href=\"https:\/\/twitter.com\/hashtag\/Jes%C3%BAsMar%C3%ADa?src=hash&amp;ref_src=twsrc%5Etfw\">#Jes\u00fasMar\u00eda<\/a> <a href=\"https:\/\/twitter.com\/hashtag\/Edici%C3%B3n56?src=hash&amp;ref_src=twsrc%5Etfw\">#Edici\u00f3n56<\/a> <a href=\"https:\/\/twitter.com\/hashtag\/FestivalJM2022?src=hash&amp;ref_src=twsrc%5Etfw\">#FestivalJM2022<\/a> <a href=\"https:\/\/t.co\/jBXxrENy5E\">pic.twitter.com\/jBXxrENy5E<\/a><\/p>\n<p>\u2014 Festival Nacional de Doma y Folklore Jes\u00fas Mar\u00eda (@FestivalJM) <a href=\"https:\/\/twitter.com\/FestivalJM\/status\/1479348482360193031?ref_src=twsrc%5Etfw\">January 7, 2022<\/a><\/p><\/blockquote>\n<p>La apertura del festival fue presidida por el presidente el evento, Nicol\u00e1s Totti, quien destac\u00f3 que en esta edici\u00f3n se est\u00e1 &#8220;celebrando volver a poner en marcha este festival&#8221; y apel\u00f3 a la &#8220;responsabilidad de todos para poder llevar adelante este evento&#8221; que ofrece 12 noches con m\u00e1s de 90 artistas y montas en la jinetada.<\/p>\n<p>La presentaci\u00f3n art\u00edstica del acto inaugural estuvo a cargo del elenco &#8216;Bien Argentino&#8217;, con El &#8216;Indio&#8217; Lucio Rojas y Natalia Pastorutti como invitados, entre otros, con una imponente coreograf\u00eda, despliegue de artistas, cantores y m\u00fasicos que mostraron un gran show de fusi\u00f3n entre el folklore, el tango y el rock bajo la direcci\u00f3n de \u00c1ngel Carabajal.<\/p>\n<p>Este viernes se presentar\u00e1n sobre el escenario Mart\u00edn Fierro Los Manseros Santiague\u00f1os, N\u00e9stor Garnica, Las Voces de Or\u00e1n, La Callejera, La Pilarcita y Dami\u00e1n C\u00f3rdoba.<\/p>\n<h2 class>Los artistas d\u00eda por d\u00eda<\/h2>\n<p><strong>S\u00e1bado <\/strong>8: Jorge Rojas, Nahuel Pennisi, Orellana Lucca, Juje\u00f1os, Los Pampas, La Clave Tr\u00edo y Salitral.<\/p>\n<p><strong>Domingo <\/strong>9: Los Nocheros, Palito Ortega, Roxana Carabajal, La Zapada y Sauda, y Los Wapay del Valle.<\/p>\n<p><strong>Lunes <\/strong>10: Los Tekis, Los Alonsitos, Lele Lovato, Canto del Alma, Loy Lorena Carrizo, Los Arrieros de Salta y Q\u2019 Lokura.<\/p>\n<p><strong>Martes <\/strong>11: Sergio Galleguillo, Los Carabajal, Los Umbides, Los Legales, 5 Sentidos y Dale Q\u2019 Va.<\/p>\n<p><strong>Mi\u00e9rcoles <\/strong>12: Abel Pintos, Ceibo, Llokallas, Jesica Benavidez, Los Fulanos, \u00cdndigo y Marcos Basillico.<\/p>\n<p><strong>Jueves <\/strong>13: Lucio Rojas, Ahyre, Guitarreros, Los Izquierdos de la Cueva, Cuerdas del Norte y Pocha Galv\u00e1n.<\/p>\n<p><strong>Viernes <\/strong>14: El Chaque\u00f1o Palavecino, Los 4 de C\u00f3rdoba, Los Trajinantes, Kepianco, Milena Salamanca, La Cuja, Gast\u00f3n Cordero y Ulises Bueno.<\/p>\n<p><strong>S\u00e1bado <\/strong>15: Soledad Pastorutti, Jairo, Horacio Banegas, Por Siempre Tucu, Adri\u00e1n Maggi, Los Tradicionales Cantores del Alba, Pajarito y Ricardo Palavecino.<\/p>\n<p><strong>Domingo <\/strong>16: Luciano Pereyra, Emiliano Zerbini, Cabales, Florencia Paz, La Bordona y La Barra.<\/p>\n<p>El <strong>lunes <\/strong>17 cerrar\u00e1 el festival con Los Palmeras, Tini, Los Giovos y DJ An Fontana. <\/p>\n","protected":false},"excerpt":{"rendered":"<p>Comenz\u00f3 la 56\u00b0 edici\u00f3n del Festival de Doma y Folklore de Jes\u00fas Mar\u00eda Luego de la suspensi\u00f3n por la pandemia de coronavirus en 2021, este jueves por la noche comenz\u00f3 la 56\u00b0 edici\u00f3n del Festival de Doma y Folklore de Jes\u00fas Mar\u00eda con p\u00fablico presencial y un gran show de canto, baile y despliegue art\u00edstico [&hellip;]<\/p>\n","protected":false},"author":1,"featured_media":37676,"comment_status":"closed","ping_status":"closed","sticky":false,"template":"","format":"standard","meta":[],"categories":[20],"tags":[],"_links":{"self":[{"href":"http:\/\/cordobadirecto.com\/index.php\/wp-json\/wp\/v2\/posts\/37675"}],"collection":[{"href":"http:\/\/cordobadirecto.com\/index.php\/wp-json\/wp\/v2\/posts"}],"about":[{"href":"http:\/\/cordobadirecto.com\/index.php\/wp-json\/wp\/v2\/types\/post"}],"author":[{"embeddable":true,"href":"http:\/\/cordobadirecto.com\/index.php\/wp-json\/wp\/v2\/users\/1"}],"replies":[{"embeddable":true,"href":"http:\/\/cordobadirecto.com\/index.php\/wp-json\/wp\/v2\/comments?post=37675"}],"version-history":[{"count":0,"href":"http:\/\/cordobadirecto.com\/index.php\/wp-json\/wp\/v2\/posts\/37675\/revisions"}],"wp:featuredmedia":[{"embeddable":true,"href":"http:\/\/cordobadirecto.com\/index.php\/wp-json\/wp\/v2\/media\/37676"}],"wp:attachment":[{"href":"http:\/\/cordobadirecto.com\/index.php\/wp-json\/wp\/v2\/media?parent=37675"}],"wp:term":[{"taxonomy":"category","embeddable":true,"href":"http:\/\/cordobadirecto.com\/index.php\/wp-json\/wp\/v2\/categories?post=37675"},{"taxonomy":"post_tag","embeddable":true,"href":"http:\/\/cordobadirecto.com\/index.php\/wp-json\/wp\/v2\/tags?post=37675"}],"curies":[{"name":"wp","href":"https:\/\/api.w.org\/{rel}","templated":true}]}}