{"id":37685,"date":"2022-01-07T13:18:41","date_gmt":"2022-01-07T13:18:41","guid":{"rendered":"https:\/\/www.ole.com.ar\/futbol-ascenso\/p-nacional-chacarita-parra-regreso_0_BrwjObXEz.html"},"modified":"2022-01-07T13:18:41","modified_gmt":"2022-01-07T13:18:41","slug":"bombazo-en-el-mercado-de-ascenso-parra-vuelve-a-chacarita","status":"publish","type":"post","link":"http:\/\/cordobadirecto.com\/index.php\/2022\/01\/07\/bombazo-en-el-mercado-de-ascenso-parra-vuelve-a-chacarita\/","title":{"rendered":"Bombazo en el mercado de Ascenso: Parra vuelve a Chacarita"},"content":{"rendered":"<p><a alt=\"chacarita\" class=\"slug\" href=\"https:\/\/www.ole.com.ar\/tema\/chacarita.html\" target=\"_blank\" title=\"chacarita\" rel=\"noopener\">Chacarita<\/a> tuvo un 2021 para el olvido. Tras haber terminado en el <strong>pen\u00faltimo lugar<\/strong> de la Zona A del campeonato de la Primera Nacional, ganando apenas seis de los 32 partidos y superando s\u00f3lo a Nueva Chicago, el Funebrero puso manos a la obra para que el 2022 lo encuentre en una posici\u00f3n m\u00e1s favorable. Con ese fin es que la dirigencia afin\u00f3 la punter\u00eda en lo que a contrataciones se refiere, y en las \u00faltimas horas dio en el blanco: <mark>meti\u00f3 dos refuerzos bomba que rompieron el mercado.<\/mark><\/p>\n<div class=\"sp__SM\">\n<div class=\"content-new \">\n<span class=\"tit-mobile\">Mir\u00e1 tambi\u00e9n<\/span><\/p>\n<div class=\"mg\">\n<div class=\"wrap-figure\">\n<picture>\n<a href=\"https:\/\/www.ole.com.ar\/futbol-ascenso\/primera-b-fenix-mercado-pases_0_WlPYzU-Yd.html\" target=\"_self\" rel=\"noopener\"><br \/>\n<img class=\"img-responsive\" alt=\"F\u00e9nix se baj\u00f3 del mercado y el Ogro tiene todo listo\" src=\"http:\/\/cordobadirecto.com\/wp-content\/uploads\/2022\/01\/bombazo-en-el-mercado-de-ascenso-parra-vuelve-a-chacarita.jpg\" loading=\"lazy\"><br \/>\n<\/a>\n<\/picture>\n<\/div>\n<\/div><\/div>\n<\/div>\n<p>Lo primero que hizo la CD fue <strong>anunciar el regreso de Facundo Parra<\/strong>, un hist\u00f3rico del club. Surgido de las inferiores, debut\u00f3 en 2004, pas\u00f3 por el f\u00fatbol griego, por Independiente, por el Calcio italiano y por Brasil, entre tantos lares, y ahora confirm\u00f3 su vuelta para afrontar su tercer ciclo en la instituci\u00f3n. Ese fue el primero de los bombazos. Pero no el \u00fanico&#8230;<\/p>\n<p>La dirigencia tambi\u00e9n <strong>confirm\u00f3 la llegada de Hern\u00e1n Fredes<\/strong>, otro ex Independiente.&nbsp;El volante ofensivo de 34 a\u00f1os viene de jugar en San Felipe de Chile. Surgido del Rojo, visti\u00f3 las camisetas de&nbsp;Metalist (Ucrania), Arsenal, Defensa y Justicia, 3 de Febrero, Sol de Am\u00e9rica (ambos de Paraguay) y el mencionado equipo trasandino.<\/p>\n<div class=\"sp__SM\">\n<div class=\"content-new \">\n<span class=\"tit-mobile\">Mir\u00e1 tambi\u00e9n<\/span><\/p>\n<div class=\"mg\">\n<div class=\"wrap-figure\">\n<picture>\n<a href=\"https:\/\/www.ole.com.ar\/futbol-ascenso\/p-nacional-roman-martinez-riestra_0_8lSyv3eEM.html\" target=\"_self\" rel=\"noopener\"><br \/>\n<img class=\"img-responsive\" alt=\"Rom\u00e1n Mart\u00ednez es nuevo jugador de Riestra\" src=\"http:\/\/cordobadirecto.com\/wp-content\/uploads\/2022\/01\/bombazo-en-el-mercado-de-ascenso-parra-vuelve-a-chacarita-1.jpg\" loading=\"lazy\"><br \/>\n<\/a>\n<\/picture>\n<\/div>\n<\/div><\/div>\n<\/div>\n<p>El dato de color es que <strong>Parra y Fredes compartieron vestuario en el conjunto de Avellaneda<\/strong>. De hecho, ambos formaban parte del plantel que gan\u00f3 la Copa Sudamericana&nbsp;2010, con Antonio Mohamed en el banco. Tambi\u00e9n fueron parte del equipo que logr\u00f3 regresar a Primera&nbsp;en 2014.&nbsp;<\/p>\n<div class=\"sp__SM\">\n<div class=\"content-new \">\n<span class=\"tit-mobile\">Mir\u00e1 tambi\u00e9n<\/span><\/p>\n<div class=\"mg\">\n<div class=\"wrap-figure\">\n<picture>\n<a href=\"https:\/\/www.ole.com.ar\/futbol-ascenso\/p-nacional-barrionuevo-dattola-brown_0_3fVcLizLw.html\" target=\"_self\" rel=\"noopener\"><br \/>\n<img class=\"img-responsive\" alt=\"Almirante se asegur\u00f3 la continuidad de la dupla central\" src=\"http:\/\/cordobadirecto.com\/wp-content\/uploads\/2022\/01\/bombazo-en-el-mercado-de-ascenso-parra-vuelve-a-chacarita-2.jpg\" loading=\"lazy\"><br \/>\n<\/a>\n<\/picture>\n<\/div>\n<\/div><\/div>\n<\/div>\n<p>El Funebrero quiere ser protagonista en el 2022 y apuesta por la experiencia de dos jugadores con mucho recorrido.&nbsp;<\/p>\n<div class=\"sp__SM\">\n<div class=\"content-new \">\n<span class=\"tit-mobile\">Mir\u00e1 tambi\u00e9n<\/span><\/p>\n<div class=\"mg\">\n<div class=\"wrap-figure\">\n<picture>\n<a href=\"https:\/\/www.ole.com.ar\/ferro\/nieto-griguol-firmo-primer-contrato_0_2NZWRlAKN.html\" target=\"_self\" rel=\"noopener\"><br \/>\n<img class=\"img-responsive\" alt=\"El nieto de Carlos Timoteo Griguol firm\u00f3 su primer contrato con Ferro\" src=\"http:\/\/cordobadirecto.com\/wp-content\/uploads\/2022\/01\/bombazo-en-el-mercado-de-ascenso-parra-vuelve-a-chacarita-3.jpg\" loading=\"lazy\"><br \/>\n<\/a>\n<\/picture>\n<\/div>\n<\/div><\/div>\n<\/div>\n<div class=\"sp__SM\">\n<div class=\"content-new \">\n<span class=\"tit-mobile\">Mir\u00e1 tambi\u00e9n<\/span><\/p>\n<div class=\"mg\">\n<div class=\"wrap-figure\"> <picture>\n<a href=\"https:\/\/www.ole.com.ar\/futbol-ascenso\/mostaza-merlo-defensores-zarate_0_uuczL8h8t.html\" target=\"_self\" rel=\"noopener\"><br \/>\n<img class=\"img-responsive\" alt=\"Mostaza Merlo ya dirige en CADU\" src=\"http:\/\/cordobadirecto.com\/wp-content\/uploads\/2022\/01\/bombazo-en-el-mercado-de-ascenso-parra-vuelve-a-chacarita-4.jpg\" loading=\"lazy\"><br \/>\n<\/a>\n<\/picture>\n<\/div>\n<\/div><\/div>\n<\/div>\n<div class=\"sp__SM\">\n<div class=\"content-new \">\n<span class=\"tit-mobile\">Mir\u00e1 tambi\u00e9n<\/span><\/p>\n<div class=\"mg\">\n<div class=\"wrap-figure\">\n<picture>\n<a href=\"https:\/\/www.ole.com.ar\/futbol-ascenso\/primera-c-puerto-nuevo-pretemporada_0_yTp-O3Dsj.html\" target=\"_self\" rel=\"noopener\"><br \/>\n<img class=\"img-responsive\" alt=\"Comenz\u00f3 una nueva era en Puerto Nuevo\" src=\"http:\/\/cordobadirecto.com\/wp-content\/uploads\/2022\/01\/bombazo-en-el-mercado-de-ascenso-parra-vuelve-a-chacarita-5.jpg\" loading=\"lazy\"><br \/>\n<\/a>\n<\/picture>\n<\/div>\n<\/div><\/div>\n<\/div>\n<div class=\"entry-tags\">\n<h2>TEMAS QUE APARECEN EN ESTA NOTA<\/h2>\n<\/p><\/div>\n","protected":false},"excerpt":{"rendered":"<p>Chacarita tuvo un 2021 para el olvido. Tras haber terminado en el pen\u00faltimo lugar de la Zona A del campeonato de la Primera Nacional, ganando apenas seis de los 32 partidos y superando s\u00f3lo a Nueva Chicago, el Funebrero puso manos a la obra para que el 2022 lo encuentre en una posici\u00f3n m\u00e1s favorable. [&hellip;]<\/p>\n","protected":false},"author":1,"featured_media":37686,"comment_status":"closed","ping_status":"closed","sticky":false,"template":"","format":"standard","meta":[],"categories":[21],"tags":[],"_links":{"self":[{"href":"http:\/\/cordobadirecto.com\/index.php\/wp-json\/wp\/v2\/posts\/37685"}],"collection":[{"href":"http:\/\/cordobadirecto.com\/index.php\/wp-json\/wp\/v2\/posts"}],"about":[{"href":"http:\/\/cordobadirecto.com\/index.php\/wp-json\/wp\/v2\/types\/post"}],"author":[{"embeddable":true,"href":"http:\/\/cordobadirecto.com\/index.php\/wp-json\/wp\/v2\/users\/1"}],"replies":[{"embeddable":true,"href":"http:\/\/cordobadirecto.com\/index.php\/wp-json\/wp\/v2\/comments?post=37685"}],"version-history":[{"count":0,"href":"http:\/\/cordobadirecto.com\/index.php\/wp-json\/wp\/v2\/posts\/37685\/revisions"}],"wp:featuredmedia":[{"embeddable":true,"href":"http:\/\/cordobadirecto.com\/index.php\/wp-json\/wp\/v2\/media\/37686"}],"wp:attachment":[{"href":"http:\/\/cordobadirecto.com\/index.php\/wp-json\/wp\/v2\/media?parent=37685"}],"wp:term":[{"taxonomy":"category","embeddable":true,"href":"http:\/\/cordobadirecto.com\/index.php\/wp-json\/wp\/v2\/categories?post=37685"},{"taxonomy":"post_tag","embeddable":true,"href":"http:\/\/cordobadirecto.com\/index.php\/wp-json\/wp\/v2\/tags?post=37685"}],"curies":[{"name":"wp","href":"https:\/\/api.w.org\/{rel}","templated":true}]}}