{"id":37711,"date":"2022-01-07T12:27:38","date_gmt":"2022-01-07T12:27:38","guid":{"rendered":"https:\/\/cordoba.gob.ar\/?p=19280"},"modified":"2022-01-07T12:27:38","modified_gmt":"2022-01-07T12:27:38","slug":"un-nuevo-espacio-para-la-biblioteca-pedagogica-municipal-rosarito-vera-penaloza","status":"publish","type":"post","link":"http:\/\/cordobadirecto.com\/index.php\/2022\/01\/07\/un-nuevo-espacio-para-la-biblioteca-pedagogica-municipal-rosarito-vera-penaloza\/","title":{"rendered":"Un nuevo espacio para la biblioteca pedag\u00f3gica municipal \u201cRosarito Vera Pe\u00f1aloza\u201d"},"content":{"rendered":"<div><img src=\"http:\/\/cordobadirecto.com\/wp-content\/uploads\/2022\/01\/un-nuevo-espacio-para-la-biblioteca-pedagogica-municipal-rosarito-vera-penaloza.jpg\" class=\"ff-og-image-inserted\"><\/div>\n<ul>\n<li><strong>En consonancia con la importancia que esta gesti\u00f3n le ha dado a la lectura y la escritura y la proyecci\u00f3n del Plan Municipal Leer y Escribir +, se ha reubicado la Biblioteca Pedag\u00f3gica Municipal \u201cRosarito Vera Pe\u00f1aloza\u201d en nuevo espacio f\u00edsico, (Avenida Col\u00f3n 5244).<\/strong><\/li>\n<li><strong>Cabe destacar que en el 2021 la Biblioteca se incorpor\u00f3 a la Red Provincial de Bibliotecas Pedag\u00f3gicas, sum\u00e1ndose de esta manera al sistema provincial y nacional de Bibliotecas.<\/strong><\/li>\n<\/ul>\n<hr>\n<p>Durante el 2021 se incorporaron a la Biblioteca m\u00e1s de 600 libros de literatura, ciencia, arte, pedagog\u00eda e ingl\u00e9s, adem\u00e1s del equipamiento inform\u00e1tico: 23 notebooks, 8 robots, 8 tablets, 1 impresora l\u00e1ser.<\/p>\n<p>Desde la Secretar\u00eda de Educaci\u00f3n se tom\u00f3 la decisi\u00f3n de trasladar la biblioteca y generar mejores condiciones edilicias para su proyecci\u00f3n. Desde la biblioteca se llevan a cabo la asistencia t\u00e9cnica y el asesoramiento a las bibliotecas escolares, se organizan actividades de animaci\u00f3n a la lectura y cineteca, talleres de cine en escuela y jardines, ciclo de documentales escolares, la formaci\u00f3n de docentes mediadores, espacios de vinculaci\u00f3n y trabajo art\u00edstico, entre otras tantas actividades que ya se est\u00e1n desarrollando y se planifican para el 2022. Todo esto permitir\u00e1 pensar a la biblioteca como un centro de recursos para el aprendizaje<\/p>\n<p><em>\u201cEstamos muy contentas con este nuevo lugar y con todas las actividades que tenemos previstas para fortalecer la din\u00e1mica del sistema educativo municipal. Diez a\u00f1os de historia y todo el reconocimiento de una biblioteca innovadora y especializada como la nuestra se ven enaltecidos con el dise\u00f1o y puesta en marcha del Plan de Lecturas y Escrituras\u201d<\/em>, dijo la Referente de la Biblioteca, Bibliotec\u00f3loga Isabel Pe\u00f1a.<\/p>\n<p><em>\u201cEn el d\u00e9cimo aniversario de la creaci\u00f3n de la Biblioteca, se han producido muchas novedades en su din\u00e1mica, que han puesto de relieve la importancia de una instituci\u00f3n que se est\u00e1 transformando para ser un centro de recursos para la ense\u00f1anza y el aprendizaje, que acompa\u00f1e los pasos del sistema educativo municipal\u201d<\/em>, expres\u00f3 la Directora de Aprendizaje y Desarrollo Profesional, Alicia Olmos.<\/p>\n<p>Finalmente, el Secretario de Educaci\u00f3n, Horacio Ferreyra, afirm\u00f3 que <em>\u201cde esta manera, en el 2022 intensificaremos las acciones propuestas en el \u201cPlan Leer y Escribir +\u201d, como as\u00ed tambi\u00e9n la implementaci\u00f3n del mismo en todos los Jardines y Escuelas Municipales, incorporando a los Parques Educativos. Porque estamos convencidos que la lectura abre mundo y nos permite aprender en esta nuestra ciudad de C\u00f3rdoba que d\u00eda a d\u00eda est\u00e1 mejorando como sostiene nuestro Intendente Mart\u00edn Llaryora. La Biblioteca se prepara para abrir sus puertas a los profesionales docentes de la ciudad para potenciar la formaci\u00f3n de una comunidad de lectores y escritores poni\u00e9ndoles alas a la educaci\u00f3n de la Capital\u201d.<\/em><\/p>\n","protected":false},"excerpt":{"rendered":"<p>En consonancia con la importancia que esta gesti\u00f3n le ha dado a la lectura y la escritura y la proyecci\u00f3n del Plan Municipal Leer y Escribir +, se ha reubicado la Biblioteca Pedag\u00f3gica Municipal \u201cRosarito Vera Pe\u00f1aloza\u201d en nuevo espacio f\u00edsico, (Avenida Col\u00f3n 5244). Cabe destacar que en el 2021 la Biblioteca se incorpor\u00f3 a [&hellip;]<\/p>\n","protected":false},"author":1,"featured_media":37712,"comment_status":"closed","ping_status":"closed","sticky":false,"template":"","format":"standard","meta":[],"categories":[44],"tags":[],"_links":{"self":[{"href":"http:\/\/cordobadirecto.com\/index.php\/wp-json\/wp\/v2\/posts\/37711"}],"collection":[{"href":"http:\/\/cordobadirecto.com\/index.php\/wp-json\/wp\/v2\/posts"}],"about":[{"href":"http:\/\/cordobadirecto.com\/index.php\/wp-json\/wp\/v2\/types\/post"}],"author":[{"embeddable":true,"href":"http:\/\/cordobadirecto.com\/index.php\/wp-json\/wp\/v2\/users\/1"}],"replies":[{"embeddable":true,"href":"http:\/\/cordobadirecto.com\/index.php\/wp-json\/wp\/v2\/comments?post=37711"}],"version-history":[{"count":0,"href":"http:\/\/cordobadirecto.com\/index.php\/wp-json\/wp\/v2\/posts\/37711\/revisions"}],"wp:featuredmedia":[{"embeddable":true,"href":"http:\/\/cordobadirecto.com\/index.php\/wp-json\/wp\/v2\/media\/37712"}],"wp:attachment":[{"href":"http:\/\/cordobadirecto.com\/index.php\/wp-json\/wp\/v2\/media?parent=37711"}],"wp:term":[{"taxonomy":"category","embeddable":true,"href":"http:\/\/cordobadirecto.com\/index.php\/wp-json\/wp\/v2\/categories?post=37711"},{"taxonomy":"post_tag","embeddable":true,"href":"http:\/\/cordobadirecto.com\/index.php\/wp-json\/wp\/v2\/tags?post=37711"}],"curies":[{"name":"wp","href":"https:\/\/api.w.org\/{rel}","templated":true}]}}