{"id":37713,"date":"2022-01-07T23:56:25","date_gmt":"2022-01-07T23:56:25","guid":{"rendered":"https:\/\/puntoapunto.com.ar\/?p=320556"},"modified":"2022-01-07T23:56:25","modified_gmt":"2022-01-07T23:56:25","slug":"federada-salud-inauguro-nueva-oficina-en-villa-maria","status":"publish","type":"post","link":"http:\/\/cordobadirecto.com\/index.php\/2022\/01\/07\/federada-salud-inauguro-nueva-oficina-en-villa-maria\/","title":{"rendered":"Federada Salud inaugur\u00f3 nueva oficina en Villa Mar\u00eda"},"content":{"rendered":"\n<p>El jueves 9 de diciembre, en Villa Mar\u00eda (25 de Mayo 66), Federada Salud present\u00f3 su nueva oficina en la ciudad. Luego del corte de cinta, el evento se traslad\u00f3 al Hotel Le Parc (Corrientes 1236) ubicado a 50 metros de la nueva oficina, donde se realiz\u00f3 un c\u00f3ctel para celebrar este acontecimiento.<\/p>\n<p>Federada Salud es una mutual fundada en 1963 en Rosario con una fuerte presencia en el interior de Argentina. Cuenta con 36 oficinas propias m\u00e1s su Sede Central en Rosario y una red de 238 Agencias distribuidas en todo el pa\u00eds para brindar servicios a m\u00e1s de 130.000 asociados. Estos incluyen Salud, Turismo, Farmacia, Ayuda Econ\u00f3mica, Seguros y Vacunaci\u00f3n.<\/p>\n<p><img loading=\"lazy\" class=\"wp-image-320557 aligncenter\" src=\"http:\/\/cordobadirecto.com\/wp-content\/uploads\/2022\/01\/federada-salud-inauguro-nueva-oficina-en-villa-maria.jpg\" alt width=\"506\" height=\"337\" srcset=\"http:\/\/cordobadirecto.com\/wp-content\/uploads\/2022\/01\/federada-salud-inauguro-nueva-oficina-en-villa-maria.jpg 300w, http:\/\/cordobadirecto.com\/wp-content\/uploads\/2022\/01\/federada-salud-inauguro-nueva-oficina-en-villa-maria-2.jpg 1024w, http:\/\/cordobadirecto.com\/wp-content\/uploads\/2022\/01\/federada-salud-inauguro-nueva-oficina-en-villa-maria-3.jpg 768w, http:\/\/cordobadirecto.com\/wp-content\/uploads\/2022\/01\/federada-salud-inauguro-nueva-oficina-en-villa-maria-4.jpg 1536w, http:\/\/cordobadirecto.com\/wp-content\/uploads\/2022\/01\/federada-salud-inauguro-nueva-oficina-en-villa-maria-5.jpg 2048w, http:\/\/cordobadirecto.com\/wp-content\/uploads\/2022\/01\/federada-salud-inauguro-nueva-oficina-en-villa-maria-6.jpg 750w, http:\/\/cordobadirecto.com\/wp-content\/uploads\/2022\/01\/federada-salud-inauguro-nueva-oficina-en-villa-maria-7.jpg 1140w\" sizes=\"(max-width: 506px) 100vw, 506px\">En Villa Mar\u00eda, la mutual unific\u00f3 en esta nueva sede los servicios de Salud, Farmacia, Vacunatorio, Turismo y Ayuda Econ\u00f3mica, con el objetivo de mejorar la calidad de atenci\u00f3n a los asociados y seguir creciendo en la regi\u00f3n.<\/p>\n<p>Respecto de la nueva oficina, cuyo modelo se ir\u00e1 replicando en todo el pa\u00eds, Pablo S\u00e1nchez, gerente general de Federada Salud, afirm\u00f3: \u201cHoy, en 2021, seguimos apostando a Villa Mar\u00eda. As\u00ed, duplicamos la superficie de nuestros espacios y servicios. En este sentido, me gustar\u00eda destacar que estamos poniendo en marcha nuestro quinto Centro de Vacunaci\u00f3n en el pa\u00eds, que no s\u00f3lo brinda atenci\u00f3n a nuestros asociados, sino que tambi\u00e9n se encuentra abierto a toda la comunidad\u201d.<\/p>\n<p><img loading=\"lazy\" class=\"wp-image-320559 aligncenter\" src=\"http:\/\/cordobadirecto.com\/wp-content\/uploads\/2022\/01\/federada-salud-inauguro-nueva-oficina-en-villa-maria-1.jpg\" alt width=\"509\" height=\"339\" srcset=\"http:\/\/cordobadirecto.com\/wp-content\/uploads\/2022\/01\/federada-salud-inauguro-nueva-oficina-en-villa-maria-1.jpg 300w, http:\/\/cordobadirecto.com\/wp-content\/uploads\/2022\/01\/federada-salud-inauguro-nueva-oficina-en-villa-maria-8.jpg 1024w, http:\/\/cordobadirecto.com\/wp-content\/uploads\/2022\/01\/federada-salud-inauguro-nueva-oficina-en-villa-maria-9.jpg 768w, http:\/\/cordobadirecto.com\/wp-content\/uploads\/2022\/01\/federada-salud-inauguro-nueva-oficina-en-villa-maria-10.jpg 1536w, http:\/\/cordobadirecto.com\/wp-content\/uploads\/2022\/01\/federada-salud-inauguro-nueva-oficina-en-villa-maria-11.jpg 2048w, http:\/\/cordobadirecto.com\/wp-content\/uploads\/2022\/01\/federada-salud-inauguro-nueva-oficina-en-villa-maria-12.jpg 750w, http:\/\/cordobadirecto.com\/wp-content\/uploads\/2022\/01\/federada-salud-inauguro-nueva-oficina-en-villa-maria-13.jpg 1140w\" sizes=\"(max-width: 509px) 100vw, 509px\">En tanto, Juan Pivetta, presidente de la mutual, concluy\u00f3: \u201cFederada est\u00e1 muy cerca de cumplir sus 60 a\u00f1os y sigue pensando en sus asociados como el primer d\u00eda, buscando evolucionar siempre para acompa\u00f1ar a cada persona que es parte de la Mutual, en l\u00ednea con las nuevas necesidades y exigencias que hoy se nos presentan. Por ello es que no s\u00f3lo pensamos en presentar una nueva est\u00e9tica, sino tambi\u00e9n un nuevo modelo de atenci\u00f3n, que brinde a quienes se acerquen a nuestras oficinas una experiencia de cercan\u00eda, agilidad y contenci\u00f3n\u201d.<\/p>\n","protected":false},"excerpt":{"rendered":"<p>El jueves 9 de diciembre, en Villa Mar\u00eda (25 de Mayo 66), Federada Salud present\u00f3 su nueva oficina en la ciudad. Luego del corte de cinta, el evento se traslad\u00f3 al Hotel Le Parc (Corrientes 1236) ubicado a 50 metros de la nueva oficina, donde se realiz\u00f3 un c\u00f3ctel para celebrar este acontecimiento. Federada Salud [&hellip;]<\/p>\n","protected":false},"author":1,"featured_media":37714,"comment_status":"closed","ping_status":"closed","sticky":false,"template":"","format":"standard","meta":[],"categories":[25],"tags":[],"_links":{"self":[{"href":"http:\/\/cordobadirecto.com\/index.php\/wp-json\/wp\/v2\/posts\/37713"}],"collection":[{"href":"http:\/\/cordobadirecto.com\/index.php\/wp-json\/wp\/v2\/posts"}],"about":[{"href":"http:\/\/cordobadirecto.com\/index.php\/wp-json\/wp\/v2\/types\/post"}],"author":[{"embeddable":true,"href":"http:\/\/cordobadirecto.com\/index.php\/wp-json\/wp\/v2\/users\/1"}],"replies":[{"embeddable":true,"href":"http:\/\/cordobadirecto.com\/index.php\/wp-json\/wp\/v2\/comments?post=37713"}],"version-history":[{"count":0,"href":"http:\/\/cordobadirecto.com\/index.php\/wp-json\/wp\/v2\/posts\/37713\/revisions"}],"wp:featuredmedia":[{"embeddable":true,"href":"http:\/\/cordobadirecto.com\/index.php\/wp-json\/wp\/v2\/media\/37714"}],"wp:attachment":[{"href":"http:\/\/cordobadirecto.com\/index.php\/wp-json\/wp\/v2\/media?parent=37713"}],"wp:term":[{"taxonomy":"category","embeddable":true,"href":"http:\/\/cordobadirecto.com\/index.php\/wp-json\/wp\/v2\/categories?post=37713"},{"taxonomy":"post_tag","embeddable":true,"href":"http:\/\/cordobadirecto.com\/index.php\/wp-json\/wp\/v2\/tags?post=37713"}],"curies":[{"name":"wp","href":"https:\/\/api.w.org\/{rel}","templated":true}]}}