{"id":37861,"date":"2022-01-08T13:20:00","date_gmt":"2022-01-08T13:20:00","guid":{"rendered":"http:\/\/cordobadirecto.com\/index.php\/2022\/01\/08\/la-tercera-temporada-de-la-subversiva-serie-de-superheroes-the-boys-llegara-en-junio\/"},"modified":"2022-01-08T13:20:00","modified_gmt":"2022-01-08T13:20:00","slug":"la-tercera-temporada-de-la-subversiva-serie-de-superheroes-the-boys-llegara-en-junio","status":"publish","type":"post","link":"http:\/\/cordobadirecto.com\/index.php\/2022\/01\/08\/la-tercera-temporada-de-la-subversiva-serie-de-superheroes-the-boys-llegara-en-junio\/","title":{"rendered":"La tercera temporada de la subversiva serie de superh\u00e9roes &#8220;The Boys&#8221; llegar\u00e1 en junio"},"content":{"rendered":"<figure class=\"mb-3\"><img loading=\"lazy\" src=\"http:\/\/cordobadirecto.com\/wp-content\/uploads\/2022\/01\/la-tercera-temporada-de-la-subversiva-serie-de-superheroes-the-boys-llegara-en-junio.jpg\" width=\"100%\" height=\"100%\" alt=\"La serie fue creada por Eric Kripke en base a la novela grfica de Garth Ennis y Darick Robertson\"><figcaption> La serie fue creada por Eric Kripke en base a la novela gr\u00e1fica de Garth Ennis y Darick Robertson. <\/figcaption><\/figure>\n<p>La tercera temporada de la serie de acci\u00f3n y comedia negra &#8220;The Boys&#8221;, que con una propuesta subversiva y par\u00f3dica le da una potente vuelta de tuerca al muchas veces trillado g\u00e9nero de superh\u00e9roes, confirm\u00f3 su fecha de estreno en la plataforma de streaming Amazon Prime Video para el pr\u00f3ximo viernes 3 de junio.<\/p>\n<p>La tira, que desde su lanzamiento obtuvo distintas nominaciones en premios como los Emmy y los del Sindicato de Actores de Estados Unidos, <strong>llegar\u00e1 al streaming con los tres primeros episodios de esta nueva entrega, que constar\u00e1 de otros cinco cap\u00edtulos que estar\u00e1n disponibles de manera semanal cada viernes.<\/strong><\/p>\n<blockquote class=\"instagram-media\" data-instgrm-captioned data-instgrm-permalink=\"https:\/\/www.instagram.com\/tv\/CYb5Ew1hVL-\/?utm_source=ig_embed&amp;utm_campaign=loading\" data-instgrm-version=\"14\" readability=\"-0.24418604651163\"><\/blockquote>\n<p>Creada por Eric Kripke en base a la novela gr\u00e1fica de Garth Ennis y Darick Robertson, &#8220;The Boys&#8221; sale del molde de aquellas historias sobre seres sobrehumanos y superpoderosos que son moralmente intachables en su misi\u00f3n por proteger a la humanidad, y en cambio propone un escenario en el que los personajes no s\u00f3lo tienen una mayor profundidad psicol\u00f3gica sino m\u00e9todos muy cuestionables.<\/p>\n<p><strong>Publicada originalmente en 2006, el c\u00f3mic fue en ese sentido un trastocamiento definitivo del subg\u00e9nero, en el que los superh\u00e9roes son verdaderos monstruos y los que aparentan conformar el grupo de antagonistas son en realidad los buenos del relato.<\/strong><\/p>\n<p><strong>Con esa premisa y el protag\u00f3nico del neoceland\u00e9s Karl Urban (&#8220;El se\u00f1or de los anillos&#8221;, &#8220;Star Trek &#8211; El futuro comienza&#8221;)<\/strong>, &#8220;The Boys&#8221; sigue a un equipo de desclasados que tienen cuentas personales que cobrarle a los &#8220;Supes&#8221;, como se denomina en la serie a los superh\u00e9roes.<\/p>\n<figure class=\"mb-3\"><img loading=\"lazy\" src=\"http:\/\/cordobadirecto.com\/wp-content\/uploads\/2022\/01\/la-tercera-temporada-de-la-subversiva-serie-de-superheroes-the-boys-llegara-en-junio-1.jpg\" width=\"100%\" height=\"100%\" alt=\"Desde su lanzamiento obtuvo distintas nominaciones en premios como los Emmy y los del Sindicato de Actores de EEUU\"><figcaption> Desde su lanzamiento obtuvo distintas nominaciones en premios como los Emmy y los del Sindicato de Actores de EEUU. <\/figcaption><\/figure>\n<h2 class>El resto del elenco<\/h2>\n<p>Liderado por Urban en el rol de Butcher (o El Carnicero), el grupo se conforma tambi\u00e9n por Hughie (Jack Quaid), Mother&#8217;s Milk (Laz Alonso), Frenchie (Tomer Capon) y Kimiko (Karen Fukuhara), quienes con aliados y enemigos circunstanciales y no tanto, dan la pelea para desenmascarar a la corrupta corporaci\u00f3n Vaught, que utiliza su estructura para mantener un orden econ\u00f3mico y pol\u00edtico a nivel mundial a trav\u00e9s de la creaci\u00f3n de humanos con capacidades mejoradas.<\/p>\n<p>Antony Starr (&#8220;Banshee&#8221;), Erin Moriarty (&#8220;True Detective&#8221;), Dominique McElligott (&#8220;House of Cards&#8221;), Jessie T. Usher (&#8220;D\u00eda de la Independencia: Contraataque&#8221;), Chace Crawford (&#8220;Gossip Girl&#8221;), Nathan Mitchell (&#8220;iZombie&#8221;), Colby Minifie (&#8220;Pienso en el final&#8221;) y Claudia Doumit (&#8220;Scandal&#8221;) retornar\u00e1n en esta nueva entrega con sus personajes ya conocidos, mientras que Jensen Ackles (&#8220;Supernatural&#8221;) se sumar\u00e1 al elenco con un nuevo papel en la historia. <\/p>\n","protected":false},"excerpt":{"rendered":"<p>La serie fue creada por Eric Kripke en base a la novela gr\u00e1fica de Garth Ennis y Darick Robertson. La tercera temporada de la serie de acci\u00f3n y comedia negra &#8220;The Boys&#8221;, que con una propuesta subversiva y par\u00f3dica le da una potente vuelta de tuerca al muchas veces trillado g\u00e9nero de superh\u00e9roes, confirm\u00f3 su [&hellip;]<\/p>\n","protected":false},"author":1,"featured_media":37862,"comment_status":"closed","ping_status":"closed","sticky":false,"template":"","format":"standard","meta":[],"categories":[20],"tags":[],"_links":{"self":[{"href":"http:\/\/cordobadirecto.com\/index.php\/wp-json\/wp\/v2\/posts\/37861"}],"collection":[{"href":"http:\/\/cordobadirecto.com\/index.php\/wp-json\/wp\/v2\/posts"}],"about":[{"href":"http:\/\/cordobadirecto.com\/index.php\/wp-json\/wp\/v2\/types\/post"}],"author":[{"embeddable":true,"href":"http:\/\/cordobadirecto.com\/index.php\/wp-json\/wp\/v2\/users\/1"}],"replies":[{"embeddable":true,"href":"http:\/\/cordobadirecto.com\/index.php\/wp-json\/wp\/v2\/comments?post=37861"}],"version-history":[{"count":0,"href":"http:\/\/cordobadirecto.com\/index.php\/wp-json\/wp\/v2\/posts\/37861\/revisions"}],"wp:featuredmedia":[{"embeddable":true,"href":"http:\/\/cordobadirecto.com\/index.php\/wp-json\/wp\/v2\/media\/37862"}],"wp:attachment":[{"href":"http:\/\/cordobadirecto.com\/index.php\/wp-json\/wp\/v2\/media?parent=37861"}],"wp:term":[{"taxonomy":"category","embeddable":true,"href":"http:\/\/cordobadirecto.com\/index.php\/wp-json\/wp\/v2\/categories?post=37861"},{"taxonomy":"post_tag","embeddable":true,"href":"http:\/\/cordobadirecto.com\/index.php\/wp-json\/wp\/v2\/tags?post=37861"}],"curies":[{"name":"wp","href":"https:\/\/api.w.org\/{rel}","templated":true}]}}