{"id":37863,"date":"2022-01-07T14:52:12","date_gmt":"2022-01-07T14:52:12","guid":{"rendered":"https:\/\/www.ole.com.ar\/autos\/silva-buen-viernes-dakar_0_8pLx46Ufq.html"},"modified":"2022-01-07T14:52:12","modified_gmt":"2022-01-07T14:52:12","slug":"el-pato-cerro-un-viernes-positivo","status":"publish","type":"post","link":"http:\/\/cordobadirecto.com\/index.php\/2022\/01\/07\/el-pato-cerro-un-viernes-positivo\/","title":{"rendered":"El Pato cerr\u00f3 un viernes positivo"},"content":{"rendered":"<p>Los Camiones disputaron su \u00faltima etapa antes del d\u00eda de descanso en el Dakar 2022, donde el chaque\u00f1o Juan Manuel Silva arrib\u00f3 25\u00b0. Mientras que Andrey Karginov logr\u00f3 la victoria.<\/p>\n<div class=\"sp__SM\">\n<div class=\"content-new \">\n<span class=\"tit-mobile\">Mir\u00e1 tambi\u00e9n<\/span><\/p>\n<div class=\"mg\">\n<div class=\"wrap-figure\">\n<picture>\n<a href=\"https:\/\/www.ole.com.ar\/autos\/terranova-gano-sexta-etapa_0_4nwJ-5r4H.html\" target=\"_self\" rel=\"noopener\"><br \/>\n<img class=\"img-responsive\" alt=\"Terranova festej\u00f3 en la sexta etapa\" src=\"http:\/\/cordobadirecto.com\/wp-content\/uploads\/2022\/01\/el-pato-cerro-un-viernes-positivo.jpg\" loading=\"lazy\"><br \/>\n<\/a>\n<\/picture>\n<\/div>\n<\/div><\/div>\n<\/div>\n<p><mark>Andrey Karginov gan\u00f3 la sexta etapa en un tiempo de 3h16m16.<\/mark> Segundo se ubic\u00f3 Dmitry Sotnikov a una diferencia de s\u00f3lo 9 segundos y por 45 a Eduardo Nikolaev.<mark> En tanto, Juan Manuel Silva arrib\u00f3 en el puesto n\u00famero 25, a 1h25 del ganador.<\/mark><\/p>\n<p>En la general, Sotnikov es el puntero con 22h25m45. Como escolta est\u00e1 Nikolaev 10m29 y tercero aparece Anton Shibalov a 38m17. <mark>El Pato Silva se ubica 25\u00b0.<\/mark><\/p>\n<div class=\"sp__SM\">\n<div class=\"content-new \">\n<span class=\"tit-mobile\">Mir\u00e1 tambi\u00e9n<\/span><\/p>\n<div class=\"mg\">\n<div class=\"wrap-figure\">\n<picture>\n<a href=\"https:\/\/www.ole.com.ar\/autos\/abandono-manuel-andujar_0_nIrIDvaDk.html\" target=\"_self\" rel=\"noopener\"><br \/>\n<img class=\"img-responsive\" alt=\"Se termin\u00f3 la ilusi\u00f3n\" src=\"http:\/\/cordobadirecto.com\/wp-content\/uploads\/2022\/01\/el-pato-cerro-un-viernes-positivo-1.jpg\" loading=\"lazy\"><br \/>\n<\/a>\n<\/picture>\n<\/div>\n<\/div><\/div>\n<\/div>\n<p>El s\u00e1bado no habr\u00e1 acci\u00f3n en el Dakar 2022, ya que se llevar\u00e1 a cabo el d\u00eda de descanso.<\/p>\n<div class=\"entry-tags\">\n<h2>TEMAS QUE APARECEN EN ESTA NOTA<\/h2>\n<\/p><\/div>\n","protected":false},"excerpt":{"rendered":"<p>Los Camiones disputaron su \u00faltima etapa antes del d\u00eda de descanso en el Dakar 2022, donde el chaque\u00f1o Juan Manuel Silva arrib\u00f3 25\u00b0. Mientras que Andrey Karginov logr\u00f3 la victoria. Mir\u00e1 tambi\u00e9n Andrey Karginov gan\u00f3 la sexta etapa en un tiempo de 3h16m16. Segundo se ubic\u00f3 Dmitry Sotnikov a una diferencia de s\u00f3lo 9 segundos [&hellip;]<\/p>\n","protected":false},"author":1,"featured_media":37864,"comment_status":"closed","ping_status":"closed","sticky":false,"template":"","format":"standard","meta":[],"categories":[21],"tags":[],"_links":{"self":[{"href":"http:\/\/cordobadirecto.com\/index.php\/wp-json\/wp\/v2\/posts\/37863"}],"collection":[{"href":"http:\/\/cordobadirecto.com\/index.php\/wp-json\/wp\/v2\/posts"}],"about":[{"href":"http:\/\/cordobadirecto.com\/index.php\/wp-json\/wp\/v2\/types\/post"}],"author":[{"embeddable":true,"href":"http:\/\/cordobadirecto.com\/index.php\/wp-json\/wp\/v2\/users\/1"}],"replies":[{"embeddable":true,"href":"http:\/\/cordobadirecto.com\/index.php\/wp-json\/wp\/v2\/comments?post=37863"}],"version-history":[{"count":0,"href":"http:\/\/cordobadirecto.com\/index.php\/wp-json\/wp\/v2\/posts\/37863\/revisions"}],"wp:featuredmedia":[{"embeddable":true,"href":"http:\/\/cordobadirecto.com\/index.php\/wp-json\/wp\/v2\/media\/37864"}],"wp:attachment":[{"href":"http:\/\/cordobadirecto.com\/index.php\/wp-json\/wp\/v2\/media?parent=37863"}],"wp:term":[{"taxonomy":"category","embeddable":true,"href":"http:\/\/cordobadirecto.com\/index.php\/wp-json\/wp\/v2\/categories?post=37863"},{"taxonomy":"post_tag","embeddable":true,"href":"http:\/\/cordobadirecto.com\/index.php\/wp-json\/wp\/v2\/tags?post=37863"}],"curies":[{"name":"wp","href":"https:\/\/api.w.org\/{rel}","templated":true}]}}