{"id":37879,"date":"2022-01-08T14:21:08","date_gmt":"2022-01-08T14:21:08","guid":{"rendered":"http:\/\/cordobadirecto.com\/index.php\/2022\/01\/08\/comienza-una-nueva-etapa-de-precios-cuidados-con-un-aumento-promedio-del-6-hoy\/"},"modified":"2022-01-08T14:21:08","modified_gmt":"2022-01-08T14:21:08","slug":"comienza-una-nueva-etapa-de-precios-cuidados-con-un-aumento-promedio-del-6-hoy","status":"publish","type":"post","link":"http:\/\/cordobadirecto.com\/index.php\/2022\/01\/08\/comienza-una-nueva-etapa-de-precios-cuidados-con-un-aumento-promedio-del-6-hoy\/","title":{"rendered":"Comienza una <b>nueva<\/b> etapa de Precios Cuidados con un aumento promedio del 6% | Hoy &#8230;"},"content":{"rendered":"<p>La Secretar\u00eda de Comercio Interior firmar\u00e1 este lunes con empresas productoras de alimentos y art\u00edculos de consumo masivo los acuerdos alcanzados&nbsp;&#8230; <\/p>\n","protected":false},"excerpt":{"rendered":"<p>La Secretar\u00eda de Comercio Interior firmar\u00e1 este lunes con empresas productoras de alimentos y art\u00edculos de consumo masivo los acuerdos alcanzados&nbsp;&#8230;<\/p>\n","protected":false},"author":1,"featured_media":0,"comment_status":"closed","ping_status":"closed","sticky":false,"template":"","format":"standard","meta":[],"categories":[40],"tags":[],"_links":{"self":[{"href":"http:\/\/cordobadirecto.com\/index.php\/wp-json\/wp\/v2\/posts\/37879"}],"collection":[{"href":"http:\/\/cordobadirecto.com\/index.php\/wp-json\/wp\/v2\/posts"}],"about":[{"href":"http:\/\/cordobadirecto.com\/index.php\/wp-json\/wp\/v2\/types\/post"}],"author":[{"embeddable":true,"href":"http:\/\/cordobadirecto.com\/index.php\/wp-json\/wp\/v2\/users\/1"}],"replies":[{"embeddable":true,"href":"http:\/\/cordobadirecto.com\/index.php\/wp-json\/wp\/v2\/comments?post=37879"}],"version-history":[{"count":0,"href":"http:\/\/cordobadirecto.com\/index.php\/wp-json\/wp\/v2\/posts\/37879\/revisions"}],"wp:attachment":[{"href":"http:\/\/cordobadirecto.com\/index.php\/wp-json\/wp\/v2\/media?parent=37879"}],"wp:term":[{"taxonomy":"category","embeddable":true,"href":"http:\/\/cordobadirecto.com\/index.php\/wp-json\/wp\/v2\/categories?post=37879"},{"taxonomy":"post_tag","embeddable":true,"href":"http:\/\/cordobadirecto.com\/index.php\/wp-json\/wp\/v2\/tags?post=37879"}],"curies":[{"name":"wp","href":"https:\/\/api.w.org\/{rel}","templated":true}]}}