{"id":37892,"date":"2022-01-06T19:18:15","date_gmt":"2022-01-06T19:18:15","guid":{"rendered":"https:\/\/cordoba.gob.ar\/?p=19256"},"modified":"2022-01-06T19:18:15","modified_gmt":"2022-01-06T19:18:15","slug":"cloacas-3-mil-vecinos-del-cerro-de-las-rosas-se-podran-conectar-a-la-red-la-semana-proxima","status":"publish","type":"post","link":"http:\/\/cordobadirecto.com\/index.php\/2022\/01\/06\/cloacas-3-mil-vecinos-del-cerro-de-las-rosas-se-podran-conectar-a-la-red-la-semana-proxima\/","title":{"rendered":"Cloacas: 3 mil vecinos del Cerro de las Rosas se podr\u00e1n conectar a la red la semana pr\u00f3xima"},"content":{"rendered":"<div><img src=\"http:\/\/cordobadirecto.com\/wp-content\/uploads\/2022\/01\/cloacas-3-mil-vecinos-del-cerro-de-las-rosas-se-podran-conectar-a-la-red-la-semana-proxima.jpg\" class=\"ff-og-image-inserted\"><\/div>\n<ul>\n<li><strong>Se trata de frentistas de 18 manzanas que quedar\u00e1n habilitados para conectarse al servicio.<\/strong><\/li>\n<li><strong>La obra fue paralizada en el a\u00f1o 2019 y retomada por la actual gesti\u00f3n de gobierno.<\/strong><\/li>\n<\/ul>\n<hr>\n<p>Desde la semana pr\u00f3xima 3 mil vecinos que residen en 18 manzanas del Cerro de las Rosas podr\u00e1n conectarse a la nueva red cloacal que la gesti\u00f3n actual est\u00e1 finalizando en el sector comprendido por el cuadrante de la Av. Hugo Wast, Av. Rafael N\u00fa\u00f1ez, Gregorio y Gavier, Luis de Tejeda y Av. Fernando Fader.<\/p>\n<p>Se trata de una primera etapa la que se habilita en los pr\u00f3ximos d\u00edas, ya que faltan otras 9 manzanas de habilitarse, obra que concluir\u00e1 durante el primer cuatrimestre del corriente a\u00f1o.<\/p>\n<p>Esta primera etapa comenz\u00f3 a ejecutarse en la gesti\u00f3n anterior y qued\u00f3 paralizada en el a\u00f1o 2019 por falta de pago a la empresa.<\/p>\n<p>Hasta la fecha se concretaron 7.000 metros lineales de ca\u00f1er\u00eda con material de PVC de 160 mil\u00edmetros de di\u00e1metro y 1.800 metros de 250 mil\u00edmetros que descargan a un ducto de pl\u00e1stico reforzado con fibra de vidrio (PRFV) ejecutado por el Gobierno Provincial en la esquina de Av. Fernando Fader y Coronel Juan Beverina.<\/p>\n<p>El intendente Mart\u00edn Llaryora supervis\u00f3 los trabajos y expres\u00f3 su satisfacci\u00f3n por cumplir con los vecinos del sector en un servicio fundamental: <em>\u201cEstamos solucionando un problema de muchos a\u00f1os de los vecinos y una demanda del Centro Vecinal, culminando una obra de cloacas que beneficia a 3.000 vecinos\u201d<\/em>, expres\u00f3 el intendente en el lugar.<\/p>\n<p>En total, las obras contemplan la conexi\u00f3n a la red de 27 manzanas del barrio Cerro de las Rosas. <em>\u201cEstamos terminando la inspecci\u00f3n para habilitar 18 manzanas y continuar\u00e1n 9 m\u00e1s antes de que finalice el primer cuatrimestre de 2022. Estamos cumpliendo con una obra que hab\u00eda sido paralizada hace m\u00e1s de dos a\u00f1os\u201d<\/em>, fueron las palabras del subsecretario de Infraestructura, Juan Jos\u00e9 Tuninetti.<\/p>\n<p>Los frentistas habilitados para la conexi\u00f3n podr\u00e1n realizar el tr\u00e1mite correspondiente en la direcci\u00f3n de Redes Sanitarias, en el octavo piso del Palacio Municipal.<\/p>\n","protected":false},"excerpt":{"rendered":"<p>Se trata de frentistas de 18 manzanas que quedar\u00e1n habilitados para conectarse al servicio. La obra fue paralizada en el a\u00f1o 2019 y retomada por la actual gesti\u00f3n de gobierno. Desde la semana pr\u00f3xima 3 mil vecinos que residen en 18 manzanas del Cerro de las Rosas podr\u00e1n conectarse a la nueva red cloacal que [&hellip;]<\/p>\n","protected":false},"author":1,"featured_media":37893,"comment_status":"closed","ping_status":"closed","sticky":false,"template":"","format":"standard","meta":[],"categories":[44],"tags":[],"_links":{"self":[{"href":"http:\/\/cordobadirecto.com\/index.php\/wp-json\/wp\/v2\/posts\/37892"}],"collection":[{"href":"http:\/\/cordobadirecto.com\/index.php\/wp-json\/wp\/v2\/posts"}],"about":[{"href":"http:\/\/cordobadirecto.com\/index.php\/wp-json\/wp\/v2\/types\/post"}],"author":[{"embeddable":true,"href":"http:\/\/cordobadirecto.com\/index.php\/wp-json\/wp\/v2\/users\/1"}],"replies":[{"embeddable":true,"href":"http:\/\/cordobadirecto.com\/index.php\/wp-json\/wp\/v2\/comments?post=37892"}],"version-history":[{"count":0,"href":"http:\/\/cordobadirecto.com\/index.php\/wp-json\/wp\/v2\/posts\/37892\/revisions"}],"wp:featuredmedia":[{"embeddable":true,"href":"http:\/\/cordobadirecto.com\/index.php\/wp-json\/wp\/v2\/media\/37893"}],"wp:attachment":[{"href":"http:\/\/cordobadirecto.com\/index.php\/wp-json\/wp\/v2\/media?parent=37892"}],"wp:term":[{"taxonomy":"category","embeddable":true,"href":"http:\/\/cordobadirecto.com\/index.php\/wp-json\/wp\/v2\/categories?post=37892"},{"taxonomy":"post_tag","embeddable":true,"href":"http:\/\/cordobadirecto.com\/index.php\/wp-json\/wp\/v2\/tags?post=37892"}],"curies":[{"name":"wp","href":"https:\/\/api.w.org\/{rel}","templated":true}]}}