{"id":37894,"date":"2022-01-08T23:46:53","date_gmt":"2022-01-08T23:46:53","guid":{"rendered":"https:\/\/www.checkinmag.com\/?p=2487"},"modified":"2022-01-08T23:46:53","modified_gmt":"2022-01-08T23:46:53","slug":"llega-embalse-un-canto-a-la-vida","status":"publish","type":"post","link":"http:\/\/cordobadirecto.com\/index.php\/2022\/01\/08\/llega-embalse-un-canto-a-la-vida\/","title":{"rendered":"Llega \u201cEmbalse Un Canto a la Vida\u201d"},"content":{"rendered":"<div><img src=\"http:\/\/cordobadirecto.com\/wp-content\/uploads\/2022\/01\/llega-embalse-un-canto-a-la-vida.png\" class=\"ff-og-image-inserted\"><\/div>\n<p>El<strong>&nbsp;Festival \u201cEmbalse Un canto a la vida\u201d<\/strong>&nbsp;en la ciudad del lago m\u00e1s grande de la provincia de C\u00f3rdoba, presenta su&nbsp;<strong>36\u00b0 edici\u00f3n que se llevar\u00e1 a cabo el 21, 22 y 23 de enero de 2022 en el predio de la parroquia Nuestra Se\u00f1ora de Loreto, ubicado a metros de la ruta Pcial N\u00ba5.<\/strong><\/p>\n<p>Durante tres noches,&nbsp;<strong>Embalse de Calamuchita<\/strong>&nbsp;se reencontrar\u00e1 con visitantes de toda la provincia que vivir\u00e1n un Festival con toda la m\u00edstica de su m\u00fasica, su baile y su gastronom\u00eda; y que, adem\u00e1s, durante el d\u00eda disfrutar\u00e1n de un entorno natural \u00fanico y de actividades n\u00e1uticas y recreativas para toda la familia.<\/p>\n<p><strong>Este Festival, consagrado como uno de los m\u00e1s importantes del interior de C\u00f3rdoba, presentar\u00e1 una grilla al p\u00fablico con artistas de importante trayectoria.&nbsp;<\/strong><\/p>\n<p><strong>El viernes 21<\/strong>, ser\u00e1 la presentaci\u00f3n del grupo&nbsp;<strong>Los Tekis<\/strong>, con toda la alegr\u00eda de la m\u00fasica juje\u00f1a y&nbsp;<strong>Destino San Javier<\/strong>, quienes recorren los escenarios del pa\u00eds transmitiendo el legado del folclore rom\u00e1ntico. El&nbsp;<strong>s\u00e1bado 22<\/strong>, con m\u00e1s de tres d\u00e9cadas de carrera y un amplio repertorio, volver\u00e1n&nbsp;<strong>Los Nocheros<\/strong>&nbsp;a nuestro festival y&nbsp;<strong>Magui Olave<\/strong>, la voz femenina del cuarteto cordob\u00e9s. Adem\u00e1s, se presentar\u00e1 el&nbsp;<strong>Of. Gordillo<\/strong>, el humorista m\u00e1s convocante del momento. La&nbsp;<strong>\u00faltima noche<\/strong>, contar\u00e1 con la presencia de&nbsp;<strong>Jorge Rojas<\/strong>&nbsp;sobre el escenario, uno de los referentes m\u00e1s importantes del folclore nacional junto a&nbsp;<strong>Fabricio Rodr\u00edguez<\/strong>, cantautor y virtuoso armonicista argentino, entre otros artistas, humoristas y bailarines invitados.<\/p>\n<p><strong>Programaci\u00f3n<\/strong><br \/><strong>Viernes 21<\/strong>: Los Tekis, con toda la alegr\u00eda de la m\u00fasica juje\u00f1a y Destino San Javier, quienes recorren los escenarios del pa\u00eds transmitiendo el legado del folclore rom\u00e1ntico.<\/p>\n<p><strong>S\u00e1bado 22:<\/strong>&nbsp;Los Nocheros vuelven a nuestro festival presentando su amplio repertorio folcl\u00f3rico, Magui Olave, la voz femenina del cuarteto y el Of. Gordillo, el humorista m\u00e1s convocante del momento.<\/p>\n<p><strong>Domingo 23<\/strong>: Jorge Rojas, uno de los referentes m\u00e1s importantes del folclore nacional junto a Fabricio Rodr\u00edguez, cantautor y armonicista distinguido.<\/p>\n<p><strong>Cada noche formar\u00e1n parte de la grilla del Festival, artistas locales y regionales de la m\u00fasica y la danza.<\/strong><\/p>\n<p>El evento se desarrollar\u00e1 en el marco del cumplimiento de las medidas de bioseguridad vigentes. Habr\u00e1 puestos de sanitizaci\u00f3n y control sanitario en los ingresos al predio y se deber\u00e1 exhibir carnet de vacunaci\u00f3n o libreta sanitaria COVID con esquema completo de vacunas.<\/p>\n<p>Adem\u00e1s, habr\u00e1 puestos fijos de testeo y de control preventivo de la salud.<\/p>\n<p>Nos esperan tres noches inolvidables para disfrutar del evento m\u00e1s esperado de la regi\u00f3n, seguinos en redes!<\/p>\n<p>REDES SOCIALES<\/p>\n<p>Face: Municipalidad de Embalse<br \/>Embalse Un Canto a la Vida<br \/>Instagram: @muniembalse<br \/>@festivalembalseuncantoalavida<br \/>Twiter: @MuniEmbalse<\/p>\n<p><strong>BONO SOLIDARIO EN EL MARCO DEL PROGRAMA DE FORTALECIMIENTO INSTITUCIONAL<\/strong><\/p>\n<p>BONO LAS TRES NOCHES\u2026\u2026\u2026\u2026\u2026\u2026\u2026\u2026\u2026\u2026\u2026\u2026..$1200 (1 entrada por noche)<\/p>\n<p><strong>VALOR ENTRADA GENERAL&nbsp;<\/strong><\/p>\n<p>VIERNES 21 \u2026\u2026\u2026\u2026\u2026\u2026\u2026\u2026\u2026\u2026\u2026\u2026\u2026\u2026\u2026\u2026\u2026\u2026\u2026.. $500<br \/>S\u00c1BADO 22\u2026\u2026\u2026\u2026\u2026\u2026\u2026\u2026\u2026\u2026\u2026\u2026\u2026\u2026\u2026\u2026\u2026\u2026\u2026\u2026.$500<br \/>DOMINO 23\u2026\u2026\u2026\u2026\u2026\u2026\u2026\u2026\u2026\u2026\u2026\u2026\u2026\u2026\u2026\u2026\u2026\u2026\u2026\u2026.$500<\/p>\n<p><strong>VALOR ENTRADA PREFERENCIAL<\/strong><\/p>\n<p>VIERNES 21 \u2026\u2026\u2026\u2026\u2026\u2026\u2026\u2026\u2026\u2026\u2026\u2026\u2026\u2026\u2026\u2026\u2026\u2026\u2026.. $2000<br \/>S\u00c1BADO 22\u2026\u2026\u2026\u2026\u2026\u2026\u2026\u2026\u2026\u2026\u2026\u2026\u2026\u2026\u2026\u2026\u2026\u2026\u2026\u2026.$2000<br \/>DOMINO 23\u2026\u2026\u2026\u2026\u2026\u2026\u2026\u2026\u2026\u2026\u2026\u2026\u2026\u2026\u2026\u2026\u2026\u2026\u2026\u2026.$2000<\/p>\n<p>*MENORES DE 16 A\u00d1OS NO ABONAN ENTRADA<br \/>*PERSONAS CON DISCAPACIDAD Y UN ACOMPA\u00d1ANTE INGRESAN SIN CARGO.<\/p>\n<p>Mas info :<a href=\"http:\/\/www.embalse.gov.ar\" data-type=\"URL\" data-id=\"www.embalse.gov.ar\"> www.embalse.gov.ar<\/a><\/p>\n","protected":false},"excerpt":{"rendered":"<p>El&nbsp;Festival \u201cEmbalse Un canto a la vida\u201d&nbsp;en la ciudad del lago m\u00e1s grande de la provincia de C\u00f3rdoba, presenta su&nbsp;36\u00b0 edici\u00f3n que se llevar\u00e1 a cabo el 21, 22 y 23 de enero de 2022 en el predio de la parroquia Nuestra Se\u00f1ora de Loreto, ubicado a metros de la ruta Pcial N\u00ba5. Durante tres [&hellip;]<\/p>\n","protected":false},"author":1,"featured_media":37895,"comment_status":"closed","ping_status":"closed","sticky":false,"template":"","format":"standard","meta":[],"categories":[22],"tags":[],"_links":{"self":[{"href":"http:\/\/cordobadirecto.com\/index.php\/wp-json\/wp\/v2\/posts\/37894"}],"collection":[{"href":"http:\/\/cordobadirecto.com\/index.php\/wp-json\/wp\/v2\/posts"}],"about":[{"href":"http:\/\/cordobadirecto.com\/index.php\/wp-json\/wp\/v2\/types\/post"}],"author":[{"embeddable":true,"href":"http:\/\/cordobadirecto.com\/index.php\/wp-json\/wp\/v2\/users\/1"}],"replies":[{"embeddable":true,"href":"http:\/\/cordobadirecto.com\/index.php\/wp-json\/wp\/v2\/comments?post=37894"}],"version-history":[{"count":0,"href":"http:\/\/cordobadirecto.com\/index.php\/wp-json\/wp\/v2\/posts\/37894\/revisions"}],"wp:featuredmedia":[{"embeddable":true,"href":"http:\/\/cordobadirecto.com\/index.php\/wp-json\/wp\/v2\/media\/37895"}],"wp:attachment":[{"href":"http:\/\/cordobadirecto.com\/index.php\/wp-json\/wp\/v2\/media?parent=37894"}],"wp:term":[{"taxonomy":"category","embeddable":true,"href":"http:\/\/cordobadirecto.com\/index.php\/wp-json\/wp\/v2\/categories?post=37894"},{"taxonomy":"post_tag","embeddable":true,"href":"http:\/\/cordobadirecto.com\/index.php\/wp-json\/wp\/v2\/tags?post=37894"}],"curies":[{"name":"wp","href":"https:\/\/api.w.org\/{rel}","templated":true}]}}