{"id":38016,"date":"2022-01-09T13:20:08","date_gmt":"2022-01-09T13:20:08","guid":{"rendered":"http:\/\/cordobadirecto.com\/index.php\/2022\/01\/09\/nadal-corono-su-vuelta-al-circuito-con-el-titulo-del-atp-de-melbourne\/"},"modified":"2022-01-09T13:20:08","modified_gmt":"2022-01-09T13:20:08","slug":"nadal-corono-su-vuelta-al-circuito-con-el-titulo-del-atp-de-melbourne","status":"publish","type":"post","link":"http:\/\/cordobadirecto.com\/index.php\/2022\/01\/09\/nadal-corono-su-vuelta-al-circuito-con-el-titulo-del-atp-de-melbourne\/","title":{"rendered":"Nadal coron\u00f3 su vuelta al circuito con el t\u00edtulo del ATP de Melbourne"},"content":{"rendered":"<figure class=\"mb-3\"><img loading=\"lazy\" src=\"http:\/\/cordobadirecto.com\/wp-content\/uploads\/2022\/01\/nadal-corono-su-vuelta-al-circuito-con-el-titulo-del-atp-de-melbourne.jpg\" width=\"100%\" height=\"100%\" alt=\"Luego de cinco meses sin jugar Nadal se impuso en el torneo de Melbourne \"><figcaption> Luego de cinco meses sin jugar, Nadal se impuso en el torneo de Melbourne. <\/figcaption><\/figure>\n<p>En la semana de su regreso al circuito ATP despu\u00e9s de cinco meses, el espa\u00f1ol <strong>Rafael Nadal se consagr\u00f3 campe\u00f3n del torneo Summer Set de Melbourne<\/strong>, pr\u00f3logo del Abierto de Australia, al vencer en la final al estadounidense Maxime Cressy por 7-6 (6) y 6-3.<\/p>\n<p>Nadal, de 35 a\u00f1os y sexto del ranking mundial, le puso fin a la temporada 2021 en agosto en Washington y luego <a href=\"https:\/\/www.telam.com.ar\/notas\/202108\/565704-rafael-nadal-tenis-temporada-lesion.html\" target=\"_blank\" rel=\"noopener\">luch\u00f3 contra una lesi\u00f3n en el pie izquierdo<\/a> y <a href=\"https:\/\/www.telam.com.ar\/notas\/202112\/578442-rafa-nadal-coronavirus.html\" target=\"_blank\" rel=\"noopener\">frente al Covid-19 en diciembre<\/a>.<\/p>\n<p>El espa\u00f1ol consigui\u00f3 el t\u00edtulo n\u00famero 89 de su carrera y llega as\u00ed en forma para el Aus Open, donde buscar\u00e1 quedar como m\u00e1ximo ganador de torneos de Grand Slam en la historia.<\/p>\n<p>Actualmente comparte ese privilegio con el serbio <strong>Novak Djokovic<\/strong> y el suizo <strong>Roger Federer<\/strong> con 20 conquistas.<\/p>\n<p>Nadal complet\u00f3 la semana sin perder un solo set y necesit\u00f3 de apenas tres partidos para ganar el torneo de Melbourne, ya que en la instancia de cuartos de final se vio beneficiado por la baja de su adversario. <\/p>\n","protected":false},"excerpt":{"rendered":"<p>Luego de cinco meses sin jugar, Nadal se impuso en el torneo de Melbourne. En la semana de su regreso al circuito ATP despu\u00e9s de cinco meses, el espa\u00f1ol Rafael Nadal se consagr\u00f3 campe\u00f3n del torneo Summer Set de Melbourne, pr\u00f3logo del Abierto de Australia, al vencer en la final al estadounidense Maxime Cressy por [&hellip;]<\/p>\n","protected":false},"author":1,"featured_media":38017,"comment_status":"closed","ping_status":"closed","sticky":false,"template":"","format":"standard","meta":[],"categories":[21],"tags":[],"_links":{"self":[{"href":"http:\/\/cordobadirecto.com\/index.php\/wp-json\/wp\/v2\/posts\/38016"}],"collection":[{"href":"http:\/\/cordobadirecto.com\/index.php\/wp-json\/wp\/v2\/posts"}],"about":[{"href":"http:\/\/cordobadirecto.com\/index.php\/wp-json\/wp\/v2\/types\/post"}],"author":[{"embeddable":true,"href":"http:\/\/cordobadirecto.com\/index.php\/wp-json\/wp\/v2\/users\/1"}],"replies":[{"embeddable":true,"href":"http:\/\/cordobadirecto.com\/index.php\/wp-json\/wp\/v2\/comments?post=38016"}],"version-history":[{"count":0,"href":"http:\/\/cordobadirecto.com\/index.php\/wp-json\/wp\/v2\/posts\/38016\/revisions"}],"wp:featuredmedia":[{"embeddable":true,"href":"http:\/\/cordobadirecto.com\/index.php\/wp-json\/wp\/v2\/media\/38017"}],"wp:attachment":[{"href":"http:\/\/cordobadirecto.com\/index.php\/wp-json\/wp\/v2\/media?parent=38016"}],"wp:term":[{"taxonomy":"category","embeddable":true,"href":"http:\/\/cordobadirecto.com\/index.php\/wp-json\/wp\/v2\/categories?post=38016"},{"taxonomy":"post_tag","embeddable":true,"href":"http:\/\/cordobadirecto.com\/index.php\/wp-json\/wp\/v2\/tags?post=38016"}],"curies":[{"name":"wp","href":"https:\/\/api.w.org\/{rel}","templated":true}]}}