{"id":3802,"date":"2021-03-29T08:50:02","date_gmt":"2021-03-29T08:50:02","guid":{"rendered":"https:\/\/puntoapunto.com.ar\/?p=275282"},"modified":"2021-03-29T08:50:02","modified_gmt":"2021-03-29T08:50:02","slug":"cordoba-en-off-reencuentro-de-schiaretti-con-gill-en-villa-maria","status":"publish","type":"post","link":"http:\/\/cordobadirecto.com\/index.php\/2021\/03\/29\/cordoba-en-off-reencuentro-de-schiaretti-con-gill-en-villa-maria\/","title":{"rendered":"C\u00f3rdoba en off: Reencuentro de Schiaretti con Gill en Villa Mar\u00eda"},"content":{"rendered":"<p><!-- image --><\/p>\n<div class=\"td-post-featured-image\"><a href=\"http:\/\/cordobadirecto.com\/wp-content\/uploads\/2021\/03\/cordoba-en-off-reencuentro-de-schiaretti-con-gill-en-villa-maria-6.jpg\" data-caption><img loading=\"lazy\" width=\"696\" height=\"392\" class=\"entry-thumb td-modal-image\" src=\"http:\/\/cordobadirecto.com\/wp-content\/uploads\/2021\/03\/cordoba-en-off-reencuentro-de-schiaretti-con-gill-en-villa-maria.jpg\" srcset=\"http:\/\/cordobadirecto.com\/wp-content\/uploads\/2021\/03\/cordoba-en-off-reencuentro-de-schiaretti-con-gill-en-villa-maria.jpg 696w, http:\/\/cordobadirecto.com\/wp-content\/uploads\/2021\/03\/cordoba-en-off-reencuentro-de-schiaretti-con-gill-en-villa-maria-2.jpg 300w, http:\/\/cordobadirecto.com\/wp-content\/uploads\/2021\/03\/cordoba-en-off-reencuentro-de-schiaretti-con-gill-en-villa-maria-3.jpg 768w, http:\/\/cordobadirecto.com\/wp-content\/uploads\/2021\/03\/cordoba-en-off-reencuentro-de-schiaretti-con-gill-en-villa-maria-4.jpg 150w, http:\/\/cordobadirecto.com\/wp-content\/uploads\/2021\/03\/cordoba-en-off-reencuentro-de-schiaretti-con-gill-en-villa-maria-5.jpg 747w, http:\/\/cordobadirecto.com\/wp-content\/uploads\/2021\/03\/cordoba-en-off-reencuentro-de-schiaretti-con-gill-en-villa-maria-6.jpg 960w\" sizes=\"(max-width: 696px) 100vw, 696px\" alt title=\"20210328schiarettigill-1151195\"><\/a><\/div>\n<p> <!-- content --><\/p>\n<div class=\"td-a-rec td-a-rec-id-content_top tdi_66_949 td_block_template_10\">\n<div class=\"g g-34\">\n<div class=\"g-single a-299\"><a class=\"gofollow\" data-track=\"Mjk5LDM0LDEsNjA=\" href=\"http:\/\/www.grupocanter.com.ar\/landing\/blanqueo\/pap\/?utm_source=Punto%20a%20Punto&amp;utm_medium=Banners&amp;utm_campaign=Blanqueo&amp;utm_term=950x187\"><img src=\"http:\/\/cordobadirecto.com\/wp-content\/uploads\/2021\/03\/cordoba-en-off-reencuentro-de-schiaretti-con-gill-en-villa-maria.gif\"><\/a><\/div>\n<\/div>\n<\/div>\n<p>Para algunos pas\u00f3 casi desapercibido lo que ocurri\u00f3 el viernes por la tarde en Villa Mar\u00eda. Pero lo cierto es que, en el c\u00f3digo peronista, el reencuentro del gobernador Juan Schiaretti y el intendente de la ciudad en uso de licencia, actual Secretario de Obras P\u00fablicas de Naci\u00f3n, Mart\u00edn Gill, fue muy comentado en el \u00e1mbito del PJ local.<\/p>\n<p>En primer lugar, porque hac\u00eda un tiempo que no se ve\u00edan y hasta hab\u00edan crecido no solo los rumores de distanciamiento sino tambi\u00e9n de enojo del titular del Panal para con el hombre del sudeste. Y segundo, porque el reencuentro se produjo el mismo d\u00eda que el Frente de Todos, con Carlos Caserio y Olga Riutort a la cabeza, arranc\u00f3 el despliegue en la ciudad de C\u00f3rdoba.<\/p>\n<p>\u201cArranc\u00f3 el TEG\u201d, dijo un joven dirigente de la capital cordobesa y agreg\u00f3: \u201cCarlos puso una ficha ac\u00e1 y \u2018el Gringo\u2019 desembarc\u00f3 en Villa Mar\u00eda para la foto con Gill, con el que Schiaretti sabe que hay distancia por parte de Caserio\u201d. \u00bfEl motivo? La inauguraci\u00f3n de un monumento al primer gobernador de C\u00f3rdoba, Juan Bautista Bustos; que, como se sabe, es el pr\u00f3cer preferido del actual mandatario provincial. Otro gesto por parte de Gill, quien, dentro del Frente de Todos, se encuentra en el ala de los que van por el acercamiento al PJ provincial.<\/p>\n<h5><strong>Sigue la artiller\u00eda radical a toda m\u00e1quina<\/strong><\/h5>\n<p>La tensi\u00f3n en el radicalismo sigue escribiendo cap\u00edtulos. En Capital, la jugada de Javier Bee Sellares, de ir hasta las \u00faltimas consecuencias en el recuento oficial de la ciudad, le sigue imprimiendo condimentos a la disputa que el exlegislador tiene con el mestrismo. Y todos siguen de cerca qu\u00e9 es lo que suceder\u00e1 en esta disputa que tiene a un par de seccionales de la Capital en la mira. Lo cierto es que, entre esos que siguen mirando de reojo como se dirime la cuesti\u00f3n, aparecen aquellos que fueron por un an\u00e1lisis y se cruzaron en un caf\u00e9 de por medio con protocolos de ocasi\u00f3n.<\/p>\n<p>\u201cEl problema de Sumar fue no ponerlo a Miguel (Nicol\u00e1s) en la \u2018cocina\u2019 de esto; lo mandaron al living y se perdi\u00f3 ah\u00ed\u201d, dijo uno. Frase con la que un mestrista coincidi\u00f3 y le aport\u00f3 una queja sobre el an\u00e1lisis que hacen algunos sobre los diputados nacionales que le responden al exjefe comunal capitalino.<\/p>\n<p>\u201cTiene cuatro diputados. Igual que Schiaretti. Pero todos hablan del poder de fuego de los schiarettistas en el Congreso\u201d, se quej\u00f3; a lo que el otro respondi\u00f3: \u201cs\u00ed, es cierto. Aunque existe una gran diferencia entre los diputados schiarettistas y los mestristas: uno los sabe usar y el otro no\u201d.<\/p>\n<figure><picture><source srcset=\"http:\/\/cordobadirecto.com\/wp-content\/uploads\/2021\/03\/cordoba-en-off-reencuentro-de-schiaretti-con-gill-en-villa-maria-7.jpg\" media=\"(max-width: 350px)\" data-srcset=\"http:\/\/cordobadirecto.com\/wp-content\/uploads\/2021\/03\/cordoba-en-off-reencuentro-de-schiaretti-con-gill-en-villa-maria-7.jpg\"><source srcset=\"https:\/\/fotos.perfil.com\/2021\/03\/27\/540\/0\/20210328rodio-1151196.jpg\" media=\"(max-width: 600px)\" data-srcset=\"https:\/\/fotos.perfil.com\/2021\/03\/27\/540\/0\/20210328rodio-1151196.jpg\"><source srcset=\"https:\/\/fotos.perfil.com\/2021\/03\/27\/720\/0\/20210328rodio-1151196.jpg\" media=\"(max-width: 800px)\" data-srcset=\"https:\/\/fotos.perfil.com\/2021\/03\/27\/720\/0\/20210328rodio-1151196.jpg\"><img class=\"lazyload loaded\" src=\"http:\/\/cordobadirecto.com\/wp-content\/uploads\/2021\/03\/cordoba-en-off-reencuentro-de-schiaretti-con-gill-en-villa-maria-1.jpg\" alt=\"_20210328_rodio\" data-src=\"http:\/\/cordobadirecto.com\/wp-content\/uploads\/2021\/03\/cordoba-en-off-reencuentro-de-schiaretti-con-gill-en-villa-maria-1.jpg\" data-was-processed=\"true\"><\/picture><\/figure>\n<h5><strong>El tridente peronista que camina la ciudad mirando al 2023<\/strong><\/h5>\n<p>En silencio, casi de manera solapada entre la gesti\u00f3n y la recorrida partidaria, con miras al 2023, esta semana m\u00e1s de uno repar\u00f3 en el itinerario de los tres peronistas de la Capital que apuntan a la sucesi\u00f3n de Mart\u00edn Llaryora: el viceintendente, Daniel Passerini; el presidente de Tamse, Marcelo Rodio; y el secretario de Gobierno, Miguel Siciliano. Aunque, a decir verdad, como sostienen algunos peronistas de la ciudad, en el caso del integrante del gabinete llaryorista, tanto Siciliano como la titular del Coys, Victoria Flores, tienen aspiraciones y chances mirando hacia adelante. Lo concreto es que esta semana, con motivo del D\u00eda de la Memoria, la Verdad y la Justicia, el tridente se mostr\u00f3 en actos y con publicaciones en redes sociales.<\/p>\n<p>\u201cLos deja caminar, hay un gui\u00f1o para que haya gesti\u00f3n y recorrida\u201d, dijo un peronista acerca c\u00f3mo observa Llaryora el despliegue. \u201cCon un repaso por Instagram se ve el recorrido de los tres: Siciliano plant\u00f3 un \u00e1rbol, Passerini estuvo en el Cabildo y Rodio pint\u00f3 un mural. Ah, la disputa por los likes la gan\u00f3 el viceintendente\u201d, dijo un peronista que no desconoce para nada la tarea de los otros dos: \u201cMiguel lidera un espacio y Marcelo es hombre de Mart\u00edn. El tridente est\u00e1 en carrera\u201d.<\/p>\n<h5><strong>Pas\u00f3 Vidal, se viene Macri y se prepara Larreta&nbsp;<\/strong><\/h5>\n<p>El jueves en Buenos Aires se produjo una reuni\u00f3n de todos los integrantes de la Juventud del PRO a nivel nacional con el jefe de Gobierno porte\u00f1o, Horacio Rodr\u00edguez Larreta. Con presencia cordobesa, aquellos que participaron del encuentro con el alcalde porte\u00f1o contaron que est\u00e1 armando las valijas para desembarcar en C\u00f3rdoba.<\/p>\n<p>\u201cHabl\u00f3 un rato largo, muy distendido, cont\u00f3 acerca de la gesti\u00f3n y dijo que en unos meses arrancar\u00e1 las recorridas por el interior, y C\u00f3rdoba tiene una ficha importante. Sabe, obviamente, que estuvo (Mar\u00eda Eugenia) Vidal, que se viene (Mauricio) Macri y \u00e9l va a venir. Probablemente, en unos meses\u201d, dijo uno de los j\u00f3venes cordobeses.<\/p>\n<p>Ah, sobre la presencia de Vidal el lunes pasado en C\u00f3rdoba, un dirigente con peso entre los socios locales la apur\u00f3 para saber si jugar\u00e1 o no en las elecciones legislativas por Buenos Aires. \u201cLe dije que tiene que jugar. Si no, ellos meten los diputados que le faltan en territorio bonaerense y ya est\u00e1, listo. Sonamos. Aparte, si ella juega, Cristina baja a pelear. Olvidate\u201d, dispar\u00f3 el hombre.<\/p>\n<p><strong>Santos con la Coalici\u00f3n C\u00edvica, encuentro de s\u00e1bado&nbsp;<\/strong><br \/>El mediod\u00eda de este s\u00e1bado en C\u00f3rdoba se produjo el encuentro entre el exministro de Turismo de Naci\u00f3n, Gustavo Santos, y los integrantes de la Coalici\u00f3n C\u00edvica, el partido que en C\u00f3rdoba preside Gregorio Hern\u00e1ndez Maqueda. De hecho, el propio titular de la fuerza que a nivel nacional tiene como referente a Elisa Carri\u00f3, se encarg\u00f3 de se\u00f1alar que el encuentro que se produjo en la ma\u00f1ana de ayer, ser\u00e1 uno de los varios que tendr\u00e1n con los distintos dirigentes de Juntos por el Cambio con el objetivo de \u201cfortalecer el espacio\u201d. \u201cHay que trabajar para sostener la base electoral y sumar votos para detener al kirchnerismo\u201d, dijo Hern\u00e1ndez Maqueda. En tanto, Santos, que lleg\u00f3 a la reuni\u00f3n con sus asesores, viene recorriendo la provincia con el fin de encabezar la boleta a Diputados de Juntos por el Cambio.<\/p>\n<p>No tags for this post. <!-- A generated by theme --> <!-- end A --> <\/p>\n","protected":false},"excerpt":{"rendered":"<p>Para algunos pas\u00f3 casi desapercibido lo que ocurri\u00f3 el viernes por la tarde en Villa Mar\u00eda. Pero lo cierto es que, en el c\u00f3digo peronista, el reencuentro del gobernador Juan Schiaretti y el intendente de la ciudad en uso de licencia, actual Secretario de Obras P\u00fablicas de Naci\u00f3n, Mart\u00edn Gill, fue muy comentado en el [&hellip;]<\/p>\n","protected":false},"author":1,"featured_media":3803,"comment_status":"closed","ping_status":"closed","sticky":false,"template":"","format":"standard","meta":[],"categories":[25],"tags":[],"_links":{"self":[{"href":"http:\/\/cordobadirecto.com\/index.php\/wp-json\/wp\/v2\/posts\/3802"}],"collection":[{"href":"http:\/\/cordobadirecto.com\/index.php\/wp-json\/wp\/v2\/posts"}],"about":[{"href":"http:\/\/cordobadirecto.com\/index.php\/wp-json\/wp\/v2\/types\/post"}],"author":[{"embeddable":true,"href":"http:\/\/cordobadirecto.com\/index.php\/wp-json\/wp\/v2\/users\/1"}],"replies":[{"embeddable":true,"href":"http:\/\/cordobadirecto.com\/index.php\/wp-json\/wp\/v2\/comments?post=3802"}],"version-history":[{"count":0,"href":"http:\/\/cordobadirecto.com\/index.php\/wp-json\/wp\/v2\/posts\/3802\/revisions"}],"wp:featuredmedia":[{"embeddable":true,"href":"http:\/\/cordobadirecto.com\/index.php\/wp-json\/wp\/v2\/media\/3803"}],"wp:attachment":[{"href":"http:\/\/cordobadirecto.com\/index.php\/wp-json\/wp\/v2\/media?parent=3802"}],"wp:term":[{"taxonomy":"category","embeddable":true,"href":"http:\/\/cordobadirecto.com\/index.php\/wp-json\/wp\/v2\/categories?post=3802"},{"taxonomy":"post_tag","embeddable":true,"href":"http:\/\/cordobadirecto.com\/index.php\/wp-json\/wp\/v2\/tags?post=3802"}],"curies":[{"name":"wp","href":"https:\/\/api.w.org\/{rel}","templated":true}]}}