{"id":38048,"date":"2022-01-09T13:20:41","date_gmt":"2022-01-09T13:20:41","guid":{"rendered":"http:\/\/cordobadirecto.com\/index.php\/2022\/01\/09\/america-tv-con-nuevos-programas\/"},"modified":"2022-01-09T13:20:41","modified_gmt":"2022-01-09T13:20:41","slug":"america-tv-con-nuevos-programas","status":"publish","type":"post","link":"http:\/\/cordobadirecto.com\/index.php\/2022\/01\/09\/america-tv-con-nuevos-programas\/","title":{"rendered":"Am\u00e9rica TV con nuevos programas"},"content":{"rendered":"<figure class=\"mb-3\"><img loading=\"lazy\" src=\"http:\/\/cordobadirecto.com\/wp-content\/uploads\/2022\/01\/america-tv-con-nuevos-programas.jpg\" width=\"100%\" height=\"100%\" alt=\"La noche de la V que arranca este sbado la conductora estar acompaada por Seorita Bimbo Nacho Bulin el rapero Frescolate y una banda musical Foto Prensa\"><figcaption> &#8220;La noche de la V&#8221; que arranca este s\u00e1bado, la conductora estar\u00e1 acompa\u00f1ada por Se\u00f1orita Bimbo, Nacho Buli\u00e1n, el rapero Frescolate y una banda musical (Foto Prensa) <\/figcaption><\/figure>\n<p>Flor de la V, Diego Korol, Carla Conte, Leo Montero, Sabrina Rojas y el Tucu L\u00f3pez estrenan programas este domingo en Am\u00e9rica TV, canal en profunda reformulaci\u00f3n que se encuentra lanzando nuevas propuestas en enero.<\/p>\n<h2 class>12 horas &#8220;Pocas Pulgas&#8221;<\/h2>\n<p>Este domingo a las 12 es el estreno de &#8220;Pocas pulgas&#8221; un <strong>env\u00edo semanal en el que Leo Montero<\/strong> visita a famosos que presentan a los animales con los que viven.<\/p>\n<blockquote class=\"instagram-media\" data-instgrm-captioned data-instgrm-permalink=\"https:\/\/www.instagram.com\/tv\/CYeY-WHBjF0\/?utm_source=ig_embed&amp;utm_campaign=loading\" data-instgrm-version=\"14\" readability=\"-0.28767123287671\"><\/blockquote>\n<h2 class>13 horas &#8220;Recreo&#8221;<\/h2>\n<p>De 13 a 15 ser\u00e1 el turno de &#8220;Recreo&#8221;, con la <strong>conducci\u00f3n de Diego Korol y Carla Conte, programa de entretenimiento y actualidad con gran despliegue de producci\u00f3n pensado para la familia,<\/strong> que se emitir\u00e1 desde la terraza del Hotel Provincial de Mar del Plata.<\/p>\n<blockquote class=\"instagram-media\" data-instgrm-captioned data-instgrm-permalink=\"https:\/\/www.instagram.com\/reel\/CYUKG8YJJNx\/?utm_source=ig_embed&amp;utm_campaign=loading\" data-instgrm-version=\"14\" readability=\"-0.29166666666667\"><\/blockquote>\n<p>Participan tambi\u00e9n del env\u00edo, que contar\u00e1 con invitados, juegos en los balnearios, shows musicales y sorpresas, Nazareno Mottola y Emily Lucius como coequipers de Conte y Korol.<\/p>\n<h2 class>19.45 horas &#8220;Emparejados&#8221;<\/h2>\n<p>En tanto, a las 19.45 ser\u00e1 el turno de &#8220;Emparejados&#8221;, <strong>conducido por Sabrina Rojas y Tucu L\u00f3pez, un resumen semanal con las notas de actualidad y del espect\u00e1culo.<\/strong><\/p>\n<figure class=\"mb-3\"><img loading=\"lazy\" src=\"http:\/\/cordobadirecto.com\/wp-content\/uploads\/2022\/01\/america-tv-con-nuevos-programas-1.jpg\" width=\"100%\" height=\"100%\" alt=\"Sabrina Rojas y el Tucu Lpez Foto Prensa\"><figcaption> Sabrina Rojas y el Tucu L\u00f3pez (Foto Prensa). <\/figcaption><\/figure>\n<p>A los conductores se suma un equipo compuesto por la periodista D\u00e9bora D\u2019Amato, los locutores May Martorelli y Juan Etchegoyen y el ex Gran Hermano Sebasti\u00e1n Pollastro.<\/p>\n<p>Adem\u00e1s, cada domingo el programa recibe una pareja que visita el piso para hablar con los conductores de tem\u00e1ticas y din\u00e1micas de la pareja, desde relaciones abiertas hasta reglas de convivencia.<\/p>\n<h2 class>22 horas &#8220;La noche de la V&#8221;<\/h2>\n<p>A las 22, llega &#8220;La noche de la V&#8221;, <strong>programa de Florencia de la V que arranca este s\u00e1bado y tambi\u00e9n va los s\u00e1bados en el mismo horario.<\/strong><\/p>\n<p><strong>Un show divertido con figuras del espect\u00e1culo para vivir una noche de entretenimiento, juegos, risas y revelaciones.<\/strong><\/p>\n<figure class=\"mb-3\"><img loading=\"lazy\" src=\"http:\/\/cordobadirecto.com\/wp-content\/uploads\/2022\/01\/america-tv-con-nuevos-programas-2.jpg\" width=\"100%\" height=\"100%\" alt=\"Florencia de la V Foto Prensa\"><figcaption> Florencia de la V (Foto Prensa). <\/figcaption><\/figure>\n<p><strong>Junto a Flor estar\u00e1n la actriz y comediante Se\u00f1orita Bimbo, el humorista e imitador Nacho Buli\u00e1n, el rapero Frescolate, y el programa contar\u00e1 con una banda musical en vivo con la direcci\u00f3n musical de Pablo Citarella.<\/strong><\/p>\n<p>Juegos con los famosos, revelaciones exclusivas, entrevistas mano a mano, musicales en vivo, sketches con participaciones especiales y mucho humor promete el nuevo env\u00edo de Flor de la V. <\/p>\n","protected":false},"excerpt":{"rendered":"<p>&#8220;La noche de la V&#8221; que arranca este s\u00e1bado, la conductora estar\u00e1 acompa\u00f1ada por Se\u00f1orita Bimbo, Nacho Buli\u00e1n, el rapero Frescolate y una banda musical (Foto Prensa) Flor de la V, Diego Korol, Carla Conte, Leo Montero, Sabrina Rojas y el Tucu L\u00f3pez estrenan programas este domingo en Am\u00e9rica TV, canal en profunda reformulaci\u00f3n que [&hellip;]<\/p>\n","protected":false},"author":1,"featured_media":38049,"comment_status":"closed","ping_status":"closed","sticky":false,"template":"","format":"standard","meta":[],"categories":[20],"tags":[],"_links":{"self":[{"href":"http:\/\/cordobadirecto.com\/index.php\/wp-json\/wp\/v2\/posts\/38048"}],"collection":[{"href":"http:\/\/cordobadirecto.com\/index.php\/wp-json\/wp\/v2\/posts"}],"about":[{"href":"http:\/\/cordobadirecto.com\/index.php\/wp-json\/wp\/v2\/types\/post"}],"author":[{"embeddable":true,"href":"http:\/\/cordobadirecto.com\/index.php\/wp-json\/wp\/v2\/users\/1"}],"replies":[{"embeddable":true,"href":"http:\/\/cordobadirecto.com\/index.php\/wp-json\/wp\/v2\/comments?post=38048"}],"version-history":[{"count":0,"href":"http:\/\/cordobadirecto.com\/index.php\/wp-json\/wp\/v2\/posts\/38048\/revisions"}],"wp:featuredmedia":[{"embeddable":true,"href":"http:\/\/cordobadirecto.com\/index.php\/wp-json\/wp\/v2\/media\/38049"}],"wp:attachment":[{"href":"http:\/\/cordobadirecto.com\/index.php\/wp-json\/wp\/v2\/media?parent=38048"}],"wp:term":[{"taxonomy":"category","embeddable":true,"href":"http:\/\/cordobadirecto.com\/index.php\/wp-json\/wp\/v2\/categories?post=38048"},{"taxonomy":"post_tag","embeddable":true,"href":"http:\/\/cordobadirecto.com\/index.php\/wp-json\/wp\/v2\/tags?post=38048"}],"curies":[{"name":"wp","href":"https:\/\/api.w.org\/{rel}","templated":true}]}}