{"id":38054,"date":"2022-01-09T13:30:05","date_gmt":"2022-01-09T13:30:05","guid":{"rendered":"https:\/\/www.ole.com.ar\/autos\/copetti-da-pelea_0_aeJLIEkRu.html"},"modified":"2022-01-09T13:30:05","modified_gmt":"2022-01-09T13:30:05","slug":"copetti-fue-3-y-da-pelea-en-la-general","status":"publish","type":"post","link":"http:\/\/cordobadirecto.com\/index.php\/2022\/01\/09\/copetti-fue-3-y-da-pelea-en-la-general\/","title":{"rendered":"Copetti fue 3\u00b0 y da pelea en la general"},"content":{"rendered":"<p>La s\u00e9ptima etapa del Dakar 2022 para los Cuatriciclos tuvo 402 kil\u00f3metros de velocidad y uni\u00f3 Riyadh con Al Dawadimi, donde Pablo Copetti lleg\u00f3 en la tercera colocaci\u00f3n y sigue segundo en la general. A su vez, el triunfo fue para Marcelo Medeiros.<\/p>\n<div class=\"sp__SM\">\n<div class=\"content-new \">\n<span class=\"tit-mobile\">Mir\u00e1 tambi\u00e9n<\/span><\/p>\n<div class=\"mg\">\n<div class=\"wrap-figure\">\n<picture>\n<a href=\"https:\/\/www.ole.com.ar\/autos\/benavides-segundo-septima-etapa_0_chEloKdTi.html\" target=\"_self\" rel=\"noopener\"><br \/>\n<img class=\"img-responsive\" alt=\"Kevin Benavides tuvo una gran etapa y trep\u00f3 en la general\" src=\"http:\/\/cordobadirecto.com\/wp-content\/uploads\/2022\/01\/copetti-fue-3-y-da-pelea-en-la-general.jpg\" loading=\"lazy\"><br \/>\n<\/a>\n<\/picture>\n<\/div>\n<\/div><\/div>\n<\/div>\n<p><mark>Medeiros cronometr\u00f3 4h17m18 y se impuso en la etapa. Segundo finaliz\u00f3 Alexandre Giroud a una diferencia de 3m7s y tercero arrib\u00f3 Copetti a 16m36s. <\/mark>Mientras que cerraron el top five Aleksandr Maksimov y Kamil Wisniewski.<\/p>\n<p>Por su parte, <mark>Francisco Moreno fue el segundo mejor representante argentino de la etapa al finalizar en el sexto lugar a una diferencia de 27m24s de Medeiros.<\/mark><\/p>\n<p><mark>En la general, Giroud sigue como puntero con 29h28m54s. Como escolta est\u00e1 Copetti a una diferencia de 18m21s<\/mark> y tercero aparece Maksimov a 52m39s. Mientras que Moreno est\u00e1 quinto a 2h13m35s.<\/p>\n<div class=\"sp__SM\">\n<div class=\"content-new \">\n<span class=\"tit-mobile\">Mir\u00e1 tambi\u00e9n<\/span><\/p>\n<div class=\"mg\">\n<div class=\"wrap-figure\">\n<picture>\n<a href=\"https:\/\/www.ole.com.ar\/autos\/castera-hablo-dakar_0_CUdVoeAOD.html\" target=\"_self\" rel=\"noopener\"><br \/>\n<img class=\"img-responsive\" alt=\"&quot;No evaluamos la posibilidad de detener el Dakar&quot;\" src=\"http:\/\/cordobadirecto.com\/wp-content\/uploads\/2022\/01\/copetti-fue-3-y-da-pelea-en-la-general-1.jpg\" loading=\"lazy\"><br \/>\n<\/a>\n<\/picture>\n<\/div>\n<\/div><\/div>\n<\/div>\n<p>La etapa 8 para las Motos se realizar\u00e1 el lunes entre Al Dawadimi y Wadi Ad Dawasir con 435 kil\u00f3metros de enlace y 395 de especial.<\/p>\n<div class=\"entry-tags\">\n<h2>TEMAS QUE APARECEN EN ESTA NOTA<\/h2>\n<\/p><\/div>\n","protected":false},"excerpt":{"rendered":"<p>La s\u00e9ptima etapa del Dakar 2022 para los Cuatriciclos tuvo 402 kil\u00f3metros de velocidad y uni\u00f3 Riyadh con Al Dawadimi, donde Pablo Copetti lleg\u00f3 en la tercera colocaci\u00f3n y sigue segundo en la general. A su vez, el triunfo fue para Marcelo Medeiros. Mir\u00e1 tambi\u00e9n Medeiros cronometr\u00f3 4h17m18 y se impuso en la etapa. Segundo [&hellip;]<\/p>\n","protected":false},"author":1,"featured_media":38055,"comment_status":"closed","ping_status":"closed","sticky":false,"template":"","format":"standard","meta":[],"categories":[21],"tags":[],"_links":{"self":[{"href":"http:\/\/cordobadirecto.com\/index.php\/wp-json\/wp\/v2\/posts\/38054"}],"collection":[{"href":"http:\/\/cordobadirecto.com\/index.php\/wp-json\/wp\/v2\/posts"}],"about":[{"href":"http:\/\/cordobadirecto.com\/index.php\/wp-json\/wp\/v2\/types\/post"}],"author":[{"embeddable":true,"href":"http:\/\/cordobadirecto.com\/index.php\/wp-json\/wp\/v2\/users\/1"}],"replies":[{"embeddable":true,"href":"http:\/\/cordobadirecto.com\/index.php\/wp-json\/wp\/v2\/comments?post=38054"}],"version-history":[{"count":0,"href":"http:\/\/cordobadirecto.com\/index.php\/wp-json\/wp\/v2\/posts\/38054\/revisions"}],"wp:featuredmedia":[{"embeddable":true,"href":"http:\/\/cordobadirecto.com\/index.php\/wp-json\/wp\/v2\/media\/38055"}],"wp:attachment":[{"href":"http:\/\/cordobadirecto.com\/index.php\/wp-json\/wp\/v2\/media?parent=38054"}],"wp:term":[{"taxonomy":"category","embeddable":true,"href":"http:\/\/cordobadirecto.com\/index.php\/wp-json\/wp\/v2\/categories?post=38054"},{"taxonomy":"post_tag","embeddable":true,"href":"http:\/\/cordobadirecto.com\/index.php\/wp-json\/wp\/v2\/tags?post=38054"}],"curies":[{"name":"wp","href":"https:\/\/api.w.org\/{rel}","templated":true}]}}