{"id":38056,"date":"2022-01-09T11:49:01","date_gmt":"2022-01-09T11:49:01","guid":{"rendered":"https:\/\/www.ole.com.ar\/autos\/benavides-segundo-septima-etapa_0_chEloKdTi.html"},"modified":"2022-01-09T11:49:01","modified_gmt":"2022-01-09T11:49:01","slug":"kevin-benavides-tuvo-una-gran-etapa-y-trepo-en-la-general","status":"publish","type":"post","link":"http:\/\/cordobadirecto.com\/index.php\/2022\/01\/09\/kevin-benavides-tuvo-una-gran-etapa-y-trepo-en-la-general\/","title":{"rendered":"Kevin Benavides tuvo una gran etapa y trep\u00f3 en la general"},"content":{"rendered":"<p>El d\u00eda de descanso ya es historia y este domingo regres\u00f3 la actividad del Dakar 2022 con la s\u00e9ptima etapa del Dakar 2022 entre Riyadh y Al Dawadimi con 299 kil\u00f3metros de enlace y 402 de especial. Entre las Motos<mark>, el argentino Kevin Benavides se destac\u00f3 al culminar segundo y trepar al tercero puesto de la general. A su vez, Jos\u00e9 Ignacio Cornejo Florimo gan\u00f3.<\/mark><\/p>\n<div class=\"sp__SM\">\n<div class=\"content-new \">\n<span class=\"tit-mobile\">Mir\u00e1 tambi\u00e9n<\/span><\/p>\n<div class=\"mg\">\n<div class=\"wrap-figure\">\n<picture>\n<a href=\"https:\/\/www.ole.com.ar\/autos\/castera-hablo-dakar_0_CUdVoeAOD.html\" target=\"_self\" rel=\"noopener\"><br \/>\n<img class=\"img-responsive\" alt=\"&quot;No evaluamos la posibilidad de detener el Dakar&quot;\" src=\"http:\/\/cordobadirecto.com\/wp-content\/uploads\/2022\/01\/kevin-benavides-tuvo-una-gran-etapa-y-trepo-en-la-general.jpg\" loading=\"lazy\"><br \/>\n<\/a>\n<\/picture>\n<\/div>\n<\/div><\/div>\n<\/div>\n<p><mark>Cornejo Florimo cronometr\u00f3 3h28m46 y venci\u00f3 en la etapa. Dej\u00f3 como escolta a Kevin Benavides a s\u00f3lo 44 segundos y tercero lleg\u00f3 Joan Barreda Bort a una diferencia de 2m51s. <\/mark>Mientras que Luciano&nbsp;Benavides fue el segundo mejor argentino al llegar cuarto y quinto fue Lorenzo Santolino.<\/p>\n<p><mark>Adem\u00e1s, este domingo se produjo el abandono de Daniel Sanders, uno de los candidatos, quien protagoniz\u00f3 una ca\u00edda en el enlace. <\/mark>Al parecer en una rotonda, la moto perdi\u00f3 la estabilidad y el piloto se cay\u00f3. El golpe fue muy fuerte, el piloto se lesion\u00f3 un codo y no pudo ser de la partida en la etapa.<\/p>\n<p><mark>En la general, Adrien Van Beveren es el l\u00edder con 23h45m2s. Segundo se ubica Matthias Walkner a 5m12s y tercero aparece Kevin Benavides a 5m23s.<\/mark> Mientras que completan el top five Sam Sunderland y Santolino. A su vez, Luciano Benavides se posiciona 15\u00b0 y Diego Gamaliel Llanos 31\u00b0.<\/p>\n<div class=\"sp__SM\">\n<div class=\"content-new \">\n<span class=\"tit-mobile\">Mir\u00e1 tambi\u00e9n<\/span><\/p>\n<div class=\"mg\">\n<div class=\"wrap-figure\">\n<picture>\n<a href=\"https:\/\/www.ole.com.ar\/mundial\/mundial-qatar-202\/nasser-attiyah-mundial-qatar-argentin_0_symdlfVbb.html\" target=\"_self\" rel=\"noopener\"><br \/>\n<img class=\"img-responsive\" alt=\"Nasser Al-Attiyah: &quot;El Mundial estar\u00e1 entre Argentina, Francia e Italia&quot;\" src=\"http:\/\/cordobadirecto.com\/wp-content\/uploads\/2022\/01\/kevin-benavides-tuvo-una-gran-etapa-y-trepo-en-la-general-1.jpg\" loading=\"lazy\"><br \/>\n<\/a>\n<\/picture>\n<\/div>\n<\/div><\/div>\n<\/div>\n<p>La etapa 8 para las Motos se realizar\u00e1 el lunes entre Al Dawadimi y Wadi Ad Dawasir con 435 kil\u00f3metros de enlace y 395 de especial.<\/p>\n<div class=\"entry-tags\">\n<h2>TEMAS QUE APARECEN EN ESTA NOTA<\/h2>\n<\/p><\/div>\n","protected":false},"excerpt":{"rendered":"<p>El d\u00eda de descanso ya es historia y este domingo regres\u00f3 la actividad del Dakar 2022 con la s\u00e9ptima etapa del Dakar 2022 entre Riyadh y Al Dawadimi con 299 kil\u00f3metros de enlace y 402 de especial. Entre las Motos, el argentino Kevin Benavides se destac\u00f3 al culminar segundo y trepar al tercero puesto de [&hellip;]<\/p>\n","protected":false},"author":1,"featured_media":38057,"comment_status":"closed","ping_status":"closed","sticky":false,"template":"","format":"standard","meta":[],"categories":[21],"tags":[],"_links":{"self":[{"href":"http:\/\/cordobadirecto.com\/index.php\/wp-json\/wp\/v2\/posts\/38056"}],"collection":[{"href":"http:\/\/cordobadirecto.com\/index.php\/wp-json\/wp\/v2\/posts"}],"about":[{"href":"http:\/\/cordobadirecto.com\/index.php\/wp-json\/wp\/v2\/types\/post"}],"author":[{"embeddable":true,"href":"http:\/\/cordobadirecto.com\/index.php\/wp-json\/wp\/v2\/users\/1"}],"replies":[{"embeddable":true,"href":"http:\/\/cordobadirecto.com\/index.php\/wp-json\/wp\/v2\/comments?post=38056"}],"version-history":[{"count":0,"href":"http:\/\/cordobadirecto.com\/index.php\/wp-json\/wp\/v2\/posts\/38056\/revisions"}],"wp:featuredmedia":[{"embeddable":true,"href":"http:\/\/cordobadirecto.com\/index.php\/wp-json\/wp\/v2\/media\/38057"}],"wp:attachment":[{"href":"http:\/\/cordobadirecto.com\/index.php\/wp-json\/wp\/v2\/media?parent=38056"}],"wp:term":[{"taxonomy":"category","embeddable":true,"href":"http:\/\/cordobadirecto.com\/index.php\/wp-json\/wp\/v2\/categories?post=38056"},{"taxonomy":"post_tag","embeddable":true,"href":"http:\/\/cordobadirecto.com\/index.php\/wp-json\/wp\/v2\/tags?post=38056"}],"curies":[{"name":"wp","href":"https:\/\/api.w.org\/{rel}","templated":true}]}}