{"id":38058,"date":"2022-01-09T13:37:48","date_gmt":"2022-01-09T13:37:48","guid":{"rendered":"https:\/\/www.ole.com.ar\/futbol-ascenso\/b-nacional\/atletico-tucuman-43-anos_0_iYGgNXwP3.html"},"modified":"2022-01-09T13:37:48","modified_gmt":"2022-01-09T13:37:48","slug":"a-sus-43-anos-lucchetti-no-se-retira-donde-seguira-su-carrera","status":"publish","type":"post","link":"http:\/\/cordobadirecto.com\/index.php\/2022\/01\/09\/a-sus-43-anos-lucchetti-no-se-retira-donde-seguira-su-carrera\/","title":{"rendered":"A sus 43 a\u00f1os, Lucchetti no se retira: d\u00f3nde seguir\u00e1 su carrera"},"content":{"rendered":"<p><span><a href=\"https:\/\/www.ole.com.ar\/atletico-tucuman\/atletico-cristian-lucchetti-despedida_0_OqGbi_GGA.html\" target=\"_blank\" rel=\"noopener\">En su despedida de <strong>Atl\u00e9tico Tucum\u00e1n<\/strong> d\u00edas atr\u00e1s,<\/a> <strong><a alt=\"cristian-lucchetti\" class=\"slug\" href=\"https:\/\/www.ole.com.ar\/tema\/cristian-lucchetti.html\" target=\"_blank\" title=\"cristian-lucchetti\" rel=\"noopener\">Cristian Lucchetti<\/a> asegur\u00f3 que, a sus 43 a\u00f1os, analizar\u00eda las propuestas que le llegaran para continuar o no con su carrera profesional.<\/strong> El ofrecimiento lleg\u00f3 y el Laucha decidi\u00f3 dar el s\u00ed, sumando un nuevo equipo a su trayectoria y con posibilidades concretas de igualar un r\u00e9cord que posee nada menos que <a alt=\"hugo-orlando-gatti\" class=\"slug\" href=\"https:\/\/www.ole.com.ar\/tema\/hugo-orlando-gatti.html\" target=\"_blank\" title=\"hugo-orlando-gatti\" rel=\"noopener\">Hugo Orlando Gatti<\/a>.<\/span><\/p>\n<p>El arquero, que ven\u00eda siendo el futbolista m\u00e1s longevo en actividad de la Primera Divisi\u00f3n, <strong>est\u00e1 a un paso de cerrar su arribo a <a alt=\"gimnasia-de-jujuy\" class=\"slug\" href=\"https:\/\/www.ole.com.ar\/tema\/gimnasia-de-jujuy.html\" target=\"_blank\" title=\"gimnasia-de-jujuy\" rel=\"noopener\">Gimnasia de Jujuy<\/a>, de la <a alt=\"primera-nacional\" class=\"slug\" href=\"https:\/\/www.ole.com.ar\/tema\/primera-nacional.html\" target=\"_blank\" title=\"primera-nacional\" rel=\"noopener\">Primera Nacional<\/a>.<\/strong> Seg\u00fan inform\u00f3 la agencia T\u00e9lam, de palabra, el ex Banfield tendr\u00eda todo acordado para defender los tres palos del Lobo juje\u00f1o luego de casi diez temporadas de vestir la camiseta del Decano.<\/p>\n<div class=\"sp__SM\">\n<div class=\"content-new \">\n<span class=\"tit-mobile\">Mir\u00e1 tambi\u00e9n<\/span><\/p>\n<div class=\"mg\">\n<div class=\"wrap-figure\">\n<picture>\n<a href=\"https:\/\/www.ole.com.ar\/river-plate\/arranque-pretemporada-river_0_LntSkeDYX.html\" target=\"_self\" rel=\"noopener\"><br \/>\n<img class=\"img-responsive\" alt=\"Hisopados y viaje al Sur: as\u00ed ser\u00e1 la vuelta al trabajo de River\" src=\"http:\/\/cordobadirecto.com\/wp-content\/uploads\/2022\/01\/a-sus-43-anos-lucchetti-no-se-retira-donde-seguira-su-carrera.jpg\" loading=\"lazy\"><br \/>\n<\/a>\n<\/picture>\n<\/div>\n<\/div><\/div>\n<\/div>\n<div class=\"sp__Normal\">\n<div class=\"image-embeb image-trigger\" readability=\"6\">\n<picture><source media=\"(min-width: 720px)\" srcset=\"http:\/\/cordobadirecto.com\/wp-content\/uploads\/2022\/01\/a-sus-43-anos-lucchetti-no-se-retira-donde-seguira-su-carrera-1.jpg\"><img itemprop=\"image\" src=\"http:\/\/cordobadirecto.com\/wp-content\/uploads\/2022\/01\/a-sus-43-anos-lucchetti-no-se-retira-donde-seguira-su-carrera-1.jpg\" loading=\"lazy\" alt=\"Lucchetti est\u00e1 a un paso de sumarse a Gimnasia de Jujuy.\">\n<\/picture><figcaption readability=\"2\">\n<p>Lucchetti est\u00e1 a un paso de sumarse a Gimnasia de Jujuy.\n<\/p>\n<\/figcaption><\/div>\n<\/div>\n<div class=\"sp__SM\">\n<div class=\"content-new \">\n<span class=\"tit-mobile\">Mir\u00e1 tambi\u00e9n<\/span><\/p>\n<div class=\"mg\">\n<div class=\"wrap-figure\">\n<picture>\n<a href=\"https:\/\/www.ole.com.ar\/tenis\/novak-djokovic-tenis-australia-coronavirus-diciembre-imagenes_0_d1E6UydCI.html\" target=\"_self\" rel=\"noopener\"><br \/>\n<img class=\"img-responsive\" alt=\"Las fotos que comprometen la coartada de Nole\" src=\"http:\/\/cordobadirecto.com\/wp-content\/uploads\/2022\/01\/a-sus-43-anos-lucchetti-no-se-retira-donde-seguira-su-carrera-2.jpg\" loading=\"lazy\"><br \/>\n<\/a>\n<\/picture>\n<\/div>\n<\/div><\/div>\n<\/div>\n<p><strong>&#8220;La idea es que (Cristian) Lucchetti se sume a los entrenamientos la semana pr\u00f3xima. Ya convers\u00f3 con los dirigentes y hubo acuerdo en los t\u00e9rminos econ\u00f3micos&#8221;<\/strong>, revel\u00f3 un dirigente de la instituci\u00f3n norte\u00f1a a la mencionada fuente. El Laucha llegar\u00eda en condici\u00f3n de jugador libre, dado que sali\u00f3 de Atl\u00e9tico porque el DT, <a alt=\"juan-manuel-azconzabal\" class=\"slug\" href=\"https:\/\/www.ole.com.ar\/tema\/juan-manuel-azconzabal.html\" target=\"_blank\" title=\"juan-manuel-azconzabal\" rel=\"noopener\">Juan Manuel Azconz\u00e1bal<\/a>, no lo iba a tener en cuenta.<\/p>\n<p>Lucchetti cumplir\u00e1 44 a\u00f1os el pr\u00f3ximo 26 de junio y tendr\u00e1 la posibilidad de igualar un r\u00e9cord que posee el Loco Gatti, que se retir\u00f3 a dicha edad como el arquero m\u00e1s longevo del f\u00fatbol argentino. <strong>Gimnasia de Jujuy ser\u00eda el sexto equipo en su carrera: visti\u00f3 los colores de <a alt=\"banfield\" class=\"slug\" href=\"https:\/\/www.ole.com.ar\/tema\/banfield.html\" target=\"_blank\" title=\"banfield\" rel=\"noopener\">Banfield<\/a>, <a alt=\"santos-laguna\" class=\"slug\" href=\"https:\/\/www.ole.com.ar\/tema\/santos-laguna.html\" target=\"_blank\" title=\"santos-laguna\" rel=\"noopener\">Santos Laguna<\/a>, <a alt=\"boca-juniors\" class=\"slug\" href=\"https:\/\/www.ole.com.ar\/tema\/boca-juniors.html\" target=\"_blank\" title=\"boca-juniors\" rel=\"noopener\">Boca<\/a>, <a alt=\"racing\" class=\"slug\" href=\"https:\/\/www.ole.com.ar\/tema\/racing.html\" target=\"_blank\" title=\"racing\" rel=\"noopener\">Racing<\/a> y <a alt=\"atletico-tucuman\" class=\"slug\" href=\"https:\/\/www.ole.com.ar\/tema\/atletico-tucuman.html\" target=\"_blank\" title=\"atletico-tucuman\" rel=\"noopener\">Atl\u00e9tico Tucum\u00e1n<\/a>, donde ataj\u00f3 nada menos que 298 partidos.<\/strong><\/p>\n<div class=\"sp__SM\">\n<div class=\"content-new \">\n<span class=\"tit-mobile\">Mir\u00e1 tambi\u00e9n<\/span><\/p>\n<div class=\"mg\">\n<div class=\"wrap-figure\">\n<picture>\n<a href=\"https:\/\/www.ole.com.ar\/futbol-internacional\/america\/barras-entrenamiento-bahia-amenaza_0_82MXS8h6h.html\" target=\"_self\" rel=\"noopener\"><br \/>\n<img class=\"img-responsive\" alt=\"Esc\u00e1ndalo en Brasil: barras pararon el entrenamiento y amenazaron a los jugadores\" src=\"http:\/\/cordobadirecto.com\/wp-content\/uploads\/2022\/01\/a-sus-43-anos-lucchetti-no-se-retira-donde-seguira-su-carrera-3.jpg\" loading=\"lazy\"><br \/>\n<\/a>\n<\/picture>\n<\/div>\n<\/div><\/div>\n<\/div>\n<h2><strong>EL MENSAJE DE DESPEDIDA DE LUCCHETI PARA ATL\u00c9TICO TUCUM\u00c1N<\/strong><\/h2>\n<p><strong>&#8220;Gracias eternas por dejarme ser parte de la historia de este maravilloso club, por adoptarme como un tucumano m\u00e1s, por el respeto y el cari\u00f1o que siempre recibi\u00f3 mi familia. Las palabras no alcanzan para poder expresar lo que siento en estos momentos. Hasta pronto&#8221;<\/strong>, dijo el Laucha hace algunos d\u00edas en una carta que fue compartida por La Gaceta.<\/p>\n<p> Adem\u00e1s, hab\u00eda dejado en claro que la decisi\u00f3n de no continuar en el Decano fue por lo que le expres\u00f3&nbsp;Azconz\u00e1bal. <strong>&#8220;En una charla me comunic\u00f3 de manera rotunda que no iba a tenerme en cuenta en este nuevo proceso. En ning\u00fan momento me habl\u00f3 de arrancar de cero o de no tener privilegios a la hora de competir. Si as\u00ed hubiese sido, no habr\u00eda dudado un segundo en seguir ligado al club&#8221;<\/strong>, coment\u00f3.<\/p>\n<div class=\"sp__SM\">\n<div class=\"content-new \">\n<span class=\"tit-mobile\">Mir\u00e1 tambi\u00e9n<\/span><\/p>\n<div class=\"mg\">\n<div class=\"wrap-figure\">\n<picture>\n<a href=\"https:\/\/www.ole.com.ar\/futbol-internacional\/qatar-desplomo-urgencia_0_KX_S6Ck9_.html\" target=\"_self\" rel=\"noopener\"><br \/>\n<img class=\"img-responsive\" alt=\"Se desplom\u00f3 en medio de un partido por la Liga de Qatar y fue atendido de urgencia\" src=\"http:\/\/cordobadirecto.com\/wp-content\/uploads\/2022\/01\/a-sus-43-anos-lucchetti-no-se-retira-donde-seguira-su-carrera-4.jpg\" loading=\"lazy\"><br \/>\n<\/a>\n<\/picture>\n<\/div>\n<\/div><\/div>\n<\/div>\n<div class=\"sp__Normal\">\n<div class=\"image-embeb image-trigger\" readability=\"6\">\n<picture><source media=\"(min-width: 720px)\" srcset=\"http:\/\/cordobadirecto.com\/wp-content\/uploads\/2022\/01\/a-sus-43-anos-lucchetti-no-se-retira-donde-seguira-su-carrera-5.jpg\"><img itemprop=\"image\" src=\"http:\/\/cordobadirecto.com\/wp-content\/uploads\/2022\/01\/a-sus-43-anos-lucchetti-no-se-retira-donde-seguira-su-carrera-5.jpg\" loading=\"lazy\" alt=\"El Laucha puede igualar un r\u00e9cord que le pertenece al Loco Gatti.\">\n<\/picture><figcaption readability=\"2\">\n<p>El Laucha puede igualar un r\u00e9cord que le pertenece al Loco Gatti.\n<\/p>\n<\/figcaption><\/div>\n<\/div>\n<div class=\"sp__SM\">\n<div class=\"content-new \">\n<span class=\"tit-mobile\">Mir\u00e1 tambi\u00e9n<\/span><\/p>\n<div class=\"mg\">\n<div class=\"wrap-figure\">\n<picture>\n<a href=\"https:\/\/www.ole.com.ar\/futbol-internacional\/espana\/supercopa-espana-arabia-vacunas_0_nenygQTe_.html\" target=\"_self\" rel=\"noopener\"><br \/>\n<img class=\"img-responsive\" alt=\"\u00bfOtro caso Djokovic? Arabia pide vacunas para jugar la Supercopa de Espa\u00f1a\" src=\"http:\/\/cordobadirecto.com\/wp-content\/uploads\/2022\/01\/a-sus-43-anos-lucchetti-no-se-retira-donde-seguira-su-carrera-6.jpg\" loading=\"lazy\"><br \/>\n<\/a>\n<\/picture>\n<\/div>\n<\/div><\/div>\n<\/div>\n<p>Por \u00faltimo, Lucchetti hab\u00eda hablado de su futuro, dejando la puerta abierta a seguir:<strong> &#8220;Me siento con ganas de jugar, por eso les cuento que si tengo alguna propuesta la analizar\u00e9 y ver\u00e9 qu\u00e9 hago. Para m\u00ed es dif\u00edcil pensarlo as\u00ed porque ten\u00eda casi asumido que me retirar\u00eda defendiendo la camiseta de Atl\u00e9tico, un club con el que viv\u00ed las cosas m\u00e1s lindas de mi carrera&#8221;.<\/strong><\/p>\n<p>El arquero de 43 a\u00f1os visti\u00f3 la camiseta del Decano en 298 partidos, donde recibi\u00f3 349 goles. En Tucum\u00e1n ascendi\u00f3 a Primera, lleg\u00f3 a una final de Copa Argentina y se clasific\u00f3 a la <a alt=\"copa-libertadores\" class=\"slug\" href=\"https:\/\/www.ole.com.ar\/tema\/copa-libertadores.html\" target=\"_blank\" title=\"copa-libertadores\" rel=\"noopener\">Copa Libertadores<\/a>. Su \u00faltimo partido fue la igualdad (1-1) ante <a alt=\"river-plate\" class=\"slug\" href=\"https:\/\/www.ole.com.ar\/tema\/river-plate.html\" target=\"_blank\" title=\"river-plate\" rel=\"noopener\">River<\/a> por la <a alt=\"liga-profesional\" class=\"slug\" href=\"https:\/\/www.ole.com.ar\/tema\/liga-profesional.html\" target=\"_blank\" title=\"liga-profesional\" rel=\"noopener\">Liga Profesional<\/a>.<\/p>\n<div class=\"sp__SM\">\n<div class=\"content-new \">\n<span class=\"tit-mobile\">Mir\u00e1 tambi\u00e9n<\/span><\/p>\n<div class=\"mg\">\n<div class=\"wrap-figure\">\n<picture>\n<a href=\"https:\/\/www.ole.com.ar\/futbol-internacional\/inglaterra\/newcastle-derrota-fa-cup-eliminado-cambridge-tercera-categoria_0_tfzXiBALe.html\" target=\"_self\" rel=\"noopener\"><br \/>\n<img class=\"img-responsive\" alt=\"Papel\u00f3n y temprana eliminaci\u00f3n del millonario Newcastle contra uno de tercera\" src=\"http:\/\/cordobadirecto.com\/wp-content\/uploads\/2022\/01\/a-sus-43-anos-lucchetti-no-se-retira-donde-seguira-su-carrera-7.jpg\" loading=\"lazy\"><br \/>\n<\/a>\n<\/picture>\n<\/div>\n<\/div><\/div>\n<\/div>\n<div class=\"sp__SM\">\n<div class=\"content-new \">\n<span class=\"tit-mobile\">Mir\u00e1 tambi\u00e9n<\/span><\/p>\n<div class=\"mg\">\n<div class=\"wrap-figure\">\n<picture>\n<a href=\"https:\/\/www.ole.com.ar\/tenis\/quiros-kreplak-opinion-djokovic_0_RqeXOTtNv.html\" target=\"_self\" rel=\"noopener\"><br \/>\n<img class=\"img-responsive\" alt=\"Los ministros de Salud de Ciudad y Provincia de Buenos Aires coinciden en que Djokovic es &quot;un mal ejemplo&quot;\" src=\"http:\/\/cordobadirecto.com\/wp-content\/uploads\/2022\/01\/a-sus-43-anos-lucchetti-no-se-retira-donde-seguira-su-carrera-8.jpg\" loading=\"lazy\"><br \/>\n<\/a>\n<\/picture>\n<\/div>\n<\/div><\/div>\n<\/div>\n<div class=\"sp__SM\">\n<div class=\"content-new \">\n<span class=\"tit-mobile\">Mir\u00e1 tambi\u00e9n<\/span><\/p>\n<div class=\"mg\">\n<div class=\"wrap-figure\">\n<picture>\n<a href=\"https:\/\/www.ole.com.ar\/boxeo\/jake-paul-mike-tyson-canelo-alvarez_0_pEh2-c63L.html\" target=\"_self\" rel=\"noopener\"><br \/>\n<img class=\"img-responsive\" alt=\"El youtuber que quiere pelear contra Mike Tyson y Canelo \u00c1lvarez\" src=\"http:\/\/cordobadirecto.com\/wp-content\/uploads\/2022\/01\/a-sus-43-anos-lucchetti-no-se-retira-donde-seguira-su-carrera-9.jpg\" loading=\"lazy\"><br \/>\n<\/a>\n<\/picture>\n<\/div>\n<\/div><\/div>\n<\/div>\n<div class=\"entry-tags\">\n<h2>TEMAS QUE APARECEN EN ESTA NOTA<\/h2>\n<\/p><\/div>\n","protected":false},"excerpt":{"rendered":"<p>En su despedida de Atl\u00e9tico Tucum\u00e1n d\u00edas atr\u00e1s, Cristian Lucchetti asegur\u00f3 que, a sus 43 a\u00f1os, analizar\u00eda las propuestas que le llegaran para continuar o no con su carrera profesional. El ofrecimiento lleg\u00f3 y el Laucha decidi\u00f3 dar el s\u00ed, sumando un nuevo equipo a su trayectoria y con posibilidades concretas de igualar un r\u00e9cord [&hellip;]<\/p>\n","protected":false},"author":1,"featured_media":38059,"comment_status":"closed","ping_status":"closed","sticky":false,"template":"","format":"standard","meta":[],"categories":[21],"tags":[],"_links":{"self":[{"href":"http:\/\/cordobadirecto.com\/index.php\/wp-json\/wp\/v2\/posts\/38058"}],"collection":[{"href":"http:\/\/cordobadirecto.com\/index.php\/wp-json\/wp\/v2\/posts"}],"about":[{"href":"http:\/\/cordobadirecto.com\/index.php\/wp-json\/wp\/v2\/types\/post"}],"author":[{"embeddable":true,"href":"http:\/\/cordobadirecto.com\/index.php\/wp-json\/wp\/v2\/users\/1"}],"replies":[{"embeddable":true,"href":"http:\/\/cordobadirecto.com\/index.php\/wp-json\/wp\/v2\/comments?post=38058"}],"version-history":[{"count":0,"href":"http:\/\/cordobadirecto.com\/index.php\/wp-json\/wp\/v2\/posts\/38058\/revisions"}],"wp:featuredmedia":[{"embeddable":true,"href":"http:\/\/cordobadirecto.com\/index.php\/wp-json\/wp\/v2\/media\/38059"}],"wp:attachment":[{"href":"http:\/\/cordobadirecto.com\/index.php\/wp-json\/wp\/v2\/media?parent=38058"}],"wp:term":[{"taxonomy":"category","embeddable":true,"href":"http:\/\/cordobadirecto.com\/index.php\/wp-json\/wp\/v2\/categories?post=38058"},{"taxonomy":"post_tag","embeddable":true,"href":"http:\/\/cordobadirecto.com\/index.php\/wp-json\/wp\/v2\/tags?post=38058"}],"curies":[{"name":"wp","href":"https:\/\/api.w.org\/{rel}","templated":true}]}}