{"id":38082,"date":"2022-01-06T18:42:46","date_gmt":"2022-01-06T18:42:46","guid":{"rendered":"https:\/\/cordoba.gob.ar\/?p=19243"},"modified":"2022-01-06T18:42:46","modified_gmt":"2022-01-06T18:42:46","slug":"verano-2022-patrimonio-y-arte-en-la-casona-municipal","status":"publish","type":"post","link":"http:\/\/cordobadirecto.com\/index.php\/2022\/01\/06\/verano-2022-patrimonio-y-arte-en-la-casona-municipal\/","title":{"rendered":"\u201cVerano 2022\u201d: patrimonio y arte en La Casona Municipal"},"content":{"rendered":"<div><img src=\"http:\/\/cordobadirecto.com\/wp-content\/uploads\/2022\/01\/verano-2022-patrimonio-y-arte-en-la-casona-municipal.jpg\" class=\"ff-og-image-inserted\"><\/div>\n<ul>\n<li><strong>Durante todo el mes de enero, vecinos y turistas podr\u00e1n recorrer su arquitectura patrimonial y la muestra temporal \u201cLo Com\u00fan\u201d.<\/strong><\/li>\n<li><strong>Las visitas pueden realizarse de lunes a viernes, de 8 a 15 hs. La entrada es libre y gratuita.<\/strong><\/li>\n<\/ul>\n<hr>\n<p>El Centro Cultural Casona Municipal exhibe durante el mes de enero \u201cLo Com\u00fan\u201d, una muestra colectiva que forma parte del ciclo \u201cRima en Blanco\u201d, donde exponen artistas locales beneficiarios del Plan de Compromiso Cultural (PCC).<\/p>\n<p>Organizado por la Secretar\u00eda de Cultura de la Municipalidad de C\u00f3rdoba, esta propuesta permite dar a conocer los espacios destinados a la cultura y habilitar la construcci\u00f3n de relatos colectivos para artistas y p\u00fablicos.<\/p>\n<p>La exposici\u00f3n de artes visuales estar\u00e1 abierta de lunes a viernes, de 8 a 15.00 hs con entrada libre y gratuita. La Casona se ubica en el centro de la ciudad, en avenida General Paz esquina La Rioja.<\/p>\n<p>En esta muestra se podr\u00e1n contemplar obras de los siguientes artistas: Aracelli Bozzoli, Clara De Ferrariis, Federico Gonzalo, Juan Manuel Piccat, Mar\u00eda Castillo, Mateo Marchesini, Miranda Sarkis y Valentina Mart\u00ednez Gallino.<\/p>\n<p>A su vez es posible recorrer el edificio, que sin duda, es parte fundamental del paisaje urbano cordob\u00e9s. La Casona, construida a fines del siglo XIX y de estilo ecl\u00e9ctico, a partir 1987 la Municipalidad rescat\u00f3 y habilit\u00f3 el lugar como centro cultural y desde entonces se puede visitar para conocer su arquitectura.<\/p>\n<p>Otros espacios culturales municipales que est\u00e1n abiertos de lunes a viernes son: museo Tejeda, Genaro P\u00e9rez ylas salas del Museo de la Ciudad (MUCI). Tambi\u00e9n la Cripta Jesu\u00edtica, y los centros culturales Casa de Pepino y Casona Municipal.<\/p>\n<p>Durante los fines de semana se puede recorrer el tradicional barrio G\u00fcemes, a partir de las 17 horas, entre las Ferias de G\u00fcemes y el Centro Cultural Paseo de las Artes.<\/p>\n<p>Para conocer m\u00e1s acerca de los d\u00edas y horarios de todos los espacios, ingresar a este <strong><a href=\"https:\/\/cordoba.gob.ar\/como-aprovechar-el-verano-en-los-espacios-culturales-municipales\/\">enlace<\/a><\/strong>.<\/p>\n","protected":false},"excerpt":{"rendered":"<p>Durante todo el mes de enero, vecinos y turistas podr\u00e1n recorrer su arquitectura patrimonial y la muestra temporal \u201cLo Com\u00fan\u201d. Las visitas pueden realizarse de lunes a viernes, de 8 a 15 hs. La entrada es libre y gratuita. El Centro Cultural Casona Municipal exhibe durante el mes de enero \u201cLo Com\u00fan\u201d, una muestra colectiva [&hellip;]<\/p>\n","protected":false},"author":1,"featured_media":38083,"comment_status":"closed","ping_status":"closed","sticky":false,"template":"","format":"standard","meta":[],"categories":[44],"tags":[],"_links":{"self":[{"href":"http:\/\/cordobadirecto.com\/index.php\/wp-json\/wp\/v2\/posts\/38082"}],"collection":[{"href":"http:\/\/cordobadirecto.com\/index.php\/wp-json\/wp\/v2\/posts"}],"about":[{"href":"http:\/\/cordobadirecto.com\/index.php\/wp-json\/wp\/v2\/types\/post"}],"author":[{"embeddable":true,"href":"http:\/\/cordobadirecto.com\/index.php\/wp-json\/wp\/v2\/users\/1"}],"replies":[{"embeddable":true,"href":"http:\/\/cordobadirecto.com\/index.php\/wp-json\/wp\/v2\/comments?post=38082"}],"version-history":[{"count":0,"href":"http:\/\/cordobadirecto.com\/index.php\/wp-json\/wp\/v2\/posts\/38082\/revisions"}],"wp:featuredmedia":[{"embeddable":true,"href":"http:\/\/cordobadirecto.com\/index.php\/wp-json\/wp\/v2\/media\/38083"}],"wp:attachment":[{"href":"http:\/\/cordobadirecto.com\/index.php\/wp-json\/wp\/v2\/media?parent=38082"}],"wp:term":[{"taxonomy":"category","embeddable":true,"href":"http:\/\/cordobadirecto.com\/index.php\/wp-json\/wp\/v2\/categories?post=38082"},{"taxonomy":"post_tag","embeddable":true,"href":"http:\/\/cordobadirecto.com\/index.php\/wp-json\/wp\/v2\/tags?post=38082"}],"curies":[{"name":"wp","href":"https:\/\/api.w.org\/{rel}","templated":true}]}}