{"id":38085,"date":"2022-01-07T21:16:29","date_gmt":"2022-01-07T21:16:29","guid":{"rendered":"https:\/\/es.digitaltrends.com\/?p=908137"},"modified":"2022-01-07T21:16:29","modified_gmt":"2022-01-07T21:16:29","slug":"exatlon-estados-unidos-2022-telemundo-revela-a-los-participantes","status":"publish","type":"post","link":"http:\/\/cordobadirecto.com\/index.php\/2022\/01\/07\/exatlon-estados-unidos-2022-telemundo-revela-a-los-participantes\/","title":{"rendered":"Exatl\u00f3n Estados Unidos 2022: Telemundo revela a los participantes"},"content":{"rendered":"<div><img src=\"http:\/\/cordobadirecto.com\/wp-content\/uploads\/2022\/01\/exatlon-estados-unidos-2022-telemundo-revela-a-los-participantes.jpg\" class=\"ff-og-image-inserted\"><\/div>\n<p>Exatl\u00f3n Estados Unidos estar\u00e1 de regreso en las pantallas de <a href=\"https:\/\/es.digitaltrends.com\/entretenimiento\/pasion-gavilanes-mas-visto-telemundo\/\">Telemundo<\/a> a partir del 17 de enero, cuando Frederik Oldenburg presente a una nueva generaci\u00f3n de atletas dispuestos a conquistar la gloria en el que se ha posicionado como la competencia deportiva n\u00famero uno de la televisi\u00f3n hispana en EE.UU.<\/p>\n<p>Ser\u00e1 un total de 24 atletas, entre famosos y contendientes, quienes buscar\u00e1n la gloria y un codiciado premio de $200,000 d\u00f3lares por persona.<\/p>\n<p>Exatl\u00f3n Estados Unidos 2022 llegar\u00e1 a las pantallas de Telemundo el lunes 17 de enero a las 7 p.m. A continuaci\u00f3n te decimos quienes ser\u00e1n algunos de los 24 contendientes.<\/p>\n<h2>Exatl\u00f3n Estados Unidos 2022: participantes<\/h2>\n<h3>Jaime Espinal<\/h3>\n<blockquote class=\"instagram-media\" data-instgrm-captioned data-instgrm-permalink=\"https:\/\/www.instagram.com\/reel\/CXwJarLFIe9\/?utm_source=ig_embed&amp;amp;utm_campaign=loading\" data-instgrm-version=\"14\"><\/blockquote>\n<p>Luchador ol\u00edmpico, tiene 36 a\u00f1os y estar\u00e1 en el Equipo Famosos (Equipo Rojo).<\/p>\n<h3>Polo Mon\u00e1rrez<\/h3>\n<blockquote class=\"h-lazy-embed\" data-instgrm-captioned data-instgrm-permalink=\"https:\/\/www.instagram.com\/p\/CYZ6NeFpGQn\/?utm_source=ig_embed&amp;amp;utm_campaign=loading\" data-instgrm-version=\"14\" data-initial-classes=\"instagram-media\" data-embed-name=\"instagram\" data-sdk-src=\"\/\/platform.instagram.com\/en_US\/embeds.js\"><\/blockquote>\n<p>Es actor, tiene 42 a\u00f1os y estar\u00e1 en el Equpo Famosos (Equipo Rojo).<\/p>\n<h3>Jordan O\u2019Brien<\/h3>\n<blockquote class=\"h-lazy-embed\" data-instgrm-captioned data-instgrm-permalink=\"https:\/\/www.instagram.com\/p\/CYUPFznr-sw\/?utm_source=ig_embed&amp;amp;utm_campaign=loading\" data-instgrm-version=\"14\" data-initial-classes=\"instagram-media\" data-embed-name=\"instagram\" data-sdk-src=\"\/\/platform.instagram.com\/en_US\/embeds.js\"><\/blockquote>\n<p>Es futbolista profesional, tiene 29 a\u00f1os y estar\u00e1 en el Equipo Famosos (Equipo Rojo).<\/p>\n<h3>Paloma Flores<\/h3>\n<blockquote class=\"h-lazy-embed\" data-instgrm-captioned data-instgrm-permalink=\"https:\/\/www.instagram.com\/p\/CYKH-5fofyx\/?utm_source=ig_embed&amp;amp;utm_campaign=loading\" data-instgrm-version=\"14\" data-initial-classes=\"instagram-media\" data-embed-name=\"instagram\" data-sdk-src=\"\/\/platform.instagram.com\/en_US\/embeds.js\"><\/blockquote>\n<p>Es basquetbolista profesional, tiene 27 a\u00f1os y estar\u00e1 en el Equipo Famosos (Equipo Rojo).<\/p>\n<h3>\u00c1ngel Espinoza<\/h3>\n<blockquote class=\"h-lazy-embed\" data-instgrm-captioned data-instgrm-permalink=\"https:\/\/www.instagram.com\/p\/CYKO1-UgAE2\/?utm_source=ig_embed&amp;amp;utm_campaign=loading\" data-instgrm-version=\"14\" data-initial-classes=\"instagram-media\" data-embed-name=\"instagram\" data-sdk-src=\"\/\/platform.instagram.com\/en_US\/embeds.js\"><\/blockquote>\n<p>Es modelo, tiene 27 a\u00f1os y estar\u00e1 en el Equipo Contendientes (Equipo Azul).<\/p>\n<h3>Emilio Lara<\/h3>\n<blockquote class=\"h-lazy-embed\" data-instgrm-captioned data-instgrm-permalink=\"https:\/\/www.instagram.com\/p\/CYUdpjDPqN1\/?utm_source=ig_embed&amp;amp;utm_campaign=loading\" data-instgrm-version=\"14\" data-initial-classes=\"instagram-media\" data-embed-name=\"instagram\" data-sdk-src=\"\/\/platform.instagram.com\/en_US\/embeds.js\"><\/blockquote>\n<p>Es estudiante de arquitectura, tiene 23 a\u00f1os y estar\u00e1 en el Equipo Contendientes (Equipo Azul).<\/p>\n<h3>Natalia Palacios<\/h3>\n<blockquote class=\"h-lazy-embed\" data-instgrm-captioned data-instgrm-permalink=\"https:\/\/www.instagram.com\/p\/CYXIEvSpy9e\/?utm_source=ig_embed&amp;amp;utm_campaign=loading\" data-instgrm-version=\"14\" data-initial-classes=\"instagram-media\" data-embed-name=\"instagram\" data-sdk-src=\"\/\/platform.instagram.com\/en_US\/embeds.js\"><\/blockquote>\n<p>Es entrenadora personal, tiene 25 a\u00f1os y estar\u00e1 en el Equipo Contendientes (Equipo Azul).<\/p>\n<h3>Rebeca Valent\u00edn<\/h3>\n<blockquote class=\"h-lazy-embed\" data-instgrm-captioned data-instgrm-permalink=\"https:\/\/www.instagram.com\/p\/CYHp_8vL_7W\/?utm_source=ig_embed&amp;amp;utm_campaign=loading\" data-instgrm-version=\"14\" data-initial-classes=\"instagram-media\" data-embed-name=\"instagram\" data-sdk-src=\"\/\/platform.instagram.com\/en_US\/embeds.js\"><\/blockquote>\n<p>Es ejecutiva de cuentas, tiene 27 a\u00f1os y estar\u00e1 en el Equipo Contendientes (Equipo Azul).<\/p>\n<h2>Exatl\u00f3n Estados Unidos 2022: d\u00f3nde ver<\/h2>\n<p>La audiencia puede disfrutar Exatl\u00f3n Estados Unidos de lunes a viernes y los episodios de eliminatoria los domingos a las 7 p.m. por Telemundo, a trav\u00e9s de la app <a href=\"https:\/\/www.nbc.com\/shows\/telemundo\/popular?utm_campaign=tlmddotcom\" target=\"_blank\" rel=\"noopener\">Telemundo<\/a> disponible en <a href=\"https:\/\/play.google.com\/store\/apps\/details?id=com.telemundo.awe\" target=\"_blank\" rel=\"sponsored noopener\">Google Play Store<\/a> y en <a href=\"https:\/\/apps.apple.com\/us\/app\/telemundo-cap%C3%ADtulos-completos\/id680595680\" target=\"_blank\" rel=\"sponsored noopener\">Apple Store<\/a>, o en <a href=\"https:\/\/www.telemundo.com\/\" target=\"_blank\" rel=\"noopener\">Telemundo.com<\/a>. Los fan\u00e1ticos pueden unirse a la conversaci\u00f3n y mantenerse al tanto de todo lo que sucede en <a href=\"https:\/\/www.facebook.com\/ExatlonEstadosUnidos\" target=\"_blank\" rel=\"noopener\">Facebook.com\/ExatlonEstadosUnidos<\/a>, Instagram <a href=\"https:\/\/www.instagram.com\/exatlonestadosunidos\/\" target=\"_blank\" rel=\"noopener\">@ExatlonEstadosUnidos<\/a> y Twitter <a href=\"https:\/\/twitter.com\/ExatlonTVEEUU?lang=en\" target=\"_blank\" rel=\"noopener\">@ExatlonTVEEUU<\/a>, y disfrutar de contenido exclusivo en <a href=\"https:\/\/www.telemundo.com\/shows\/exatlon-estados-unidos\" target=\"_blank\" rel=\"noopener\">Telemundo.com\/Exatlon<\/a>.<\/p>\n<h4 class=\"h-editors-recs-title\"> Recomendaciones del editor\t<\/h4>\n<p> <span id=\"publisher-md\" itemprop=\"publisher\" itemscope itemtype=\"https:\/\/schema.org\/Organization\"> <span itemprop=\"url\" itemtype=\"https:\/\/schema.org\/Url\" content=\"https:\/\/es.digitaltrends.com\"> <span itemprop=\"logo\" itemscope itemtype=\"https:\/\/schema.org\/ImageObject\"> <meta itemprop=\"url\" content=\"https:\/\/cdn.dtcn.com\/dt\/dt-logo-small.png\"> <meta itemprop=\"width\" content=\"0\"> <meta itemprop=\"height\" content=\"0\"> <\/span> <meta itemprop=\"name\" content=\"Digital Trends Espa\u00f1ol\"> <\/span> <span itemprop=\"image\" itemscope itemtype=\"https:\/\/schema.org\/ImageObject\"> <meta itemprop=\"url\" content=\"http:\/\/cordobadirecto.com\/wp-content\/uploads\/2022\/01\/exatlon-estados-unidos-2022-telemundo-revela-a-los-participantes.jpg\"> <\/span> <\/span><\/p>\n","protected":false},"excerpt":{"rendered":"<p>Exatl\u00f3n Estados Unidos estar\u00e1 de regreso en las pantallas de Telemundo a partir del 17 de enero, cuando Frederik Oldenburg presente a una nueva generaci\u00f3n de atletas dispuestos a conquistar la gloria en el que se ha posicionado como la competencia deportiva n\u00famero uno de la televisi\u00f3n hispana en EE.UU. Ser\u00e1 un total de 24 [&hellip;]<\/p>\n","protected":false},"author":1,"featured_media":38086,"comment_status":"closed","ping_status":"closed","sticky":false,"template":"","format":"standard","meta":[],"categories":[18],"tags":[],"_links":{"self":[{"href":"http:\/\/cordobadirecto.com\/index.php\/wp-json\/wp\/v2\/posts\/38085"}],"collection":[{"href":"http:\/\/cordobadirecto.com\/index.php\/wp-json\/wp\/v2\/posts"}],"about":[{"href":"http:\/\/cordobadirecto.com\/index.php\/wp-json\/wp\/v2\/types\/post"}],"author":[{"embeddable":true,"href":"http:\/\/cordobadirecto.com\/index.php\/wp-json\/wp\/v2\/users\/1"}],"replies":[{"embeddable":true,"href":"http:\/\/cordobadirecto.com\/index.php\/wp-json\/wp\/v2\/comments?post=38085"}],"version-history":[{"count":0,"href":"http:\/\/cordobadirecto.com\/index.php\/wp-json\/wp\/v2\/posts\/38085\/revisions"}],"wp:featuredmedia":[{"embeddable":true,"href":"http:\/\/cordobadirecto.com\/index.php\/wp-json\/wp\/v2\/media\/38086"}],"wp:attachment":[{"href":"http:\/\/cordobadirecto.com\/index.php\/wp-json\/wp\/v2\/media?parent=38085"}],"wp:term":[{"taxonomy":"category","embeddable":true,"href":"http:\/\/cordobadirecto.com\/index.php\/wp-json\/wp\/v2\/categories?post=38085"},{"taxonomy":"post_tag","embeddable":true,"href":"http:\/\/cordobadirecto.com\/index.php\/wp-json\/wp\/v2\/tags?post=38085"}],"curies":[{"name":"wp","href":"https:\/\/api.w.org\/{rel}","templated":true}]}}