{"id":38227,"date":"2022-01-10T13:26:57","date_gmt":"2022-01-10T13:26:57","guid":{"rendered":"http:\/\/cordobadirecto.com\/index.php\/2022\/01\/10\/palito-ortega-brillo-en-el-festival-de-jesus-maria\/"},"modified":"2022-01-10T13:26:57","modified_gmt":"2022-01-10T13:26:57","slug":"palito-ortega-brillo-en-el-festival-de-jesus-maria","status":"publish","type":"post","link":"http:\/\/cordobadirecto.com\/index.php\/2022\/01\/10\/palito-ortega-brillo-en-el-festival-de-jesus-maria\/","title":{"rendered":"Palito Ortega brill\u00f3 en el Festival de Jes\u00fas Mar\u00eda"},"content":{"rendered":"<figure class=\"mb-3\"><img loading=\"lazy\" src=\"http:\/\/cordobadirecto.com\/wp-content\/uploads\/2022\/01\/palito-ortega-brillo-en-el-festival-de-jesus-maria.jpg\" width=\"100%\" height=\"100%\" alt=\"Palito Ortega cant ante una multitud en Jess Mara Captura de TV\"><figcaption> Palito Ortega cant\u00f3 ante una multitud en Jes\u00fas Mar\u00eda (Captura de TV). <\/figcaption><\/figure>\n<p>Ram\u00f3n &#8220;Palito&#8221; Ortega hizo delirar a miles de fan\u00e1ticos en el tradicional Festival de la Doma y Folclore de Jes\u00fas Mar\u00eda. El c\u00e9lebre artista toc\u00f3 alrededor de una hora y media sus cl\u00e1sicos hits y el p\u00fablico explot\u00f3 de emoci\u00f3n.<\/p>\n<p>Hubo una gran interacci\u00f3n entre el m\u00fasico y los espectadores. Tal es as\u00ed que se &#8220;Palito&#8221; cont\u00f3: &#8220;Vine en reiteradas a Jes\u00fas Mar\u00eda y me fui siempre con el coraz\u00f3n contento, as\u00ed que feliz de estar nuevamente en la provincia de C\u00f3rdoba&#8221;, le dijo a Cadena 3.<\/p>\n<blockquote class=\"twitter-tweet\" readability=\"4.5196850393701\">\n<p lang=\"es\" dir=\"ltr\">Comienza a sonar el Mart\u00edn Fierro de la mano del gran <a href=\"https:\/\/twitter.com\/RamonOrtegaOK?ref_src=twsrc%5Etfw\">@RamonOrtegaOK<\/a> que interpreta uno de sus cl\u00e1sicos, &#8220;Coraz\u00f3n Contento&#8221;. Mir\u00e1 <a href=\"https:\/\/twitter.com\/FestivalJM?ref_src=twsrc%5Etfw\">@FestivalJM<\/a> en <a href=\"https:\/\/t.co\/fnEKkuadQ9\">https:\/\/t.co\/fnEKkuadQ9<\/a> <a href=\"https:\/\/t.co\/4TpfhvoBCc\">pic.twitter.com\/4TpfhvoBCc<\/a><\/p>\n<p>\u2014 Televisi\u00f3n P\u00fablica (@TV_Publica) <a href=\"https:\/\/twitter.com\/TV_Publica\/status\/1480350975550537732?ref_src=twsrc%5Etfw\">January 10, 2022<\/a><\/p><\/blockquote>\n<p>&#8220;Tal vez ya sean las ultimas recorridas, ya fueron muchos a\u00f1os y ya siento que estoy en ese plan de agradecerle a la gente por tantos a\u00f1os y de alguna manera como una despedida y yo siento que estoy con ese clima&#8221;, expres\u00f3 Palito.<\/p>\n<blockquote class=\"twitter-tweet\" readability=\"4.7237762237762\">\n<p lang=\"es\" dir=\"ltr\">\u00a1Todo el p\u00fablico de Jes\u00fas Mar\u00eda se pone de pie para bailar al ritmo de <a href=\"https:\/\/twitter.com\/RamonOrtegaOK?ref_src=twsrc%5Etfw\">@RamonOrtegaOK<\/a>! El artista hace un recorrido por sus canciones m\u00e1s ic\u00f3nicas. Sumate a <a href=\"https:\/\/twitter.com\/hashtag\/FestivalPa%C3%ADs?src=hash&amp;ref_src=twsrc%5Etfw\">#FestivalPa\u00eds<\/a> en <a href=\"https:\/\/t.co\/fnEKkuadQ9\">https:\/\/t.co\/fnEKkuadQ9<\/a> <a href=\"https:\/\/t.co\/HOurWnDOS5\">pic.twitter.com\/HOurWnDOS5<\/a><\/p>\n<p>\u2014 Televisi\u00f3n P\u00fablica (@TV_Publica) <a href=\"https:\/\/twitter.com\/TV_Publica\/status\/1480354126278049799?ref_src=twsrc%5Etfw\">January 10, 2022<\/a><\/p><\/blockquote>\n<h2 class> Distinci\u00f3n <\/h2>\n<p>El intendente de Jes\u00fas Mar\u00eda, Luis Albino Picat, declar\u00f3 Hu\u00e9sped de Honor al artista Palito Ortega. &#8220;Vale la pena distinguirlo no solamente como persona sino como un modelo de vida para otros que puedan llegar a imitarlo&#8221;, lo elogi\u00f3 el intendente.<\/p>\n<blockquote class=\"twitter-tweet\" readability=\"4.974358974359\">\n<p lang=\"es\" dir=\"ltr\">&#8220;Mi amor entero es de&#8230;&#8221; \u00bfRecord\u00e1s c\u00f3mo sigue este hit? Palito Ortega nos invita a recorrer su repertorio de m\u00edticas canciones. Acompa\u00f1anos en <a href=\"https:\/\/twitter.com\/hashtag\/FestivalPa%C3%ADs?src=hash&amp;ref_src=twsrc%5Etfw\">#FestivalPa\u00eds<\/a> por <a href=\"https:\/\/t.co\/fnEKkuadQ9\">https:\/\/t.co\/fnEKkuadQ9<\/a> <a href=\"https:\/\/t.co\/wt4xNnvmjQ\">pic.twitter.com\/wt4xNnvmjQ<\/a><\/p>\n<p>\u2014 Televisi\u00f3n P\u00fablica (@TV_Publica) <a href=\"https:\/\/twitter.com\/TV_Publica\/status\/1480360385857396738?ref_src=twsrc%5Etfw\">January 10, 2022<\/a><\/p><\/blockquote>\n","protected":false},"excerpt":{"rendered":"<p>Palito Ortega cant\u00f3 ante una multitud en Jes\u00fas Mar\u00eda (Captura de TV). Ram\u00f3n &#8220;Palito&#8221; Ortega hizo delirar a miles de fan\u00e1ticos en el tradicional Festival de la Doma y Folclore de Jes\u00fas Mar\u00eda. El c\u00e9lebre artista toc\u00f3 alrededor de una hora y media sus cl\u00e1sicos hits y el p\u00fablico explot\u00f3 de emoci\u00f3n. Hubo una gran [&hellip;]<\/p>\n","protected":false},"author":1,"featured_media":38228,"comment_status":"closed","ping_status":"closed","sticky":false,"template":"","format":"standard","meta":[],"categories":[20],"tags":[],"_links":{"self":[{"href":"http:\/\/cordobadirecto.com\/index.php\/wp-json\/wp\/v2\/posts\/38227"}],"collection":[{"href":"http:\/\/cordobadirecto.com\/index.php\/wp-json\/wp\/v2\/posts"}],"about":[{"href":"http:\/\/cordobadirecto.com\/index.php\/wp-json\/wp\/v2\/types\/post"}],"author":[{"embeddable":true,"href":"http:\/\/cordobadirecto.com\/index.php\/wp-json\/wp\/v2\/users\/1"}],"replies":[{"embeddable":true,"href":"http:\/\/cordobadirecto.com\/index.php\/wp-json\/wp\/v2\/comments?post=38227"}],"version-history":[{"count":0,"href":"http:\/\/cordobadirecto.com\/index.php\/wp-json\/wp\/v2\/posts\/38227\/revisions"}],"wp:featuredmedia":[{"embeddable":true,"href":"http:\/\/cordobadirecto.com\/index.php\/wp-json\/wp\/v2\/media\/38228"}],"wp:attachment":[{"href":"http:\/\/cordobadirecto.com\/index.php\/wp-json\/wp\/v2\/media?parent=38227"}],"wp:term":[{"taxonomy":"category","embeddable":true,"href":"http:\/\/cordobadirecto.com\/index.php\/wp-json\/wp\/v2\/categories?post=38227"},{"taxonomy":"post_tag","embeddable":true,"href":"http:\/\/cordobadirecto.com\/index.php\/wp-json\/wp\/v2\/tags?post=38227"}],"curies":[{"name":"wp","href":"https:\/\/api.w.org\/{rel}","templated":true}]}}