{"id":38231,"date":"2022-01-10T13:00:28","date_gmt":"2022-01-10T13:00:28","guid":{"rendered":"https:\/\/www.espinof.com\/proyectos\/ant-man-avispa-quantumania-bill-murray-ha-confirmado-que-sera-villano-pelicula-marvel"},"modified":"2022-01-10T13:00:28","modified_gmt":"2022-01-10T13:00:28","slug":"ant-man-y-la-avispa-quantumania-bill-murray-ha-confirmado-que-sera-un-villano-en-la-pelicula-de-marvel","status":"publish","type":"post","link":"http:\/\/cordobadirecto.com\/index.php\/2022\/01\/10\/ant-man-y-la-avispa-quantumania-bill-murray-ha-confirmado-que-sera-un-villano-en-la-pelicula-de-marvel\/","title":{"rendered":"&#8216;Ant-Man y la Avispa: Quantumania&#8217;: Bill Murray ha confirmado que ser\u00e1 un villano en la pel\u00edcula de Marvel"},"content":{"rendered":"<p>El actor Bill Murray ha revelado que su papel para &#8216;<a href=\"https:\/\/www.espinof.com\/tag\/ant-man-y-la-avispa\">Ant-Man y la Avispa: Quantumania<\/a>&#8216; es diferente a los habituales <a href=\"https:\/\/www.espinof.com\/tag\/cazafantasmas\">h\u00e9roes y personajes bondadosos<\/a> que ha hecho en el pasado. En declaraciones al exjugador de los New York Giants Eli Manning en su programa &#8216;The Eli Manning Show&#8217;, <strong>el actor confirm\u00f3 que su nuevo papel en una pel\u00edcula de Marvel ser\u00e1 nada menos que uno de los villanos<\/strong>, pero no dio detalles de cu\u00e1l ser\u00e1 exactamente.<\/p>\n<p> <!--more--> <\/p>\n<p>El atleta <a href=\"https:\/\/www.youtube.com\/watch?v=pGgJZG2Tot8&amp;t=237s\">pregunt\u00f3 a Murray<\/a> sobre su papel en su programa, mientras almorzaban. &#8220;<em>\u00bfNo est\u00e1s en una pel\u00edcula de superh\u00e9roes que va a salir pronto? \u00bfAnt-Man?<\/em>&#8221; y <strong>Murray no solo confirm\u00f3 su participaci\u00f3n en la pel\u00edcula, sino que cuando se le pregunt\u00f3 cu\u00e1l es su poder, Murray respondi\u00f3<\/strong>: &#8220;<em>Mi poder es, soy un tipo malo<\/em>&#8220;. Se inform\u00f3 por primera vez que Murray se unir\u00eda a la pr\u00f3xima entrega de MCU en octubre de 2021, y el actor confirm\u00f3 m\u00e1s tarde su participaci\u00f3n unas semanas despu\u00e9s, cuando hablaba con el peri\u00f3dico alem\u00e1n Frankfurter Allgemeine Zeitung.<\/p>\n<div class=\"article-asset article-asset-normal article-asset-center\">\n<div class=\"desvio-container\">\n<div class=\"desvio\">\n<div class=\"desvio-figure js-desvio-figure\"> <a href=\"https:\/\/www.espinof.com\/otros\/de-iron-man-a-thor-ragnarok-todo-el-universo-cinematico-marvel-de-peor-a-mejor\"> <img alt=\"Todas las pel\u00edculas del Universo Marvel ordenadas de peor a mejor\" src=\"http:\/\/cordobadirecto.com\/wp-content\/uploads\/2022\/01\/ant-man-y-la-avispa-quantumania-bill-murray-ha-confirmado-que-sera-un-villano-en-la-pelicula-de-marvel.jpg\"> <\/a> <\/div><\/div><\/div>\n<\/div>\n<p>Un nuevo rumor recogido por <a href=\"https:\/\/www.cbr.com\/mcu-bill-murray-ant-man-3-hulk-character\/\">cbr<\/a> a finales de diciembre insinuaba que Murray interpretar\u00eda a Krylar, un personaje oscuro relacionado con los c\u00f3mics de Hulk. Sin embargo, la \u00fanica aparici\u00f3n de Krylar fue para ayudar a Hulk, desacreditando esa idea, a menos que la pel\u00edcula realmente cambie a Krylar. <strong>El villano principal de &#8216;Quantumania&#8217; ser\u00e1 Kang el conquistador, interpretado por Jonathan Majors,<\/strong> que le interpret\u00f3 como una variante en el final de &#8216;<a href=\"https:\/\/www.espinof.com\/criticas\/loki-no-hace-justicia-al-dios-engano-doctor-who-marvel-rebosa-buenas-ideas-terminan-perdidas-narrativa-poco-inspirada\">Loki<\/a>&#8216; en Disney +. Se filtr\u00f3 una imagen con su posible aspecto hace unas semanas.<\/p>\n<div class=\"article-asset-image article-asset-normal\">\n<div class=\"asset-content\">\n<div class=\"base-wrapper-image\"> <img class=\"sf-lazy centro_sinmarco\" data-sf-srcset=\"http:\/\/cordobadirecto.com\/wp-content\/uploads\/2022\/01\/ant-man-y-la-avispa-quantumania-bill-murray-ha-confirmado-que-sera-un-villano-en-la-pelicula-de-marvel-1.jpg 450w, http:\/\/cordobadirecto.com\/wp-content\/uploads\/2022\/01\/ant-man-y-la-avispa-quantumania-bill-murray-ha-confirmado-que-sera-un-villano-en-la-pelicula-de-marvel-3.jpg 681w,http:\/\/cordobadirecto.com\/wp-content\/uploads\/2022\/01\/ant-man-y-la-avispa-quantumania-bill-murray-ha-confirmado-que-sera-un-villano-en-la-pelicula-de-marvel-4.jpg 1024w, http:\/\/cordobadirecto.com\/wp-content\/uploads\/2022\/01\/ant-man-y-la-avispa-quantumania-bill-murray-ha-confirmado-que-sera-un-villano-en-la-pelicula-de-marvel-5.jpg 1366w,\" data-sf-src=\"http:\/\/cordobadirecto.com\/wp-content\/uploads\/2022\/01\/ant-man-y-la-avispa-quantumania-bill-murray-ha-confirmado-que-sera-un-villano-en-la-pelicula-de-marvel-1.jpg\" alt=\"Antmankang\"> <noscript><img alt=\"Antmankang\" class=\"centro_sinmarco\" src=\"http:\/\/cordobadirecto.com\/wp-content\/uploads\/2022\/01\/ant-man-y-la-avispa-quantumania-bill-murray-ha-confirmado-que-sera-un-villano-en-la-pelicula-de-marvel-1.jpg\"><\/noscript> <\/div><\/div>\n<\/div>\n<p><strong>&#8216;Ant-Man y la Avispa: Quantumania&#8217; se estrenar\u00e1 el 28 de julio de 2023<\/strong> y aunque no hay detalles del argumento parece que el Reino Cu\u00e1ntico tendr\u00e1 importancia, incluso se ha llegado a especular que ser\u00e1 la ocasi\u00f3n elegida por Marvel para presentar a Los Cuatro Fant\u00e1sticos. Su director ser\u00e1 Peyton Reed y el reparto estar\u00e1 encabezado por Paul Rudd, Jonathan Majors, Evangeline Lilly, Michelle Pfeiffer, Kathryn Newton, Michael Douglas y Tony McCarthy.<\/p>\n<p><!-- BREAK 1 --> <\/p>\n","protected":false},"excerpt":{"rendered":"<p>El actor Bill Murray ha revelado que su papel para &#8216;Ant-Man y la Avispa: Quantumania&#8216; es diferente a los habituales h\u00e9roes y personajes bondadosos que ha hecho en el pasado. En declaraciones al exjugador de los New York Giants Eli Manning en su programa &#8216;The Eli Manning Show&#8217;, el actor confirm\u00f3 que su nuevo papel [&hellip;]<\/p>\n","protected":false},"author":1,"featured_media":38232,"comment_status":"closed","ping_status":"closed","sticky":false,"template":"","format":"standard","meta":[],"categories":[17],"tags":[],"_links":{"self":[{"href":"http:\/\/cordobadirecto.com\/index.php\/wp-json\/wp\/v2\/posts\/38231"}],"collection":[{"href":"http:\/\/cordobadirecto.com\/index.php\/wp-json\/wp\/v2\/posts"}],"about":[{"href":"http:\/\/cordobadirecto.com\/index.php\/wp-json\/wp\/v2\/types\/post"}],"author":[{"embeddable":true,"href":"http:\/\/cordobadirecto.com\/index.php\/wp-json\/wp\/v2\/users\/1"}],"replies":[{"embeddable":true,"href":"http:\/\/cordobadirecto.com\/index.php\/wp-json\/wp\/v2\/comments?post=38231"}],"version-history":[{"count":0,"href":"http:\/\/cordobadirecto.com\/index.php\/wp-json\/wp\/v2\/posts\/38231\/revisions"}],"wp:featuredmedia":[{"embeddable":true,"href":"http:\/\/cordobadirecto.com\/index.php\/wp-json\/wp\/v2\/media\/38232"}],"wp:attachment":[{"href":"http:\/\/cordobadirecto.com\/index.php\/wp-json\/wp\/v2\/media?parent=38231"}],"wp:term":[{"taxonomy":"category","embeddable":true,"href":"http:\/\/cordobadirecto.com\/index.php\/wp-json\/wp\/v2\/categories?post=38231"},{"taxonomy":"post_tag","embeddable":true,"href":"http:\/\/cordobadirecto.com\/index.php\/wp-json\/wp\/v2\/tags?post=38231"}],"curies":[{"name":"wp","href":"https:\/\/api.w.org\/{rel}","templated":true}]}}