{"id":38233,"date":"2022-01-10T12:40:37","date_gmt":"2022-01-10T12:40:37","guid":{"rendered":"https:\/\/www.ole.com.ar\/autos\/resultados-motos-cuatriciclos_0_TZx9bWm7k.html"},"modified":"2022-01-10T12:40:37","modified_gmt":"2022-01-10T12:40:37","slug":"como-le-fue-a-los-argentinos-en-motos-y-quads","status":"publish","type":"post","link":"http:\/\/cordobadirecto.com\/index.php\/2022\/01\/10\/como-le-fue-a-los-argentinos-en-motos-y-quads\/","title":{"rendered":"\u00bfC\u00f3mo le fue a los argentinos en Motos y Quads?"},"content":{"rendered":"<p>Motos y Cuatriciclos disputaron este lunes la octava etapa del Dakar 2022 que uni\u00f3 Al Dawadimi con Wadi Ad Dawasir con 435 kil\u00f3metros de enlace y 395 de especial.<mark> En las dos ruedas, Luciano Benavides fue el mejor argentino al culminar 7\u00b0, mientras que entre los Quads, Pablo Copetti fue 3\u00b0.<\/mark><\/p>\n<div class=\"sp__SM\">\n<div class=\"content-new \">\n<span class=\"tit-mobile\">Mir\u00e1 tambi\u00e9n<\/span><\/p>\n<div class=\"mg\">\n<div class=\"wrap-figure\">\n<picture>\n<a href=\"https:\/\/www.ole.com.ar\/autos\/castera-hablo-dakar_0_CUdVoeAOD.html\" target=\"_self\" rel=\"noopener\"><br \/>\n<img class=\"img-responsive\" alt=\"&quot;No evaluamos la posibilidad de detener el Dakar&quot;\" src=\"http:\/\/cordobadirecto.com\/wp-content\/uploads\/2022\/01\/como-le-fue-a-los-argentinos-en-motos-y-quads.jpg\" loading=\"lazy\"><br \/>\n<\/a>\n<\/picture>\n<\/div>\n<\/div><\/div>\n<\/div>\n<p><mark>Entre las Motos, Sam Sunderland cronometr\u00f3 3h48m2s y festej\u00f3 en la octava etapa. Segundo se ubic\u00f3 Pablo Quintanilla a una diferencia de 2m53s y tercero lleg\u00f3 Matthias Walkner a 4m11s. <\/mark>Mientras que cerraron el top five Ricky Brabec y Mason Klein.<\/p>\n<p><mark>Por el lado de los pilotos argentinos, Luciano Benavides fue el mejor al arribar en el s\u00e9ptimo puesto.<\/mark> A su vez, su hermano Kevin fue 13\u00b0 y Diego Noras culmin\u00f3 62.<\/p>\n<p>En el clasificador general, Sunderland est\u00e1 en lo m\u00e1s alto con 27h38m42s. Como escolta est\u00e1 Walkner a 3m45s y tercero aparece Adrian Van Beveren a una diferencia de 4m43s. <mark>Mientras que Kevin Benavides se posiciona 6\u00b0 a 14m47s y su hermano Luciano 14\u00b0.<\/mark><\/p>\n<p><mark>En Cuatriciclos, Alexander Giroud marc\u00f3 un tiempo de 5h2m8s y gan\u00f3 la etapa. Segundo se ubic\u00f3 Marcelo Medeiros a una diferencia de 48s y tercero lleg\u00f3 Copetti a una diferencia de 12m26s. <\/mark>Mientras que cerraron el top five Kamil Wisniewski y Francisco Moreno.<\/p>\n<p><mark>En la general, Giroud es el puntero con 34h41m2s y aventaja por 30m47s a Copetti y por 2h12m11s a Wisniewski.<\/mark> A su vez, Moreno est\u00e1 en la cuarta colocaci\u00f3n a una diferencia de 2h35m53s.<\/p>\n<div class=\"sp__SM\">\n<div class=\"content-new \">\n<span class=\"tit-mobile\">Mir\u00e1 tambi\u00e9n<\/span><\/p>\n<div class=\"mg\">\n<div class=\"wrap-figure\">\n<picture>\n<a href=\"https:\/\/www.ole.com.ar\/mundial\/mundial-qatar-202\/nasser-attiyah-mundial-qatar-argentin_0_symdlfVbb.html\" target=\"_self\" rel=\"noopener\"><br \/>\n<img class=\"img-responsive\" alt=\"Nasser Al-Attiyah: &quot;El Mundial estar\u00e1 entre Argentina, Francia e Italia&quot;\" src=\"http:\/\/cordobadirecto.com\/wp-content\/uploads\/2022\/01\/como-le-fue-a-los-argentinos-en-motos-y-quads-1.jpg\" loading=\"lazy\"><br \/>\n<\/a>\n<\/picture>\n<\/div>\n<\/div><\/div>\n<\/div>\n<p><mark>La novena etapa para los Motos y Cuatriciclos ser\u00e1 el martes y se disputar\u00e1 en Wadi Ad Dawasir<\/mark>, con 204 kil\u00f3metros de enlace y 287 de especial.<\/p>\n<div class=\"entry-tags\">\n<h2>TEMAS QUE APARECEN EN ESTA NOTA<\/h2>\n<\/p><\/div>\n","protected":false},"excerpt":{"rendered":"<p>Motos y Cuatriciclos disputaron este lunes la octava etapa del Dakar 2022 que uni\u00f3 Al Dawadimi con Wadi Ad Dawasir con 435 kil\u00f3metros de enlace y 395 de especial. En las dos ruedas, Luciano Benavides fue el mejor argentino al culminar 7\u00b0, mientras que entre los Quads, Pablo Copetti fue 3\u00b0. Mir\u00e1 tambi\u00e9n Entre las [&hellip;]<\/p>\n","protected":false},"author":1,"featured_media":38234,"comment_status":"closed","ping_status":"closed","sticky":false,"template":"","format":"standard","meta":[],"categories":[21],"tags":[],"_links":{"self":[{"href":"http:\/\/cordobadirecto.com\/index.php\/wp-json\/wp\/v2\/posts\/38233"}],"collection":[{"href":"http:\/\/cordobadirecto.com\/index.php\/wp-json\/wp\/v2\/posts"}],"about":[{"href":"http:\/\/cordobadirecto.com\/index.php\/wp-json\/wp\/v2\/types\/post"}],"author":[{"embeddable":true,"href":"http:\/\/cordobadirecto.com\/index.php\/wp-json\/wp\/v2\/users\/1"}],"replies":[{"embeddable":true,"href":"http:\/\/cordobadirecto.com\/index.php\/wp-json\/wp\/v2\/comments?post=38233"}],"version-history":[{"count":0,"href":"http:\/\/cordobadirecto.com\/index.php\/wp-json\/wp\/v2\/posts\/38233\/revisions"}],"wp:featuredmedia":[{"embeddable":true,"href":"http:\/\/cordobadirecto.com\/index.php\/wp-json\/wp\/v2\/media\/38234"}],"wp:attachment":[{"href":"http:\/\/cordobadirecto.com\/index.php\/wp-json\/wp\/v2\/media?parent=38233"}],"wp:term":[{"taxonomy":"category","embeddable":true,"href":"http:\/\/cordobadirecto.com\/index.php\/wp-json\/wp\/v2\/categories?post=38233"},{"taxonomy":"post_tag","embeddable":true,"href":"http:\/\/cordobadirecto.com\/index.php\/wp-json\/wp\/v2\/tags?post=38233"}],"curies":[{"name":"wp","href":"https:\/\/api.w.org\/{rel}","templated":true}]}}